{"id":40680,"date":"2023-10-23T09:49:55","date_gmt":"2023-10-23T12:49:55","guid":{"rendered":"http:\/\/dsrmedios.com.ar\/diario\/?p=40680"},"modified":"2023-10-23T10:32:28","modified_gmt":"2023-10-23T13:32:28","slug":"el-licenciado-javier-andres-obtuvo-la-reeleccion-por-404-votos","status":"publish","type":"post","link":"http:\/\/dsrmedios.com.ar\/diario\/archivos\/40680","title":{"rendered":"El licenciado Javier Andres obtuvo la reelecci\u00f3n por 404 votos"},"content":{"rendered":"\n<p>En Adolfo Alsina la elecci\u00f3n fue de las m\u00e1s re\u00f1idas de la historia, con una paridad que quedar\u00e1 demostrada en la conformaci\u00f3n del HCD. Los tres partidos que se presentaban llevar\u00e1n dos representantes cada uno, hecho que no ocurr\u00eda desde las legislativas de 2009.<\/p>\n\n\n\n<p>Aqui los resultados oficiales en cada localidad del distrito:<\/p>\n\n\n\n<p><\/p>\n\n\n\n<figure class=\"is-layout-flex wp-block-gallery-1 wp-block-gallery has-nested-images columns-default is-cropped\">\n<figure class=\"wp-block-image size-full\"><a href=\"http:\/\/dsrmedios.com.ar\/diario\/wp-content\/uploads\/2023\/10\/Elecciones-Generales-2023-Carhue-2.jpg\"><img decoding=\"async\" loading=\"lazy\" width=\"940\" height=\"576\" data-id=\"40721\"  src=\"http:\/\/dsrmedios.com.ar\/diario\/wp-content\/uploads\/2023\/10\/Elecciones-Generales-2023-Carhue-2.jpg\" alt=\"\" class=\"wp-image-40721\" srcset=\"http:\/\/dsrmedios.com.ar\/diario\/wp-content\/uploads\/2023\/10\/Elecciones-Generales-2023-Carhue-2.jpg 940w, http:\/\/dsrmedios.com.ar\/diario\/wp-content\/uploads\/2023\/10\/Elecciones-Generales-2023-Carhue-2-300x184.jpg 300w, http:\/\/dsrmedios.com.ar\/diario\/wp-content\/uploads\/2023\/10\/Elecciones-Generales-2023-Carhue-2-768x471.jpg 768w\" sizes=\"(max-width: 940px) 100vw, 940px\" \/><\/a><\/figure>\n\n\n\n<figure class=\"wp-block-image size-full\"><a href=\"http:\/\/dsrmedios.com.ar\/diario\/wp-content\/uploads\/2023\/10\/Elecciones-Generales-2023-Gascon-3.jpg\"><img decoding=\"async\" loading=\"lazy\" width=\"940\" height=\"576\" data-id=\"40723\"  src=\"http:\/\/dsrmedios.com.ar\/diario\/wp-content\/uploads\/2023\/10\/Elecciones-Generales-2023-Gascon-3.jpg\" alt=\"\" class=\"wp-image-40723\" srcset=\"http:\/\/dsrmedios.com.ar\/diario\/wp-content\/uploads\/2023\/10\/Elecciones-Generales-2023-Gascon-3.jpg 940w, http:\/\/dsrmedios.com.ar\/diario\/wp-content\/uploads\/2023\/10\/Elecciones-Generales-2023-Gascon-3-300x184.jpg 300w, http:\/\/dsrmedios.com.ar\/diario\/wp-content\/uploads\/2023\/10\/Elecciones-Generales-2023-Gascon-3-768x471.jpg 768w\" sizes=\"(max-width: 940px) 100vw, 940px\" \/><\/a><\/figure>\n\n\n\n<figure class=\"wp-block-image size-full\"><a href=\"http:\/\/dsrmedios.com.ar\/diario\/wp-content\/uploads\/2023\/10\/Elecciones-Generales-2023-Rivera-2.jpg\"><img decoding=\"async\" loading=\"lazy\" width=\"940\" height=\"576\" data-id=\"40725\"  src=\"http:\/\/dsrmedios.com.ar\/diario\/wp-content\/uploads\/2023\/10\/Elecciones-Generales-2023-Rivera-2.jpg\" alt=\"\" class=\"wp-image-40725\" srcset=\"http:\/\/dsrmedios.com.ar\/diario\/wp-content\/uploads\/2023\/10\/Elecciones-Generales-2023-Rivera-2.jpg 940w, http:\/\/dsrmedios.com.ar\/diario\/wp-content\/uploads\/2023\/10\/Elecciones-Generales-2023-Rivera-2-300x184.jpg 300w, http:\/\/dsrmedios.com.ar\/diario\/wp-content\/uploads\/2023\/10\/Elecciones-Generales-2023-Rivera-2-768x471.jpg 768w\" sizes=\"(max-width: 940px) 100vw, 940px\" \/><\/a><\/figure>\n\n\n\n<figure class=\"wp-block-image size-full\"><a href=\"http:\/\/dsrmedios.com.ar\/diario\/wp-content\/uploads\/2023\/10\/Elecciones-Generales-2023-SanMiguel-2.jpg\"><img decoding=\"async\" loading=\"lazy\" width=\"938\" height=\"576\" data-id=\"40724\"  src=\"http:\/\/dsrmedios.com.ar\/diario\/wp-content\/uploads\/2023\/10\/Elecciones-Generales-2023-SanMiguel-2.jpg\" alt=\"\" class=\"wp-image-40724\" srcset=\"http:\/\/dsrmedios.com.ar\/diario\/wp-content\/uploads\/2023\/10\/Elecciones-Generales-2023-SanMiguel-2.jpg 938w, http:\/\/dsrmedios.com.ar\/diario\/wp-content\/uploads\/2023\/10\/Elecciones-Generales-2023-SanMiguel-2-300x184.jpg 300w, http:\/\/dsrmedios.com.ar\/diario\/wp-content\/uploads\/2023\/10\/Elecciones-Generales-2023-SanMiguel-2-768x472.jpg 768w\" sizes=\"(max-width: 938px) 100vw, 938px\" \/><\/a><\/figure>\n\n\n\n<figure class=\"wp-block-image size-full\"><a href=\"http:\/\/dsrmedios.com.ar\/diario\/wp-content\/uploads\/2023\/10\/Elecciones-Generales-2023-VMaza-2.jpg\"><img decoding=\"async\" loading=\"lazy\" width=\"940\" height=\"576\" data-id=\"40722\"  src=\"http:\/\/dsrmedios.com.ar\/diario\/wp-content\/uploads\/2023\/10\/Elecciones-Generales-2023-VMaza-2.jpg\" alt=\"\" class=\"wp-image-40722\" srcset=\"http:\/\/dsrmedios.com.ar\/diario\/wp-content\/uploads\/2023\/10\/Elecciones-Generales-2023-VMaza-2.jpg 940w, http:\/\/dsrmedios.com.ar\/diario\/wp-content\/uploads\/2023\/10\/Elecciones-Generales-2023-VMaza-2-300x184.jpg 300w, http:\/\/dsrmedios.com.ar\/diario\/wp-content\/uploads\/2023\/10\/Elecciones-Generales-2023-VMaza-2-768x471.jpg 768w\" sizes=\"(max-width: 940px) 100vw, 940px\" \/><\/a><\/figure>\n<\/figure>\n","protected":false},"excerpt":{"rendered":"<div class=\"mh-excerpt\"><p>En Adolfo Alsina la elecci\u00f3n fue de las m\u00e1s re\u00f1idas de la historia, con una paridad que quedar\u00e1 demostrada en la conformaci\u00f3n del HCD. Los tres partidos que se presentaban llevar\u00e1n dos representantes cada uno, hecho que no ocurr\u00eda desde las legislativas de 2009. Aqui los resultados oficiales en cada localidad del distrito:<\/p>\n<\/div>","protected":false},"author":5,"featured_media":40700,"comment_status":"open","ping_status":"closed","sticky":false,"template":"","format":"standard","meta":{"_jetpack_newsletter_access":""},"categories":[18,31],"tags":[],"jetpack_featured_media_url":"http:\/\/dsrmedios.com.ar\/diario\/wp-content\/uploads\/2023\/10\/Elecciones-Generales-2023-AA-3.jpg","jetpack_sharing_enabled":true,"jetpack_shortlink":"https:\/\/wp.me\/p9fihK-aA8","_links":{"self":[{"href":"http:\/\/dsrmedios.com.ar\/diario\/wp-json\/wp\/v2\/posts\/40680"}],"collection":[{"href":"http:\/\/dsrmedios.com.ar\/diario\/wp-json\/wp\/v2\/posts"}],"about":[{"href":"http:\/\/dsrmedios.com.ar\/diario\/wp-json\/wp\/v2\/types\/post"}],"author":[{"embeddable":true,"href":"http:\/\/dsrmedios.com.ar\/diario\/wp-json\/wp\/v2\/users\/5"}],"replies":[{"embeddable":true,"href":"http:\/\/dsrmedios.com.ar\/diario\/wp-json\/wp\/v2\/comments?post=40680"}],"version-history":[{"count":4,"href":"http:\/\/dsrmedios.com.ar\/diario\/wp-json\/wp\/v2\/posts\/40680\/revisions"}],"predecessor-version":[{"id":40726,"href":"http:\/\/dsrmedios.com.ar\/diario\/wp-json\/wp\/v2\/posts\/40680\/revisions\/40726"}],"wp:featuredmedia":[{"embeddable":true,"href":"http:\/\/dsrmedios.com.ar\/diario\/wp-json\/wp\/v2\/media\/40700"}],"wp:attachment":[{"href":"http:\/\/dsrmedios.com.ar\/diario\/wp-json\/wp\/v2\/media?parent=40680"}],"wp:term":[{"taxonomy":"category","embeddable":true,"href":"http:\/\/dsrmedios.com.ar\/diario\/wp-json\/wp\/v2\/categories?post=40680"},{"taxonomy":"post_tag","embeddable":true,"href":"http:\/\/dsrmedios.com.ar\/diario\/wp-json\/wp\/v2\/tags?post=40680"}],"curies":[{"name":"wp","href":"https:\/\/api.w.org\/{rel}","templated":true}]}}