{"id":40674,"date":"2023-10-23T09:59:47","date_gmt":"2023-10-23T12:59:47","guid":{"rendered":"http:\/\/dsrmedios.com.ar\/diario\/?p=40674"},"modified":"2023-10-23T09:59:50","modified_gmt":"2023-10-23T12:59:50","slug":"asi-quedaran-compuestas-las-bancadas-en-diputados-y-el-senado-a-partir-del-10-de-diciembre","status":"publish","type":"post","link":"http:\/\/dsrmedios.com.ar\/diario\/archivos\/40674","title":{"rendered":"As\u00ed quedar\u00e1n compuestas las bancadas en Diputados y el Senado a partir del 10 de diciembre"},"content":{"rendered":"\n<p>El&nbsp;<strong>Congreso de la Naci\u00f3n<\/strong>&nbsp;defini\u00f3 este domingo la nueva composici\u00f3n que tendr\u00e1 a partir del&nbsp;<strong>10 de diciembre<\/strong>&nbsp;por los pr\u00f3ximos dos a\u00f1os. Se trataba de una compulsa clave para la gobernabilidad de la futura administraci\u00f3n que saldr\u00e1 del balotaje que se celebrar\u00e1 el 10 de noviembre entre&nbsp;<strong>Sergio Massa<\/strong>&nbsp;y&nbsp;<strong>Javier Milei.<\/strong><\/p>\n\n\n\n<p>Este domingo se renovaron&nbsp;<strong>130 de las 257 bancas de la C\u00e1mara de Diputados y 24 de los 72 senadores.<\/strong><\/p>\n\n\n\n<h2>Diputados<\/h2>\n\n\n\n<p>En la C\u00e1mara de Diputados, el oficialismo puso en juego el&nbsp;<strong>58%<\/strong>&nbsp;de su bancada (68 lugares de un total de 118).&nbsp;<strong>Logr\u00f3 renovar 58 de las bancas que pon\u00eda en juego&nbsp;<\/strong>y tendr\u00e1 a partir del 10 de diciembre una bancada de&nbsp;<strong>108 diputados.<\/strong><\/p>\n\n\n\n<p>Mientras tanto,&nbsp;<strong>Juntos por el Cambio disput\u00f3 el 47%<\/strong>&nbsp;(55 bancas de un total de 117) y tendr\u00e1 a partir de ahora una bancada de&nbsp;<strong>93 diputados, perdi\u00f3 24 esca\u00f1os.<\/strong><\/p>\n\n\n\n<figure class=\"wp-block-image\"><img decoding=\"async\" src=\"https:\/\/media.minutouno.com\/p\/77cdfcd7c11706ff01eecd5d3f19f93b\/adjuntos\/150\/imagenes\/041\/064\/0041064433\/610x0\/smart\/diputados.jpg\" alt=\"\" title=\"\"\/><\/figure>\n\n\n\n<p>La gran ganadora fue&nbsp;<strong>La Libertad Avanza<\/strong>&nbsp;que sum\u00f3&nbsp;<strong>35 nuevos bancas y tendr\u00e1 un bloque de 38 diputados.<\/strong><\/p>\n\n\n\n<p>El actual gobernador de C\u00f3rdoba,&nbsp;<strong>Juan Schiaretti,<\/strong>&nbsp;sum\u00f3<strong>&nbsp;4 diputados<\/strong>&nbsp;de \u201cHacemos por Nuestro Pa\u00eds\u201d y el \u201cFrente de Izquierda\u201d que encabeza&nbsp;<strong>Myriam Bregman<\/strong>&nbsp;tambi\u00e9n contar\u00e1 con&nbsp;<strong>5 legisladores en la c\u00e1mara Baja.<\/strong><\/p>\n\n\n\n<p>Con este panorama, ning\u00fan bloque tendr\u00eda mayor\u00eda por s\u00ed mismo para alcanzar el quorum de&nbsp;<strong>129 legisladores sin negociaci\u00f3n.<\/strong><\/p>\n\n\n\n<h2>Senado<\/h2>\n\n\n\n<p>La&nbsp;<strong>C\u00e1mara Alta<\/strong>&nbsp;renov\u00f3 en las urnas&nbsp;<strong>24 bancas,<\/strong>&nbsp;correspondientes a&nbsp;<strong>Buenos Aires, Formosa, Jujuy, La Rioja, Misiones, San Juan, San Luis y Santa Cruz<\/strong>. Los nuevos ingresantes ejercer\u00e1n el cargo por los pr\u00f3ximos seis a\u00f1os.<\/p>\n\n\n\n<p><strong>Uni\u00f3n por la Patria renovaba 9 bancas. Obtuvo 12 y suma en total 34<\/strong>&nbsp;a partir del 10 de diciembre.&nbsp;<strong>La Libertad Avanza -que hasta ahora no ten\u00eda ninguna- sum\u00f3 8 senadores<\/strong>. Finalmente,&nbsp;<strong>Juntos por el Cambio renovaba 12 bancas, perdi\u00f3 10 y qued\u00f3 con 24.<\/strong><\/p>\n\n\n\n<figure class=\"wp-block-image\"><img decoding=\"async\" src=\"https:\/\/media.minutouno.com\/p\/f8590e58f73650d7a309929645eb1a02\/adjuntos\/150\/imagenes\/041\/064\/0041064451\/610x0\/smart\/senadores.jpg\" alt=\"\" title=\"\"\/><\/figure>\n\n\n\n<p><\/p>\n\n\n\n<p>Fuente: Minutouno<\/p>\n","protected":false},"excerpt":{"rendered":"<div class=\"mh-excerpt\"><p>El&nbsp;Congreso de la Naci\u00f3n&nbsp;defini\u00f3 este domingo la nueva composici\u00f3n que tendr\u00e1 a partir del&nbsp;10 de diciembre&nbsp;por los pr\u00f3ximos dos a\u00f1os. Se trataba de una compulsa clave para la gobernabilidad de la futura administraci\u00f3n que saldr\u00e1 del balotaje que se celebrar\u00e1 el 10 de noviembre entre&nbsp;Sergio Massa&nbsp;y&nbsp;Javier Milei. Este domingo se renovaron&nbsp;130 de las 257 bancas de la C\u00e1mara de Diputados y 24 de los 72 senadores. Diputados En la C\u00e1mara de Diputados, el oficialismo puso en juego el&nbsp;58%&nbsp;de su bancada (68 lugares de un total de 118).&nbsp;Logr\u00f3 renovar 58 de las bancas que pon\u00eda en juego&nbsp;y tendr\u00e1 a partir del <a class=\"mh-excerpt-more\" href=\"http:\/\/dsrmedios.com.ar\/diario\/archivos\/40674\" title=\"As\u00ed quedar\u00e1n compuestas las bancadas en Diputados y el Senado a partir del 10 de diciembre\">[Leer m\u00e1s]<\/a><\/p>\n<\/div>","protected":false},"author":8,"featured_media":16016,"comment_status":"open","ping_status":"closed","sticky":false,"template":"","format":"standard","meta":{"_jetpack_newsletter_access":""},"categories":[6],"tags":[],"jetpack_featured_media_url":"http:\/\/dsrmedios.com.ar\/diario\/wp-content\/uploads\/2019\/11\/senado-provincia.jpg","jetpack_sharing_enabled":true,"jetpack_shortlink":"https:\/\/wp.me\/p9fihK-aA2","_links":{"self":[{"href":"http:\/\/dsrmedios.com.ar\/diario\/wp-json\/wp\/v2\/posts\/40674"}],"collection":[{"href":"http:\/\/dsrmedios.com.ar\/diario\/wp-json\/wp\/v2\/posts"}],"about":[{"href":"http:\/\/dsrmedios.com.ar\/diario\/wp-json\/wp\/v2\/types\/post"}],"author":[{"embeddable":true,"href":"http:\/\/dsrmedios.com.ar\/diario\/wp-json\/wp\/v2\/users\/8"}],"replies":[{"embeddable":true,"href":"http:\/\/dsrmedios.com.ar\/diario\/wp-json\/wp\/v2\/comments?post=40674"}],"version-history":[{"count":1,"href":"http:\/\/dsrmedios.com.ar\/diario\/wp-json\/wp\/v2\/posts\/40674\/revisions"}],"predecessor-version":[{"id":40703,"href":"http:\/\/dsrmedios.com.ar\/diario\/wp-json\/wp\/v2\/posts\/40674\/revisions\/40703"}],"wp:featuredmedia":[{"embeddable":true,"href":"http:\/\/dsrmedios.com.ar\/diario\/wp-json\/wp\/v2\/media\/16016"}],"wp:attachment":[{"href":"http:\/\/dsrmedios.com.ar\/diario\/wp-json\/wp\/v2\/media?parent=40674"}],"wp:term":[{"taxonomy":"category","embeddable":true,"href":"http:\/\/dsrmedios.com.ar\/diario\/wp-json\/wp\/v2\/categories?post=40674"},{"taxonomy":"post_tag","embeddable":true,"href":"http:\/\/dsrmedios.com.ar\/diario\/wp-json\/wp\/v2\/tags?post=40674"}],"curies":[{"name":"wp","href":"https:\/\/api.w.org\/{rel}","templated":true}]}}