{"id":40669,"date":"2023-10-22T18:17:15","date_gmt":"2023-10-22T21:17:15","guid":{"rendered":"http:\/\/dsrmedios.com.ar\/diario\/?p=40669"},"modified":"2023-10-22T18:17:18","modified_gmt":"2023-10-22T21:17:18","slug":"iban-de-trenque-lauquen-a-salliquelo-y-despistaron-cerca-de-30-de-agosto-en-medio-de-una-intensa-lluvia","status":"publish","type":"post","link":"http:\/\/dsrmedios.com.ar\/diario\/archivos\/40669","title":{"rendered":"IBAN DE TRENQUE LAUQUEN A SALLIQUEL\u00d3 Y DESPISTARON CERCA DE 30 DE AGOSTO EN MEDIO DE UNA INTENSA LLUVIA"},"content":{"rendered":"\n<p>\u201cEn el kil\u00f3metro 296 de la ruta 33 en el medio d\u00eda de este s\u00e1bado se registr\u00f3 un vuelco de un veh\u00edculo marca Toyota modelo Etios que se despist\u00f3 de la cinta asf\u00e1ltica en medio de una fuerte lluvia, cuando transitaba desde Trenque Lauquen hacia Salliquel\u00f3, su ciudad de origen\u201d, informaron desde F\u00e9nix Audiovisual.<\/p>\n\n\n<div class=\"wp-block-image\">\n<figure class=\"alignright\"><img decoding=\"async\" src=\"https:\/\/datatrenque.com.ar\/wp-content\/uploads\/2023\/10\/vuelco-1-300x195.jpg\" alt=\"\" class=\"wp-image-55257\"\/><\/figure><\/div>\n\n\n<p>De acuerdo a las primeras informaciones, los cuatro ocupantes oriundos de la ciudad de Salliquel\u00f3 resultaron ilesos, debiendo lamentar solo p\u00e9rdidas materiales.<\/p>\n\n\n\n<p>En el lugar, actuaron los Bomberos Voluntarios 30 de Agosto, personal m\u00e9dico del Hospital Eguiguren de 30 de Agosto y personal policial de la Comisar\u00eda Segunda.<\/p>\n\n\n<div class=\"wp-block-image\">\n<figure class=\"alignright\"><img decoding=\"async\" src=\"https:\/\/datatrenque.com.ar\/wp-content\/uploads\/2023\/10\/vuelco-2-300x200.jpg\" alt=\"\" class=\"wp-image-55256\"\/><\/figure><\/div>\n\n\n<p>\u201cTrascendi\u00f3 que tres de los ocupantes ser\u00edan pacientes que concurren a la ciudad de Trenque Lauquen por cuestiones de salud\u201d, se ampli\u00f3.<\/p>\n\n\n\n<p><\/p>\n\n\n\n<p>FUENTE: datatrenque<\/p>\n","protected":false},"excerpt":{"rendered":"<div class=\"mh-excerpt\"><p>\u201cEn el kil\u00f3metro 296 de la ruta 33 en el medio d\u00eda de este s\u00e1bado se registr\u00f3 un vuelco de un veh\u00edculo marca Toyota modelo Etios que se despist\u00f3 de la cinta asf\u00e1ltica en medio de una fuerte lluvia, cuando transitaba desde Trenque Lauquen hacia Salliquel\u00f3, su ciudad de origen\u201d, informaron desde F\u00e9nix Audiovisual. De acuerdo a las primeras informaciones, los cuatro ocupantes oriundos de la ciudad de Salliquel\u00f3 resultaron ilesos, debiendo lamentar solo p\u00e9rdidas materiales. En el lugar, actuaron los Bomberos Voluntarios 30 de Agosto, personal m\u00e9dico del Hospital Eguiguren de 30 de Agosto y personal policial de la <a class=\"mh-excerpt-more\" href=\"http:\/\/dsrmedios.com.ar\/diario\/archivos\/40669\" title=\"IBAN DE TRENQUE LAUQUEN A SALLIQUEL\u00d3 Y DESPISTARON CERCA DE 30 DE AGOSTO EN MEDIO DE UNA INTENSA LLUVIA\">[Leer m\u00e1s]<\/a><\/p>\n<\/div>","protected":false},"author":8,"featured_media":40670,"comment_status":"open","ping_status":"closed","sticky":false,"template":"","format":"standard","meta":{"_jetpack_newsletter_access":""},"categories":[8],"tags":[],"jetpack_featured_media_url":"http:\/\/dsrmedios.com.ar\/diario\/wp-content\/uploads\/2023\/10\/vuelco-1-300x195-1.jpg","jetpack_sharing_enabled":true,"jetpack_shortlink":"https:\/\/wp.me\/p9fihK-azX","_links":{"self":[{"href":"http:\/\/dsrmedios.com.ar\/diario\/wp-json\/wp\/v2\/posts\/40669"}],"collection":[{"href":"http:\/\/dsrmedios.com.ar\/diario\/wp-json\/wp\/v2\/posts"}],"about":[{"href":"http:\/\/dsrmedios.com.ar\/diario\/wp-json\/wp\/v2\/types\/post"}],"author":[{"embeddable":true,"href":"http:\/\/dsrmedios.com.ar\/diario\/wp-json\/wp\/v2\/users\/8"}],"replies":[{"embeddable":true,"href":"http:\/\/dsrmedios.com.ar\/diario\/wp-json\/wp\/v2\/comments?post=40669"}],"version-history":[{"count":1,"href":"http:\/\/dsrmedios.com.ar\/diario\/wp-json\/wp\/v2\/posts\/40669\/revisions"}],"predecessor-version":[{"id":40671,"href":"http:\/\/dsrmedios.com.ar\/diario\/wp-json\/wp\/v2\/posts\/40669\/revisions\/40671"}],"wp:featuredmedia":[{"embeddable":true,"href":"http:\/\/dsrmedios.com.ar\/diario\/wp-json\/wp\/v2\/media\/40670"}],"wp:attachment":[{"href":"http:\/\/dsrmedios.com.ar\/diario\/wp-json\/wp\/v2\/media?parent=40669"}],"wp:term":[{"taxonomy":"category","embeddable":true,"href":"http:\/\/dsrmedios.com.ar\/diario\/wp-json\/wp\/v2\/categories?post=40669"},{"taxonomy":"post_tag","embeddable":true,"href":"http:\/\/dsrmedios.com.ar\/diario\/wp-json\/wp\/v2\/tags?post=40669"}],"curies":[{"name":"wp","href":"https:\/\/api.w.org\/{rel}","templated":true}]}}