{"id":40653,"date":"2023-10-20T22:42:44","date_gmt":"2023-10-21T01:42:44","guid":{"rendered":"http:\/\/dsrmedios.com.ar\/diario\/?p=40653"},"modified":"2023-10-20T22:42:47","modified_gmt":"2023-10-21T01:42:47","slug":"carhue-se-suspende-la-caminata-solidaria-por-pronostico-de-lluvia","status":"publish","type":"post","link":"http:\/\/dsrmedios.com.ar\/diario\/archivos\/40653","title":{"rendered":"<strong>Carhu\u00e9: se suspende la\u00a0Caminata Solidaria p<\/strong>or pron\u00f3stico de lluvia"},"content":{"rendered":"\n<h1>La Caminata Solidaria por la prevenci\u00f3n del C\u00e1ncer de Mama programada en Carhu\u00e9 para el s\u00e1bado 21 de octubre a las 16 hs. se suspende por pron\u00f3stico de lluvia.<\/h1>\n\n\n\n<p>Se realizar\u00e1 la jornada de Zumba en Casa de la Cultura, Mitre y Urquiza de Carhu\u00e9, a las 16 hs., organizada en el marco<strong>&nbsp;<\/strong>del D\u00eda Internacional de Lucha contra el C\u00e1ncer de Mama por la Secretar\u00eda de Salud de la Municipalidad de Adolfo Alsina.<br><br>Dicha iniciativa,&nbsp;que cont\u00f3 y cuenta con otras actividades,&nbsp;busca crear conciencia y promover que cada vez m\u00e1s mujeres accedan a controles, diagn\u00f3sticos y tratamientos oportunos y efectivos.<br><br><strong><\/strong><strong>Cronograma&nbsp;<\/strong><strong><\/strong><strong>en Rivera, Villa Maza, San Miguel y Gasc\u00f3n<\/strong><br><br><strong>Rivera:&nbsp;<\/strong>hoy, la jornada&nbsp;dar\u00e1&nbsp;inicio a las 17:00 con partida desde el Hospital Dr. No\u00e9&nbsp;Yarcho.<br><br><strong>Villa Maza:<\/strong>&nbsp;largada desde la Plaza Roca&nbsp;a&nbsp;las 16:00 del pr\u00f3ximo s\u00e1bado 21 de octubre. S\u00e1bado 16 hs. Reservado del Club Sarmiento&nbsp;Zumba.<br><br><strong>San Miguel:<\/strong>&nbsp;inicio de la caminata el&nbsp;lunes 23 de octubre en la Delegaci\u00f3n Municipal&nbsp;a las 16 hs.&nbsp;Tambi\u00e9n habr\u00e1 jornada de Zumba.<\/p>\n\n\n\n<p><strong>Gasc\u00f3n:<\/strong>&nbsp;inicio de la caminata y posterior meditaci\u00f3n al aire libre<strong>&nbsp;<\/strong>el lunes 23 de octubre en el Parque de la Estaci\u00f3n a las 13:30 hs.<\/p>\n","protected":false},"excerpt":{"rendered":"<div class=\"mh-excerpt\"><p>La Caminata Solidaria por la prevenci\u00f3n del C\u00e1ncer de Mama programada en Carhu\u00e9 para el s\u00e1bado 21 de octubre a las 16 hs. se suspende por pron\u00f3stico de lluvia. Se realizar\u00e1 la jornada de Zumba en Casa de la Cultura, Mitre y Urquiza de Carhu\u00e9, a las 16 hs., organizada en el marco&nbsp;del D\u00eda Internacional de Lucha contra el C\u00e1ncer de Mama por la Secretar\u00eda de Salud de la Municipalidad de Adolfo Alsina. Dicha iniciativa,&nbsp;que cont\u00f3 y cuenta con otras actividades,&nbsp;busca crear conciencia y promover que cada vez m\u00e1s mujeres accedan a controles, diagn\u00f3sticos y tratamientos oportunos y efectivos. Cronograma&nbsp;en <a class=\"mh-excerpt-more\" href=\"http:\/\/dsrmedios.com.ar\/diario\/archivos\/40653\" title=\"Carhu\u00e9: se suspende la\u00a0Caminata Solidaria por pron\u00f3stico de lluvia\">[Leer m\u00e1s]<\/a><\/p>\n<\/div>","protected":false},"author":8,"featured_media":40655,"comment_status":"open","ping_status":"closed","sticky":false,"template":"","format":"standard","meta":{"_jetpack_newsletter_access":""},"categories":[18,31,5],"tags":[],"jetpack_featured_media_url":"http:\/\/dsrmedios.com.ar\/diario\/wp-content\/uploads\/2023\/10\/WhatsApp-Image-2023-10-20-at-09.14.59.jpeg","jetpack_sharing_enabled":true,"jetpack_shortlink":"https:\/\/wp.me\/p9fihK-azH","_links":{"self":[{"href":"http:\/\/dsrmedios.com.ar\/diario\/wp-json\/wp\/v2\/posts\/40653"}],"collection":[{"href":"http:\/\/dsrmedios.com.ar\/diario\/wp-json\/wp\/v2\/posts"}],"about":[{"href":"http:\/\/dsrmedios.com.ar\/diario\/wp-json\/wp\/v2\/types\/post"}],"author":[{"embeddable":true,"href":"http:\/\/dsrmedios.com.ar\/diario\/wp-json\/wp\/v2\/users\/8"}],"replies":[{"embeddable":true,"href":"http:\/\/dsrmedios.com.ar\/diario\/wp-json\/wp\/v2\/comments?post=40653"}],"version-history":[{"count":1,"href":"http:\/\/dsrmedios.com.ar\/diario\/wp-json\/wp\/v2\/posts\/40653\/revisions"}],"predecessor-version":[{"id":40656,"href":"http:\/\/dsrmedios.com.ar\/diario\/wp-json\/wp\/v2\/posts\/40653\/revisions\/40656"}],"wp:featuredmedia":[{"embeddable":true,"href":"http:\/\/dsrmedios.com.ar\/diario\/wp-json\/wp\/v2\/media\/40655"}],"wp:attachment":[{"href":"http:\/\/dsrmedios.com.ar\/diario\/wp-json\/wp\/v2\/media?parent=40653"}],"wp:term":[{"taxonomy":"category","embeddable":true,"href":"http:\/\/dsrmedios.com.ar\/diario\/wp-json\/wp\/v2\/categories?post=40653"},{"taxonomy":"post_tag","embeddable":true,"href":"http:\/\/dsrmedios.com.ar\/diario\/wp-json\/wp\/v2\/tags?post=40653"}],"curies":[{"name":"wp","href":"https:\/\/api.w.org\/{rel}","templated":true}]}}