{"id":40647,"date":"2023-10-19T15:21:43","date_gmt":"2023-10-19T18:21:43","guid":{"rendered":"http:\/\/dsrmedios.com.ar\/diario\/?p=40647"},"modified":"2023-10-19T15:22:38","modified_gmt":"2023-10-19T18:22:38","slug":"carhue-registro-un-94-de-ocupacion-durante-el-finde-xxl","status":"publish","type":"post","link":"http:\/\/dsrmedios.com.ar\/diario\/archivos\/40647","title":{"rendered":"Carhu\u00e9 registr\u00f3 un 94% de ocupaci\u00f3n durante el finde XXL"},"content":{"rendered":"\n<h3>Con temperaturas agradables y una gran variedad de propuestas organizadas desde el Municipio, Carhu\u00e9 fue elegido nuevamente por Turistas y excursionistas de todo el pa\u00eds para pasar el fin de Semana XXL m\u00e1s importante del a\u00f1o. Se registr\u00f3 una ocupaci\u00f3n del 94% del total de la oferta disponible de alojamientos. &nbsp;<br><br>El movimiento tur\u00edstico que se dio del 13 al 16 de octubre fue acompa\u00f1ado con un trabajo en conjunto desde las Secretarias de Cultura y Turismo de la Municipalidad de Adolfo Alsina.<br><br>Turistas disfrutaron de la Naturaleza con las salidas de Observaci\u00f3n de Aves, el Lago Epecu\u00e9n y el paseo del Molle. Como as\u00ed tambi\u00e9n la \u201cVisita con Historia\u201d a Rivera, que cada fin de semana largo sigue siendo elegido como uno de los atractivos m\u00e1s singulares, disfrutando de la historia del pueblo jud\u00edo y sus sabores, adem\u00e1s de conocer las bondades de la localidad.&nbsp;<br><br>Un p\u00e1rrafo aparte merece la nueva propuesta surgida para esta ocasi\u00f3n que fue \u201cEpecu\u00e9n de Noche\u201d, esta actividad tuvo el acompa\u00f1amiento de decenas de turistas, que de la mano de la Guarda Parque local y ex habitante de Epecu\u00e9n Viviana Castro disfrutaron de una hermosa experiencia memorable no solo descubriendo la historia de Villa Epecu\u00e9n, sino tambi\u00e9n disfrutando de sus cielos l\u00edmpidos, cada vez m\u00e1s elegidos para aquellos amantes de la Astro Fotograf\u00eda.<br><br>Adem\u00e1s para esta importante fecha del calendario, el Lago&nbsp;se convirti\u00f3 en el escenario de una iniciativa art\u00edstica revolucionaria a cargo de Residencia Epecu\u00e9n. Un grupo de artistas de Argentina, entre los que se encontraba la artista carhuense Sof\u00eda Gonz\u00e1lez, &nbsp;y el mundo que transformaron las Ruinas de Epecu\u00e9n y el Matadero en un espect\u00e1culo de Proyecciones &nbsp;y Arte al Aire Libre.&nbsp;<\/h3>\n","protected":false},"excerpt":{"rendered":"<div class=\"mh-excerpt\"><p>Con temperaturas agradables y una gran variedad de propuestas organizadas desde el Municipio, Carhu\u00e9 fue elegido nuevamente por Turistas y excursionistas de todo el pa\u00eds para pasar el fin de Semana XXL m\u00e1s importante del a\u00f1o. Se registr\u00f3 una ocupaci\u00f3n del 94% del total de la oferta disponible de alojamientos. &nbsp; El movimiento tur\u00edstico que se dio del 13 al 16 de octubre fue acompa\u00f1ado con un trabajo en conjunto desde las Secretarias de Cultura y Turismo de la Municipalidad de Adolfo Alsina. Turistas disfrutaron de la Naturaleza con las salidas de Observaci\u00f3n de Aves, el Lago Epecu\u00e9n y el <a class=\"mh-excerpt-more\" href=\"http:\/\/dsrmedios.com.ar\/diario\/archivos\/40647\" title=\"Carhu\u00e9 registr\u00f3 un 94% de ocupaci\u00f3n durante el finde XXL\">[Leer m\u00e1s]<\/a><\/p>\n<\/div>","protected":false},"author":8,"featured_media":40649,"comment_status":"open","ping_status":"closed","sticky":false,"template":"","format":"standard","meta":{"_jetpack_newsletter_access":""},"categories":[18,31,5],"tags":[],"jetpack_featured_media_url":"http:\/\/dsrmedios.com.ar\/diario\/wp-content\/uploads\/2023\/10\/95b4527d-788d-91fc-0c90-96c60bc7b4e7.jpg","jetpack_sharing_enabled":true,"jetpack_shortlink":"https:\/\/wp.me\/p9fihK-azB","_links":{"self":[{"href":"http:\/\/dsrmedios.com.ar\/diario\/wp-json\/wp\/v2\/posts\/40647"}],"collection":[{"href":"http:\/\/dsrmedios.com.ar\/diario\/wp-json\/wp\/v2\/posts"}],"about":[{"href":"http:\/\/dsrmedios.com.ar\/diario\/wp-json\/wp\/v2\/types\/post"}],"author":[{"embeddable":true,"href":"http:\/\/dsrmedios.com.ar\/diario\/wp-json\/wp\/v2\/users\/8"}],"replies":[{"embeddable":true,"href":"http:\/\/dsrmedios.com.ar\/diario\/wp-json\/wp\/v2\/comments?post=40647"}],"version-history":[{"count":2,"href":"http:\/\/dsrmedios.com.ar\/diario\/wp-json\/wp\/v2\/posts\/40647\/revisions"}],"predecessor-version":[{"id":40651,"href":"http:\/\/dsrmedios.com.ar\/diario\/wp-json\/wp\/v2\/posts\/40647\/revisions\/40651"}],"wp:featuredmedia":[{"embeddable":true,"href":"http:\/\/dsrmedios.com.ar\/diario\/wp-json\/wp\/v2\/media\/40649"}],"wp:attachment":[{"href":"http:\/\/dsrmedios.com.ar\/diario\/wp-json\/wp\/v2\/media?parent=40647"}],"wp:term":[{"taxonomy":"category","embeddable":true,"href":"http:\/\/dsrmedios.com.ar\/diario\/wp-json\/wp\/v2\/categories?post=40647"},{"taxonomy":"post_tag","embeddable":true,"href":"http:\/\/dsrmedios.com.ar\/diario\/wp-json\/wp\/v2\/tags?post=40647"}],"curies":[{"name":"wp","href":"https:\/\/api.w.org\/{rel}","templated":true}]}}