{"id":40640,"date":"2023-10-19T15:20:03","date_gmt":"2023-10-19T18:20:03","guid":{"rendered":"http:\/\/dsrmedios.com.ar\/diario\/?p=40640"},"modified":"2023-10-19T15:22:51","modified_gmt":"2023-10-19T18:22:51","slug":"inclusion-laboral-de-personas-con-discapacidad-en-adolfo-alsina","status":"publish","type":"post","link":"http:\/\/dsrmedios.com.ar\/diario\/archivos\/40640","title":{"rendered":"Inclusi\u00f3n laboral de personas con discapacidad en Adolfo Alsina"},"content":{"rendered":"\n<h3>La Municipalidad de Adolfo Alsina a trav\u00e9s de la Direcci\u00f3n de Inclusi\u00f3n, G\u00e9nero y Diversidad logr\u00f3 acuerdos con La Mutual y la Cooperativa Agr\u00edcola para que incorporen personas con discapacidad a sus equipos de trabajo.&nbsp;<br>\u201cVamos a seguir trabajando para acompa\u00f1ar al sector privado para que se animen a incorporar personas con discapacidad, seg\u00fan sus necesidades y perfiles requeridos\u201d indic\u00f3 Nerina Carola, Directora del \u00e1rea.&nbsp;<br>La inclusi\u00f3n laboral de las personas con discapacidad &nbsp;es fundamental y exige la coordinaci\u00f3n de esfuerzos de varios actores, &nbsp;tanto el sector p\u00fablico como el privado y no solo de una parte de la sociedad se deber\u00eda hacer un trabajo conjunto de promoci\u00f3n, dise\u00f1o e implementaci\u00f3n de pol\u00edticas p\u00fablicas, campa\u00f1as de concientizaci\u00f3n, &nbsp;y formaci\u00f3n en las empresas, crear conciencia y as\u00ed poder ayudar y acompa\u00f1ar a quienes la padecen.<br>Es fundamental promover proactivamente la igualdad en el trabajo, si bien no existe una definici\u00f3n universal de que es la Inclusi\u00f3n, la definici\u00f3n de Inclusi\u00f3n, parte de la existencia de la diversidad.<\/h3>\n","protected":false},"excerpt":{"rendered":"<div class=\"mh-excerpt\"><p>La Municipalidad de Adolfo Alsina a trav\u00e9s de la Direcci\u00f3n de Inclusi\u00f3n, G\u00e9nero y Diversidad logr\u00f3 acuerdos con La Mutual y la Cooperativa Agr\u00edcola para que incorporen personas con discapacidad a sus equipos de trabajo.&nbsp;\u201cVamos a seguir trabajando para acompa\u00f1ar al sector privado para que se animen a incorporar personas con discapacidad, seg\u00fan sus necesidades y perfiles requeridos\u201d indic\u00f3 Nerina Carola, Directora del \u00e1rea.&nbsp;La inclusi\u00f3n laboral de las personas con discapacidad &nbsp;es fundamental y exige la coordinaci\u00f3n de esfuerzos de varios actores, &nbsp;tanto el sector p\u00fablico como el privado y no solo de una parte de la sociedad se deber\u00eda <a class=\"mh-excerpt-more\" href=\"http:\/\/dsrmedios.com.ar\/diario\/archivos\/40640\" title=\"Inclusi\u00f3n laboral de personas con discapacidad en Adolfo Alsina\">[Leer m\u00e1s]<\/a><\/p>\n<\/div>","protected":false},"author":8,"featured_media":40645,"comment_status":"open","ping_status":"closed","sticky":false,"template":"","format":"standard","meta":{"_jetpack_newsletter_access":""},"categories":[18,31,5],"tags":[],"jetpack_featured_media_url":"http:\/\/dsrmedios.com.ar\/diario\/wp-content\/uploads\/2023\/10\/2ca9b311-7f46-35ff-5209-af987d1b2034.jpeg","jetpack_sharing_enabled":true,"jetpack_shortlink":"https:\/\/wp.me\/p9fihK-azu","_links":{"self":[{"href":"http:\/\/dsrmedios.com.ar\/diario\/wp-json\/wp\/v2\/posts\/40640"}],"collection":[{"href":"http:\/\/dsrmedios.com.ar\/diario\/wp-json\/wp\/v2\/posts"}],"about":[{"href":"http:\/\/dsrmedios.com.ar\/diario\/wp-json\/wp\/v2\/types\/post"}],"author":[{"embeddable":true,"href":"http:\/\/dsrmedios.com.ar\/diario\/wp-json\/wp\/v2\/users\/8"}],"replies":[{"embeddable":true,"href":"http:\/\/dsrmedios.com.ar\/diario\/wp-json\/wp\/v2\/comments?post=40640"}],"version-history":[{"count":2,"href":"http:\/\/dsrmedios.com.ar\/diario\/wp-json\/wp\/v2\/posts\/40640\/revisions"}],"predecessor-version":[{"id":40652,"href":"http:\/\/dsrmedios.com.ar\/diario\/wp-json\/wp\/v2\/posts\/40640\/revisions\/40652"}],"wp:featuredmedia":[{"embeddable":true,"href":"http:\/\/dsrmedios.com.ar\/diario\/wp-json\/wp\/v2\/media\/40645"}],"wp:attachment":[{"href":"http:\/\/dsrmedios.com.ar\/diario\/wp-json\/wp\/v2\/media?parent=40640"}],"wp:term":[{"taxonomy":"category","embeddable":true,"href":"http:\/\/dsrmedios.com.ar\/diario\/wp-json\/wp\/v2\/categories?post=40640"},{"taxonomy":"post_tag","embeddable":true,"href":"http:\/\/dsrmedios.com.ar\/diario\/wp-json\/wp\/v2\/tags?post=40640"}],"curies":[{"name":"wp","href":"https:\/\/api.w.org\/{rel}","templated":true}]}}