{"id":40637,"date":"2023-10-19T15:09:57","date_gmt":"2023-10-19T18:09:57","guid":{"rendered":"http:\/\/dsrmedios.com.ar\/diario\/?p=40637"},"modified":"2023-10-19T15:10:00","modified_gmt":"2023-10-19T18:10:00","slug":"estados-unidos-emitio-una-alerta-global-por-posibles-ataques-terroristas-los-detalles","status":"publish","type":"post","link":"http:\/\/dsrmedios.com.ar\/diario\/archivos\/40637","title":{"rendered":"Estados Unidos emiti\u00f3 una alerta global por posibles ataques terroristas: los detalles"},"content":{"rendered":"\n<p>El Departamento de Estados norteamericano emiti\u00f3 en la tarde de hoy&nbsp;<strong>una alerta global&nbsp;<\/strong>debido al \u201caumento de las tensiones en distintas localidades alrededor del mundo,&nbsp;<strong>potenciales ataques terroristas<\/strong>&nbsp;y demostraciones o actos violentos contra ciudadanos norteamericanos\u201d.<\/p>\n\n\n\n<p><\/p>\n\n\n\n<p>Por este contexto, Estados Unidos le pide a sus ciudadanos alrededor del mundo que aumenten los recaudos al circular por \u201clugares frecuentados por turistas\u201d y pide que se registren para recibir informaci\u00f3n segura de cada sitio al que viajar\u00e1n.<\/p>\n\n\n\n<p>Esta alerta norteamericana va en l\u00ednea con una creciente ola de violencia y tensi\u00f3n que se vivi\u00f3 en todo el mundo tras el inicio de la guerra en Israel.<\/p>\n\n\n\n<figure class=\"wp-block-image\"><img decoding=\"async\" src=\"https:\/\/tn.com.ar\/resizer\/Cei6Bo9cryN4G9FsBAAuf0t4WjA=\/767x0\/smart\/filters:format(webp)\/cloudfront-us-east-1.images.arcpublishing.com\/artear\/BUMMONTIGVKXMRKKLNVRTVASHI.jpg\" alt=\"Estados Unidos reforz\u00f3 la seguridad de sus embajadas alrededor del mundo. (Foto: AP\/V\u00edctor R. Caivano)\"\/><figcaption class=\"wp-element-caption\">Estados Unidos reforz\u00f3 la seguridad de sus embajadas alrededor del mundo. (Foto: AP\/V\u00edctor R. Caivano)Por:&nbsp;<strong>AP<\/strong><\/figcaption><\/figure>\n\n\n\n<p>Particularmente en Medio Oriente&nbsp;<a href=\"https:\/\/tn.com.ar\/policiales\/2023\/10\/19\/detuvieron-a-un-joven-por-las-amenazas-de-bomba-contra-las-embajadas-de-israel-y-estados-unidos\/\" target=\"_blank\" rel=\"noreferrer noopener\"><strong>hubo ataques contra los edificios<\/strong><\/a><strong>&nbsp;diplom\u00e1ticos<\/strong>&nbsp;de Estados Unidos, Israel y Francia, lo que oblig\u00f3 a estos pa\u00edses a planificar hasta planes de evacuaci\u00f3n de sus empleados.<\/p>\n\n\n\n<p>El comunicado del Departamento de Estado, encabezado por Antony Blinken, lleg\u00f3 menos de un d\u00eda despu\u00e9s de que el presidente&nbsp;<strong>Joe Biden visitar\u00e1 Israel para reunirse con su par Benjamin Netanyahu.<\/strong><\/p>\n\n\n\n<p>El encuentro estuvo marcado por la creciente tensi\u00f3n en Israel y Hamas producto de la explosi\u00f3n en un hospital de la Franja de Gaza&nbsp;<strong>que dej\u00f3 centenares de v\u00edctimas, seg\u00fan el grupo<\/strong>&nbsp;considerado terrorista por Estados Unidos.<\/p>\n\n\n\n<p>Aunque el comunicado oficial norteamericano apunte a sus propios ciudadanos,&nbsp;<strong>el resto de los pa\u00edses occidentales tomaron nota&nbsp;<\/strong>del aviso difundido por Washington en la tarde de hoy.<\/p>\n\n\n\n<p>Los l\u00edderes globales consideran que es importante que Israel no avance sobre la Franja de Gaza\u00a0<strong>para no aumentar la cantidad de civiles palestinos muertos<\/strong>\u00a0y no se profundice la divisi\u00f3n social y religiosa que qued\u00f3 en evidencia en la \u00faltima semana.<\/p>\n\n\n\n<p>fuente: tn<\/p>\n","protected":false},"excerpt":{"rendered":"<div class=\"mh-excerpt\"><p>El Departamento de Estados norteamericano emiti\u00f3 en la tarde de hoy&nbsp;una alerta global&nbsp;debido al \u201caumento de las tensiones en distintas localidades alrededor del mundo,&nbsp;potenciales ataques terroristas&nbsp;y demostraciones o actos violentos contra ciudadanos norteamericanos\u201d. Por este contexto, Estados Unidos le pide a sus ciudadanos alrededor del mundo que aumenten los recaudos al circular por \u201clugares frecuentados por turistas\u201d y pide que se registren para recibir informaci\u00f3n segura de cada sitio al que viajar\u00e1n. Esta alerta norteamericana va en l\u00ednea con una creciente ola de violencia y tensi\u00f3n que se vivi\u00f3 en todo el mundo tras el inicio de la guerra en <a class=\"mh-excerpt-more\" href=\"http:\/\/dsrmedios.com.ar\/diario\/archivos\/40637\" title=\"Estados Unidos emiti\u00f3 una alerta global por posibles ataques terroristas: los detalles\">[Leer m\u00e1s]<\/a><\/p>\n<\/div>","protected":false},"author":8,"featured_media":40638,"comment_status":"open","ping_status":"closed","sticky":false,"template":"","format":"standard","meta":{"_jetpack_newsletter_access":""},"categories":[6],"tags":[],"jetpack_featured_media_url":"http:\/\/dsrmedios.com.ar\/diario\/wp-content\/uploads\/2023\/10\/images-2023-10-19T150854.879.jpg","jetpack_sharing_enabled":true,"jetpack_shortlink":"https:\/\/wp.me\/p9fihK-azr","_links":{"self":[{"href":"http:\/\/dsrmedios.com.ar\/diario\/wp-json\/wp\/v2\/posts\/40637"}],"collection":[{"href":"http:\/\/dsrmedios.com.ar\/diario\/wp-json\/wp\/v2\/posts"}],"about":[{"href":"http:\/\/dsrmedios.com.ar\/diario\/wp-json\/wp\/v2\/types\/post"}],"author":[{"embeddable":true,"href":"http:\/\/dsrmedios.com.ar\/diario\/wp-json\/wp\/v2\/users\/8"}],"replies":[{"embeddable":true,"href":"http:\/\/dsrmedios.com.ar\/diario\/wp-json\/wp\/v2\/comments?post=40637"}],"version-history":[{"count":1,"href":"http:\/\/dsrmedios.com.ar\/diario\/wp-json\/wp\/v2\/posts\/40637\/revisions"}],"predecessor-version":[{"id":40639,"href":"http:\/\/dsrmedios.com.ar\/diario\/wp-json\/wp\/v2\/posts\/40637\/revisions\/40639"}],"wp:featuredmedia":[{"embeddable":true,"href":"http:\/\/dsrmedios.com.ar\/diario\/wp-json\/wp\/v2\/media\/40638"}],"wp:attachment":[{"href":"http:\/\/dsrmedios.com.ar\/diario\/wp-json\/wp\/v2\/media?parent=40637"}],"wp:term":[{"taxonomy":"category","embeddable":true,"href":"http:\/\/dsrmedios.com.ar\/diario\/wp-json\/wp\/v2\/categories?post=40637"},{"taxonomy":"post_tag","embeddable":true,"href":"http:\/\/dsrmedios.com.ar\/diario\/wp-json\/wp\/v2\/tags?post=40637"}],"curies":[{"name":"wp","href":"https:\/\/api.w.org\/{rel}","templated":true}]}}