{"id":40627,"date":"2023-10-19T14:50:23","date_gmt":"2023-10-19T17:50:23","guid":{"rendered":"http:\/\/dsrmedios.com.ar\/diario\/?p=40627"},"modified":"2023-10-19T14:50:25","modified_gmt":"2023-10-19T17:50:25","slug":"sergio-massa-hablo-sobre-el-dolar-libre-es-mucho-mas-emocional-que-el-impacto-que-tiene-en-la-economia","status":"publish","type":"post","link":"http:\/\/dsrmedios.com.ar\/diario\/archivos\/40627","title":{"rendered":"Sergio Massa habl\u00f3 sobre el d\u00f3lar libre: \u201cEs mucho m\u00e1s emocional que el impacto que tiene en la econom\u00eda\u201d"},"content":{"rendered":"\n<p>El ministro de Econom\u00eda y candidato presidencial\u00a0<strong>Sergio Massa<\/strong>\u00a0asegur\u00f3 que como consecuencia de los allanamientos en cuevas financieras de la\u00a0<em>city\u00a0<\/em>porte\u00f1a el Gobierno \u201c<strong>va a informar a la SEC\u00a0<\/strong>(la comisi\u00f3n de valores norteamericana) porque hay mucha plata que se gira a<strong>\u00a0cuentas fantasmas en Estados Unidos<\/strong>\u201d y dijo que la volatilidad en el tipo de cambio libre tiene una incidencia \u201c<strong>mucho m\u00e1s emocional\u00a0<\/strong>que el impacto que tiene en la econom\u00eda\u201d.<\/p>\n\n\n\n<p>En declaraciones radiales, Massa se refiri\u00f3 a los operativos que intensific\u00f3 el Poder Ejecutivo en cuevas que operan d\u00f3lar blue. \u201cCuando sobre declaraciones irresponsables cinco delincuentes salieron a hacerse el veranito,&nbsp;<strong>yo me calent\u00e9<\/strong>. Por eso hubo allanamiento y va a seguir habiendo. Manipulan el valor de algo que para la gente es importante y adem\u00e1s lavan plata\u201d, dijo.<\/p>\n\n\n\n<p>Respecto al Fondo Monetario Internacional, Massa plante\u00f3 que \u201cel desafio es que aumentemos exportaciones y reservas. Eso permite apreciar la moneda y&nbsp;<strong>bajar la inflaci\u00f3n<\/strong>, tambi\u00e9n ampliar el volumen de cr\u00e9dito. Y tercero rediscutir el acuerdo con el Fondo sobre la base de decirle: \u2018yo te voy a pagar pero no me vas a poner condiciones inflacionarias\u2019\u201d, mencion\u00f3 el jefe del Palacio de Hacienda en di\u00e1logo con radio&nbsp;<em>Rock&amp;Pop<\/em>.<\/p>\n\n\n\n<blockquote class=\"wp-block-quote\">\n<p>\u201cCuando sobre declaraciones irresponsables cinco delincuentes salieron a hacerse el veranito, yo me calent\u00e9. Por eso hubo allanamiento y va a seguir habiendo\u201d (Massa)<\/p>\n<\/blockquote>\n\n\n\n<p>\u201cLa Argentina tiene una hipoteca que tom\u00f3 el t\u00edo jugador de la familia. La plata se fue de la Argentina y le qued\u00f3 una deuda de 45 mil millones de d\u00f3lares. \u00bfY c\u00f3mo es la relaci\u00f3n con<strong>\u00a0el usurero<\/strong>? Pone condiciones para su cobro, no para tu desarrollo. Ayer anticip\u00e9 que vamos a pagar al FMI y con eso le digo: \u2018hasta despu\u00e9s de las elecciones no ven\u00eds.<strong>\u00a0No vas meter la nariz hasta la segunda vuelta<\/strong>, yo te pago pero no vuelvas\u2019\u201d, plante\u00f3 Massa.<\/p>\n\n\n\n<p>\u201cSon las cosas con las que convivimos. En abril nos juntamos con (el presidente de los Estados Unidos Joseph) Biden, planteamos un esquema puente (de financiamiento) por la sequ\u00eda, el FMI reconoci\u00f3 que era un shock y hasta agosto no hizo un solo desembolso con vencimientos en el medio en junio y julio. Pensaban que&nbsp;<strong>nos contaban el nocaut<\/strong>&nbsp;y armamos una triple operaci\u00f3n con yuanes, Qatar y CAF. Todo eso genera estr\u00e9s en la econom\u00eda.&nbsp;<strong>El a\u00f1o que viene ese estr\u00e9s no existe<\/strong>\u201d, apunt\u00f3 el candidato presidencial.<\/p>\n\n\n\n<p><img decoding=\"async\" loading=\"lazy\" alt=\"Massa cerrar\u00e1 su campa\u00f1a presidencial este jueves en Pilar. REUTERS \" height=\"2912\" width=\"4368\" src=\"https:\/\/www.infobae.com\/new-resizer\/KibQyqnm5PwttiBIA4Gx4PPwqg0=\/arc-anglerfish-arc2-prod-infobae\/public\/7K7C5UWWG7REV4QBKIDSQ35T5Y.jpg\" srcset=\"https:\/\/www.infobae.com\/new-resizer\/RJTmdyzEPkBmR7gNS75Ejz1L__w=\/420x280\/filters:format(webp):quality(85)\/cloudfront-us-east-1.images.arcpublishing.com\/infobae\/7K7C5UWWG7REV4QBKIDSQ35T5Y.jpg 420w,https:\/\/www.infobae.com\/new-resizer\/7-6StcjsjXcB6cHspnAmBlRUOB8=\/768x512\/filters:format(webp):quality(85)\/cloudfront-us-east-1.images.arcpublishing.com\/infobae\/7K7C5UWWG7REV4QBKIDSQ35T5Y.jpg 768w,https:\/\/www.infobae.com\/new-resizer\/VpG0AF4zW44K-tNaiMAFcmiGRcw=\/992x661\/filters:format(webp):quality(85)\/cloudfront-us-east-1.images.arcpublishing.com\/infobae\/7K7C5UWWG7REV4QBKIDSQ35T5Y.jpg 992w,https:\/\/www.infobae.com\/new-resizer\/LsGTiscG4SiFYfVKckcQoBw17DM=\/1200x800\/filters:format(webp):quality(85)\/cloudfront-us-east-1.images.arcpublishing.com\/infobae\/7K7C5UWWG7REV4QBKIDSQ35T5Y.jpg 1200w,https:\/\/www.infobae.com\/new-resizer\/t5JJ9ayeRkm_Nrj1P3QzR6uzVQA=\/1440x960\/filters:format(webp):quality(85)\/cloudfront-us-east-1.images.arcpublishing.com\/infobae\/7K7C5UWWG7REV4QBKIDSQ35T5Y.jpg 1440w\">Massa cerrar\u00e1 su campa\u00f1a presidencial este jueves en Pilar. REUTERS<\/p>\n\n\n\n<p>\u201cEsa idea que convive en la Argentina hace tantos a\u00f1os de querer hacer desaparecer al otro tiene que ser&nbsp;<strong>parte del pasado desde el 10 de diciembre<\/strong>. Tenemos que valorar a la gente por su talento y por sus ideas, por sus convicciones y no por un sticker en la frente\u201d, dijo por otra parte el ministro de Econom\u00eda.<\/p>\n\n\n\n<p>\u201cNadie se puede sorprender si el 10 de diciembre en mi gobierno, que adem\u00e1s va a ser gobierno de unidad nacional,<strong>&nbsp;voy a convocar a otros sectores<\/strong>, hay peronistas que a lo mejor ah\u00ed est\u00e1n en otros espacios. Eso que me criticaron durante mucho tiempo de tener di\u00e1logo con todo el mundo es lo m\u00e1s importante que necesita la Argentina el 10 de diciembre\u201d, continu\u00f3.<\/p>\n\n\n\n<blockquote class=\"wp-block-quote\">\n<p>\u201cAyer anticip\u00e9 que vamos a pagar al FMI y con eso le digo: \u2018hasta despu\u00e9s de las elecciones no ven\u00eds. No vas meter la nariz hasta la segunda vuelta, yo te pago pero no vuelvas\u2019\u201d (Massa)<\/p>\n<\/blockquote>\n\n\n\n<p>\u201cNadie se puede sorprender si un industrial, un empresario, un dirigente social o un dirigente gremial est\u00e1n en mi gobierno; si hay radicales, socialistas. Si algunos dirigentes de tracci\u00f3n liberal est\u00e1n en mi gobierno. Porque yo creo que viene un tiempo en el que hay que convocar a los que tengan mejor aptitud para construir la Argentina de los pr\u00f3ximos a\u00f1os\u201d, concluy\u00f3 el ministro de Econom\u00eda.<\/p>\n\n\n\n<p>Por otra parte, horas despu\u00e9s de que aparecieran en la<a rel=\"noreferrer noopener\" href=\"https:\/\/www.infobae.com\/politica\/2023\/10\/19\/la-campana-del-miedo-llego-a-los-trenes-los-gremios-publicaron-cual-seria-el-valor-del-boleto-si-gana-la-oposicion\/\" target=\"_blank\">&nbsp;carteler\u00eda de estaciones&nbsp;<\/a>de tren y en validadoras de tarjeta SUBE en colectivos avisos sobre cu\u00e1l ser\u00eda el precio del transporte p\u00fablico en caso de una quita de subsidios, Massa dijo que \u201cesta campa\u00f1a que hoy por ah\u00ed se torn\u00f3 en pol\u00e9mica, pero que vienen haciendo hace varios d\u00edas los gremios, le dice a la gente que si ganan&nbsp;<strong>(Patricia)<\/strong>&nbsp;<strong>Bullrich&nbsp;<\/strong>o&nbsp;<strong>(Javier) Milei<\/strong>&nbsp;el boleto va a costar 1.100 pesos en el caso de los trenes\u201d, sostuvo el ministro de Econom\u00eda.<\/p>\n\n\n\n<p>\u201cLo que est\u00e1 planteando la gente es que esa propuesta de la oposici\u00f3n para quitar subsidios es inviable\u201d, remarc\u00f3 y complet\u00f3: \u201cUna cosas es decir cosas en la tele y otra llevarlas a la pr\u00e1ctica\u201d.<\/p>\n\n\n\n<p>fuente: infobae<\/p>\n","protected":false},"excerpt":{"rendered":"<div class=\"mh-excerpt\"><p>El ministro de Econom\u00eda y candidato presidencial\u00a0Sergio Massa\u00a0asegur\u00f3 que como consecuencia de los allanamientos en cuevas financieras de la\u00a0city\u00a0porte\u00f1a el Gobierno \u201cva a informar a la SEC\u00a0(la comisi\u00f3n de valores norteamericana) porque hay mucha plata que se gira a\u00a0cuentas fantasmas en Estados Unidos\u201d y dijo que la volatilidad en el tipo de cambio libre tiene una incidencia \u201cmucho m\u00e1s emocional\u00a0que el impacto que tiene en la econom\u00eda\u201d. En declaraciones radiales, Massa se refiri\u00f3 a los operativos que intensific\u00f3 el Poder Ejecutivo en cuevas que operan d\u00f3lar blue. \u201cCuando sobre declaraciones irresponsables cinco delincuentes salieron a hacerse el veranito,&nbsp;yo me calent\u00e9. <a class=\"mh-excerpt-more\" href=\"http:\/\/dsrmedios.com.ar\/diario\/archivos\/40627\" title=\"Sergio Massa habl\u00f3 sobre el d\u00f3lar libre: \u201cEs mucho m\u00e1s emocional que el impacto que tiene en la econom\u00eda\u201d\">[Leer m\u00e1s]<\/a><\/p>\n<\/div>","protected":false},"author":8,"featured_media":31416,"comment_status":"open","ping_status":"closed","sticky":false,"template":"","format":"standard","meta":{"_jetpack_newsletter_access":""},"categories":[6],"tags":[],"jetpack_featured_media_url":"http:\/\/dsrmedios.com.ar\/diario\/wp-content\/uploads\/2023\/04\/CULIKXKBYJ5VYCFKH4L7XKC57Q.jpg","jetpack_sharing_enabled":true,"jetpack_shortlink":"https:\/\/wp.me\/p9fihK-azh","_links":{"self":[{"href":"http:\/\/dsrmedios.com.ar\/diario\/wp-json\/wp\/v2\/posts\/40627"}],"collection":[{"href":"http:\/\/dsrmedios.com.ar\/diario\/wp-json\/wp\/v2\/posts"}],"about":[{"href":"http:\/\/dsrmedios.com.ar\/diario\/wp-json\/wp\/v2\/types\/post"}],"author":[{"embeddable":true,"href":"http:\/\/dsrmedios.com.ar\/diario\/wp-json\/wp\/v2\/users\/8"}],"replies":[{"embeddable":true,"href":"http:\/\/dsrmedios.com.ar\/diario\/wp-json\/wp\/v2\/comments?post=40627"}],"version-history":[{"count":1,"href":"http:\/\/dsrmedios.com.ar\/diario\/wp-json\/wp\/v2\/posts\/40627\/revisions"}],"predecessor-version":[{"id":40630,"href":"http:\/\/dsrmedios.com.ar\/diario\/wp-json\/wp\/v2\/posts\/40627\/revisions\/40630"}],"wp:featuredmedia":[{"embeddable":true,"href":"http:\/\/dsrmedios.com.ar\/diario\/wp-json\/wp\/v2\/media\/31416"}],"wp:attachment":[{"href":"http:\/\/dsrmedios.com.ar\/diario\/wp-json\/wp\/v2\/media?parent=40627"}],"wp:term":[{"taxonomy":"category","embeddable":true,"href":"http:\/\/dsrmedios.com.ar\/diario\/wp-json\/wp\/v2\/categories?post=40627"},{"taxonomy":"post_tag","embeddable":true,"href":"http:\/\/dsrmedios.com.ar\/diario\/wp-json\/wp\/v2\/tags?post=40627"}],"curies":[{"name":"wp","href":"https:\/\/api.w.org\/{rel}","templated":true}]}}