{"id":40624,"date":"2023-10-19T14:49:01","date_gmt":"2023-10-19T17:49:01","guid":{"rendered":"http:\/\/dsrmedios.com.ar\/diario\/?p=40624"},"modified":"2023-10-19T14:49:04","modified_gmt":"2023-10-19T17:49:04","slug":"un-referente-de-milei-propuso-cortar-relaciones-con-el-vaticano-y-genero-una-dura-respuesta-de-la-iglesia","status":"publish","type":"post","link":"http:\/\/dsrmedios.com.ar\/diario\/archivos\/40624","title":{"rendered":"Un referente de Milei propuso cortar relaciones con el Vaticano y gener\u00f3 una dura respuesta de la Iglesia"},"content":{"rendered":"\n<p>J<strong>avier Milei\u00a0<\/strong><a rel=\"noreferrer noopener\" href=\"https:\/\/www.infobae.com\/politica\/2023\/10\/19\/javier-milei-se-enfrenta-a-las-elecciones-del-proximo-domingo-convencido-de-que-gana-en-primera-vuelta\/\" target=\"_blank\">cerr\u00f3 ayer su campa\u00f1a de cara a las elecciones del pr\u00f3ximo domingo<\/a>\u00a0en el Movistar Arena. El encargado de abrir el encuentro fue el economista\u00a0<strong>Alberto Benegas Lynch<\/strong>, uno de los referentes libertarios, con un discurso que represent\u00f3 un nuevo contrapunto entre el candidato de La Libertad Avanza y la Iglesia Cat\u00f3lica porque, entre otros puntos, solicit\u00f3 \u201c<strong>cortar relaciones con el Vaticano<\/strong>\u201d mientras el Papa Francisco est\u00e9 al mando.<\/p>\n\n\n\n<p>\u201cCreo que habr\u00eda que iniciar lo que hizo<strong>&nbsp;(Julio Argentino) Roca<\/strong>, que es suspender las relaciones diplom\u00e1ticas con el vaticano mientras en la cabeza del Vaticano prime el esp\u00edritu totalitario\u201d, consider\u00f3 Benegas Lynch, de 83 a\u00f1os, algo que gener\u00f3 una ovaci\u00f3n por parte de los militantes de la Libertad Avanza.<\/p>\n\n\n\n<p>Esta cr\u00edtica gener\u00f3 una fuerte reacci\u00f3n del arzobispo de Buenos Aires,&nbsp;<strong>Jose Ignacio Garc\u00eda Cuerva<\/strong>, quien asegur\u00f3 estar \u201cazorado y sorprendido\u201d. \u201cNos encontramos azorados con este cierre de campa\u00f1a en el que propone alguien en nombre de \u2018mi religi\u00f3n cat\u00f3lica\u2019, debe tener una religi\u00f3n privada, propia\u201d, indic\u00f3 en di\u00e1logo con Radio Perfil.<\/p>\n\n\n\n<p>\u201cYo quisiera romper las relaciones con la inflaci\u00f3n, con la marginalidad\u201d, agreg\u00f3 Garc\u00eda Cuerva, al tiempo que destac\u00f3 la necesidad de \u201cbuscar puntos de encuentro\u201d en lugar de buscar instalar \u201cuna nueva grieta\u201d.<\/p>\n\n\n\n<p>En esta l\u00ednea, a\u00f1adi\u00f3: \u201cPara los cat\u00f3licos la figura del Santo Padre, m\u00e1s all\u00e1 de quien sea porque convencidos estamos de que ac\u00e1 interviene el Esp\u00edritu Santo, no es solamente una autoridad, sino que es nuestro pastor, nuestro referente universal. Es por lo menos como impactante\u201d.<\/p>\n\n\n\n<p>Garc\u00eda Cuerva, adem\u00e1s, record\u00f3 que en el ejemplo que Benegas Lynch us\u00f3, en 1884, cuando se promulg\u00f3 la Ley de Educaci\u00f3n N\u00b0 1420, si bien el presidente Julio A. Roca le hab\u00eda retirado el permiso diplom\u00e1tico al nuncio apost\u00f3lico de ese entonces, \u201cfue el mismo Roca quien restableci\u00f3 la relaci\u00f3n diplom\u00e1tica 16 a\u00f1os despu\u00e9s\u201d, y agreg\u00f3: \u201cTenemos que aprender de la historia\u201d porque \u201ceste tipo de enfrentamientos no nos sirve\u201d.<\/p>\n\n\n\n<p>\u201cRespeto cualquier motivaci\u00f3n que tenga la gente para votar a su candidato\u201d, dijo el arzobispo porte\u00f1o y agreg\u00f3: \u201cPero lo que me impact\u00f3 fueron los aplausos y gritos de vivando con que respondieron a la propuesta de romper relaciones con la Santa Sede\u201d y que eso lo hagan \u201cen nombre de la libertad\u201d.<\/p>\n\n\n\n<p>\u201cComo argentino me asusta que en nombre de la libertad podamos aplaudir, romper relaciones, quebrar v\u00ednculos, dejar de tender puentes\u201d, afirm\u00f3. Y complet\u00f3: \u201cNo hay que dejar el Evangelio en la puerta del cuarto oscuro, sino que tambi\u00e9n votar con los valores del Evangelio. Votar pensando en la solidaridad, los que m\u00e1s sufren. Votar pensando en que Argentina tiene que salir adelante. Para ello, propongo esto de que no dejemos el Evangelio en la puerta del cuarto oscuro, que tambi\u00e9n seamos cristianos a la hora de elegir\u201d, concluy\u00f3.<\/p>\n\n\n\n<h2>Otro antecedente<\/h2>\n\n\n\n<p><img decoding=\"async\" loading=\"lazy\" alt=\"El candidato presidencial Javier Milei durante el acto de cierre de campa\u00f1a en el Movistar Arena (Franco Fafasuli)\" height=\"1277\" width=\"1920\" src=\"https:\/\/www.infobae.com\/new-resizer\/Q_K_88ffQeQDnf7NTtjt-Qk4f10=\/arc-anglerfish-arc2-prod-infobae\/public\/GAVTH4P6ANEWZHRCFV3BCPZTNA.jpg\" srcset=\"https:\/\/www.infobae.com\/new-resizer\/52-nYGAVgGHMBOq3z9Y3qdbuqjQ=\/420x280\/filters:format(webp):quality(85)\/cloudfront-us-east-1.images.arcpublishing.com\/infobae\/GAVTH4P6ANEWZHRCFV3BCPZTNA.jpg 420w,https:\/\/www.infobae.com\/new-resizer\/XQpFmiMQ6u0QPr81e0M_Myw1_2w=\/768x512\/filters:format(webp):quality(85)\/cloudfront-us-east-1.images.arcpublishing.com\/infobae\/GAVTH4P6ANEWZHRCFV3BCPZTNA.jpg 768w,https:\/\/www.infobae.com\/new-resizer\/4ig-JYrTEQR4IIz8j9BVtwPKDbk=\/992x661\/filters:format(webp):quality(85)\/cloudfront-us-east-1.images.arcpublishing.com\/infobae\/GAVTH4P6ANEWZHRCFV3BCPZTNA.jpg 992w,https:\/\/www.infobae.com\/new-resizer\/ucsjCI-UejcAqVjQZjG00xIGclg=\/1200x800\/filters:format(webp):quality(85)\/cloudfront-us-east-1.images.arcpublishing.com\/infobae\/GAVTH4P6ANEWZHRCFV3BCPZTNA.jpg 1200w,https:\/\/www.infobae.com\/new-resizer\/vixO09IJcvzNPaL7GT1mYPzR1ac=\/1440x960\/filters:format(webp):quality(85)\/cloudfront-us-east-1.images.arcpublishing.com\/infobae\/GAVTH4P6ANEWZHRCFV3BCPZTNA.jpg 1440w\">El candidato presidencial Javier Milei durante el acto de cierre de campa\u00f1a en el Movistar Arena (Franco Fafasuli)<\/p>\n\n\n\n<p>Este contrapunto no es el primero entre Milei y el Papa Francisco. Durante los debates presidenciales,&nbsp;<a rel=\"noreferrer noopener\" href=\"https:\/\/www.infobae.com\/politica\/2023\/10\/02\/javier-milei-le-pidio-perdon-al-papa-francisco-por-haberlo-criticado-estoy-arrepentido\/\" target=\"_blank\">el libertario le pidi\u00f3 \u201cperd\u00f3n\u201d al sumo pont\u00edfice<\/a>&nbsp;por diversas delaciones en las que lo calificaba de \u201c<strong>representante del maligno en la Tierra<\/strong>\u201d, de \u201cjesuita que promueve el comunismo\u201d y de \u201cpersonaje impresentable y nefasto\u201d.<\/p>\n\n\n\n<p>M\u00e1s ac\u00e1 en el tiempo, y durante una entrevista que le concedi\u00f3 al periodista estadounidense Tucker Carlson, Milei acus\u00f3 al Sumo Pont\u00edfice de tener una<strong>&nbsp;\u201cfuerte injerencia en la pol\u00edtica\u201d<\/strong>&nbsp;y mostrar una \u201cgran afinidad con dictadores como (Fidel) Castro o (Nicol\u00e1s) Maduro\u201d.<\/p>\n\n\n\n<p>El candidato presidencial de Uni\u00f3n por la Patria, Sergio Massa, introdujo el tema al debate y expres\u00f3: \u201cJavier, m\u00e1s que una pregunta te quiero hacer un pedido. La Argentina tiene millones de fieles cat\u00f3licos y<strong>&nbsp;ofendiste al jefe de la Iglesia. Quiero que aproveches estos 45 segundos para pedirle perd\u00f3n al Papa que es el argentino m\u00e1s importante de la historia\u201d<\/strong>.<\/p>\n\n\n\n<p>Milei evit\u00f3 referirse a esa entrevista y habl\u00f3 sobre cr\u00edticas que hizo hacia Francisco a\u00f1os atr\u00e1s cuando \u201ctodav\u00eda no estaba en pol\u00edtica\u201d. \u201cParece que est\u00e1s poco informado, porque<strong>&nbsp;ya hab\u00eda pedido perd\u00f3n por eso, y lo volver\u00eda a hacer, porque no tengo problema en eso, porque si me equivoco, no tengo problema en repetir que estoy arrepentido por eso\u201d<\/strong>, le contest\u00f3 al candidato de Uni\u00f3n por la Patria.<\/p>\n\n\n\n<p>\u201cAdem\u00e1s,&nbsp;<strong>una de las cosas que dije es que si el Papa quer\u00eda venir a la Argentina, se lo iba a respetar no solo como jefe de Estado, sino como l\u00edder de la Iglesia Cat\u00f3lica<\/strong>, por lo tanto, dale, dej\u00e1 de chicanear y dedicate a bajar la inflaci\u00f3n y a&nbsp;<strong>terminar el gobierno de manera decorosa<\/strong>, dale\u201d, agreg\u00f3 Milei.<\/p>\n\n\n\n<p>M\u00e1s cr\u00edticas a Milei y a Benegas Lynch<\/p>\n\n\n\n<p>En sinton\u00eda con la l\u00ednea de Garc\u00eda Cuerva, la candidata presidencial de Juntos por el Cambio,&nbsp;<strong>Patricia Bullrich<\/strong>, asegur\u00f3 que \u201cel Papa es el l\u00edder espiritual m\u00e1s importante del mundo y tenemos la suerte de que sea argentino, m\u00e1s all\u00e1 de que estemos de acuerdo o no con sus opiniones\u201d.<\/p>\n\n\n\n<p>\u201cDarle la espalda es una falta de respeto a los millones de argentinos que se referencian en \u00e9l. No cambiemos la ideolog\u00eda intolerante del kirchnerismo por una nueva ideolog\u00eda violenta e intolerante, agreg\u00f3 a trav\u00e9s de las redes sociales.<\/p>\n\n\n\n<p>FUENTE: iNFOBAE<\/p>\n","protected":false},"excerpt":{"rendered":"<div class=\"mh-excerpt\"><p>Javier Milei\u00a0cerr\u00f3 ayer su campa\u00f1a de cara a las elecciones del pr\u00f3ximo domingo\u00a0en el Movistar Arena. El encargado de abrir el encuentro fue el economista\u00a0Alberto Benegas Lynch, uno de los referentes libertarios, con un discurso que represent\u00f3 un nuevo contrapunto entre el candidato de La Libertad Avanza y la Iglesia Cat\u00f3lica porque, entre otros puntos, solicit\u00f3 \u201ccortar relaciones con el Vaticano\u201d mientras el Papa Francisco est\u00e9 al mando. \u201cCreo que habr\u00eda que iniciar lo que hizo&nbsp;(Julio Argentino) Roca, que es suspender las relaciones diplom\u00e1ticas con el vaticano mientras en la cabeza del Vaticano prime el esp\u00edritu totalitario\u201d, consider\u00f3 Benegas Lynch, <a class=\"mh-excerpt-more\" href=\"http:\/\/dsrmedios.com.ar\/diario\/archivos\/40624\" title=\"Un referente de Milei propuso cortar relaciones con el Vaticano y gener\u00f3 una dura respuesta de la Iglesia\">[Leer m\u00e1s]<\/a><\/p>\n<\/div>","protected":false},"author":8,"featured_media":40628,"comment_status":"open","ping_status":"closed","sticky":false,"template":"","format":"standard","meta":{"_jetpack_newsletter_access":""},"categories":[6],"tags":[],"jetpack_featured_media_url":"http:\/\/dsrmedios.com.ar\/diario\/wp-content\/uploads\/2023\/10\/5S475YWUS5FFRLE6SCVBJXYOPQ.jpg","jetpack_sharing_enabled":true,"jetpack_shortlink":"https:\/\/wp.me\/p9fihK-aze","_links":{"self":[{"href":"http:\/\/dsrmedios.com.ar\/diario\/wp-json\/wp\/v2\/posts\/40624"}],"collection":[{"href":"http:\/\/dsrmedios.com.ar\/diario\/wp-json\/wp\/v2\/posts"}],"about":[{"href":"http:\/\/dsrmedios.com.ar\/diario\/wp-json\/wp\/v2\/types\/post"}],"author":[{"embeddable":true,"href":"http:\/\/dsrmedios.com.ar\/diario\/wp-json\/wp\/v2\/users\/8"}],"replies":[{"embeddable":true,"href":"http:\/\/dsrmedios.com.ar\/diario\/wp-json\/wp\/v2\/comments?post=40624"}],"version-history":[{"count":1,"href":"http:\/\/dsrmedios.com.ar\/diario\/wp-json\/wp\/v2\/posts\/40624\/revisions"}],"predecessor-version":[{"id":40629,"href":"http:\/\/dsrmedios.com.ar\/diario\/wp-json\/wp\/v2\/posts\/40624\/revisions\/40629"}],"wp:featuredmedia":[{"embeddable":true,"href":"http:\/\/dsrmedios.com.ar\/diario\/wp-json\/wp\/v2\/media\/40628"}],"wp:attachment":[{"href":"http:\/\/dsrmedios.com.ar\/diario\/wp-json\/wp\/v2\/media?parent=40624"}],"wp:term":[{"taxonomy":"category","embeddable":true,"href":"http:\/\/dsrmedios.com.ar\/diario\/wp-json\/wp\/v2\/categories?post=40624"},{"taxonomy":"post_tag","embeddable":true,"href":"http:\/\/dsrmedios.com.ar\/diario\/wp-json\/wp\/v2\/tags?post=40624"}],"curies":[{"name":"wp","href":"https:\/\/api.w.org\/{rel}","templated":true}]}}