{"id":40620,"date":"2023-10-19T13:22:06","date_gmt":"2023-10-19T16:22:06","guid":{"rendered":"http:\/\/dsrmedios.com.ar\/diario\/?p=40620"},"modified":"2023-10-19T13:22:07","modified_gmt":"2023-10-19T16:22:07","slug":"el-dia-despues-de-las-elecciones-el-gobierno-asegura-que-no-devaluara-el-dolar-oficial-y-que-le-pagara-rapido-al-fmi","status":"publish","type":"post","link":"http:\/\/dsrmedios.com.ar\/diario\/archivos\/40620","title":{"rendered":"El d\u00eda despu\u00e9s de las elecciones: el Gobierno asegura que no devaluar\u00e1 el d\u00f3lar oficial y que le pagar\u00e1 r\u00e1pido al FMI"},"content":{"rendered":"\n<p>El Gobierno dio este mi\u00e9rcoles algunas pistas sobre lo que podr\u00eda hacer en t\u00e9rminos de medidas econ\u00f3micas\u00a0<strong>a partir del 23 de octubre<\/strong>, el d\u00eda despu\u00e9s de las elecciones presidenciales. A\u00fan sin los resultados electorales en la mano, en el oficialismo buscaron despejar fantasmas de una\u00a0<strong>nueva devaluaci\u00f3n<\/strong>\u00a0-como sucedi\u00f3 horas despu\u00e9s de las PASO- y que como \u201cgesto\u201d al mercado mostrar\u00e1n que hay reservas para<strong>\u00a0pagarle al Fondo Monetario Internacional<\/strong>.<a rel=\"noreferrer noopener\" href=\"https:\/\/www.infobae.com\/economia\/2023\/10\/19\/quien-endeudo-mas-al-pais-cristina-kirchner-mauricio-macri-o-alberto-fernandez-la-respuesta-de-un-ex-ministro\/\" target=\"_blank\"><\/a><a rel=\"noreferrer noopener\" href=\"https:\/\/www.infobae.com\/economia\/2023\/10\/19\/dolar-hoy-en-vivo-a-cuanto-abre-este-jueves-19-de-octubre-y-cual-es-el-precio-minuto-a-minuto\/\" target=\"_blank\"><\/a><\/p>\n\n\n\n<p>Mientras tanto, hasta el viernes el equipo econ\u00f3mico seguir\u00e1 intentando sumar reservas a trav\u00e9s del esquema exportador, en un contexto en el que el Banco Central&nbsp;<strong>ya perdi\u00f3<\/strong>&nbsp;<strong>USD 871 millones&nbsp;<\/strong>en lo que va del mes. Este mi\u00e9rcoles, casi al final de la vigencia del mecanismo de formento, el Gobierno agreg\u00f3 un grupo de productos mineros para que liquiden exportaciones entre el jueves y viernes.<\/p>\n\n\n\n<p>La principal novedad del mi\u00e9rcoles, m\u00e1s all\u00e1 de la baja marcada en el&nbsp;<a rel=\"noreferrer noopener\" href=\"https:\/\/www.infobae.com\/economia\/2023\/10\/18\/jornada-financiera-el-dolar-libre-cayo-un-8-y-cerro-a-905-pesos\/\" target=\"_blank\">d\u00f3lar blue&nbsp;<\/a>que volvi\u00f3 al terreno m\u00e1s cercano a los<strong>&nbsp;$900<\/strong>&nbsp;tras haber superado los&nbsp;<strong>$1.000<\/strong>&nbsp;hace una semana, fue el anuncio de la ampliaci\u00f3n del swap de monedas con el Banco Popular de China, oficializado tras la reuni\u00f3n que tuvo el presidente<strong>&nbsp;Alberto Fern\u00e1ndez<\/strong>&nbsp;con su par chino<strong>&nbsp;Xi Jinping<\/strong>. Son&nbsp;<strong>USD 6.500 millones<\/strong>&nbsp;de los que&nbsp;<a rel=\"noreferrer noopener\" href=\"https:\/\/www.infobae.com\/economia\/2023\/10\/18\/sergio-massa-hablo-sobre-la-ampliacion-del-swap-chino-es-una-enorme-noticia-para-pagos-de-importaciones-y-tener-capacidad-de-intervencion-en-mercado\/\" target=\"_blank\">podr\u00eda disponer<\/a>&nbsp;Econom\u00eda, hasta fin de a\u00f1o, para relajar algo el cepo importador, intervenir en los d\u00f3lares financieros y, se supo hoy, tambi\u00e9n para pagar vencimientos al Fondo Monetario.<\/p>\n\n\n\n<blockquote class=\"wp-block-quote\">\n<p>Hasta el viernes el equipo econ\u00f3mico seguir\u00e1 intentando sumar reservas a trav\u00e9s del esquema exportador, en un contexto en el que el Banco Central ya perdi\u00f3 USD 871 millones en lo que va del mes<\/p>\n<\/blockquote>\n\n\n\n<p>Pero una cuesti\u00f3n que tambi\u00e9n se puso sobre la mesa en las \u00faltimas horas fue\u00a0<strong>qu\u00e9 har\u00eda el Gobierno el 23 de octubre con el tipo de cambio oficial<\/strong>\u00a0administrado por el Banco Central. El d\u00eda despu\u00e9s de las PASO, como espejo, comenz\u00f3 con un fuerte desplome de los activos argentinos, lo que apur\u00f3 la decisi\u00f3n de devaluar el tipo de cambio oficial<strong>\u00a0hasta los $350\u00a0<\/strong>en los que se mantiene desde ese momento. Para algunos analistas ese valor sostenido ya perdi\u00f3 competitividad por el avance inflacionario, por lo que el Palacio de Hacienda llegar\u00eda a esta nueva instancia electoral con un d\u00f3lar<strong>\u00a0incluso m\u00e1s atrasado<\/strong>\u00a0que el que hab\u00eda a mediados de agosto<\/p>\n\n\n\n<p>Dos funcionarios cercanos a&nbsp;<strong>Sergio Massa&nbsp;<\/strong>salieron a&nbsp;<a rel=\"noreferrer noopener\" href=\"https:\/\/www.infobae.com\/economia\/2023\/10\/18\/carlos-melconian-le-puso-numero-al-dolar-del-dia-despues-de-las-elecciones-de-este-domingo\/\" target=\"_blank\">contestarle al economista&nbsp;<\/a>y referente econ\u00f3mico de Juntos por el Cambio&nbsp;<strong>Carlos Melconian<\/strong>, que le puso un precio al tipo de cambio oficial para este lunes luego de las elecciones. \u201c<strong>Sigue saboteando&nbsp;<\/strong>a trav\u00e9s de la mentira\u201d, dijo el secretario de Finanzas&nbsp;<strong>Eduardo Setti<\/strong>, mientras que el secretario de Pol\u00edtica Econ\u00f3mica<strong>&nbsp;Gabriel Rubinstein&nbsp;<\/strong>ratific\u00f3 que no habr\u00e1 un movimiento cambiario.<\/p>\n\n\n\n<p>\u201cMelconian no ley\u00f3 el acuerdo con el FMI que establece un<strong>\u00a0tipo de cambio fijo hasta el 15 de noviembre<\/strong>. Una pena que, al igual que cuando tuvo conversaciones con el FMI, sigue saboteando a trav\u00e9s de la mentira\u201d, afirm\u00f3 Setti en su cuenta de Twitter y llam\u00f3 a que el ex presidente del Banco Naci\u00f3n deje de<strong>\u00a0\u201cgenerar p\u00e1nico\u201d<\/strong>.<\/p>\n\n\n\n<p>El viceministro Rubinstein, por su parte, ratific\u00f3 que no habr\u00e1 un salto devaluatorio luego de las elecciones presidenciales del pr\u00f3ximo domingo. \u201c<strong>El 23 de octubre el d\u00f3lar oficial estar\u00e1 en $350<\/strong>. Ya todos se han percatado, en el pa\u00eds y en el exterior, que sin un monto de d\u00f3lares significativo para controlar el financiero, la maxi deva (sic) no sirve. Y<strong>&nbsp;desde 15\/11 crawl al 3% mensual<\/strong>\u201d, contest\u00f3 el secretario de Pol\u00edtica Econ\u00f3mica.<\/p>\n\n\n\n<p>Melconian hab\u00eda asegurado que \u201cel lunes lo m\u00e1ximo que debiera ocurrir es que el Gobierno vuelva a poner el famoso 350 en un precio que sea el 350 m\u00e1s la inflaci\u00f3n de agosto, m\u00e1s la inflaci\u00f3n de septiembre, m\u00e1s lo que vaya de octubre. Y ese ser\u00e1 un nuevo tipo de cambio que no va a asustar a nadie:&nbsp;<strong>da 500 pesos redondo<\/strong>\u201d, dijo.<\/p>\n\n\n\n<p><\/p>\n\n\n\n<p>Ya con el anuncio de la ampliaci\u00f3n del swap de monedas con China, el Gobierno decidi\u00f3 que le&nbsp;<strong>pagar\u00e1 al Fondo Monetario Internacional<\/strong>&nbsp;los<strong>&nbsp;USD 2.600 millones&nbsp;<\/strong>de vencimientos de octubre el&nbsp;<strong>lunes 23<\/strong>, pocas horas despu\u00e9s de que se conozca el resultado de las elecciones presidenciales del pr\u00f3ximo domingo. As\u00ed se lo anticiparon a<strong>&nbsp;Infobae<\/strong>&nbsp;altas fuentes oficiales.<\/p>\n\n\n\n<blockquote class=\"wp-block-quote\">\n<p>Una cuesti\u00f3n que tambi\u00e9n se puso sobre la mesa en las \u00faltimas horas fue qu\u00e9 har\u00eda el Gobierno el lunes con el tipo de cambio oficial. El d\u00eda despu\u00e9s de las PASO el BCRA devalu\u00f3 el tipo de cambio oficial hasta los $350<\/p>\n<\/blockquote>\n\n\n\n<p>El pago unificado de las tres instancias de cancelaci\u00f3n de vencimientos que ten\u00edan lugar originalmente a lo largo de octubre, y que hab\u00eda tenido como fecha para realizar el giro el 30 de octubre, finalmente ser\u00eda una semana antes. \u201c<strong>Se cancela todo el capital el lunes\u00a0<\/strong>con Derechos Especiales de Giro (DEG)\u201d, mencionaron desde el Ministerio de Econom\u00eda. Se trata, en n\u00fameros finos al tipo de cambio DEG-d\u00f3lar de este mi\u00e9rcoles, de<strong>\u00a0USD 2.590 millones<\/strong>.<\/p>\n\n\n\n<p>Ser\u00e1, de esta forma, uno de los<strong>&nbsp;primeros<\/strong>&nbsp;<strong>pasos<\/strong>&nbsp;que d\u00e9 el equipo econ\u00f3mico que conduce el tambi\u00e9n candidato presidencial&nbsp;<strong>Sergio Massa<\/strong>&nbsp;tras el resultado del 22 de octubre. Ese pago de vencimientos al Fondo Monetario, m\u00e1s el anuncio del refuerzo de reservas por la v\u00eda del intercambio de monedas con el Banco Popular de China, est\u00e1n pensadas como medidas para intentar&nbsp;<strong>contener la inestabilidad<\/strong>&nbsp;y la volatilidad en los mercados y el tipo de cambio que puedan surgir tras la instancia electoral.<\/p>\n\n\n\n<p>En el Palacio de Hacienda aseguran que habr\u00e1 este jueves una<strong>&nbsp;comunicaci\u00f3n oficial al directorio<\/strong>&nbsp;del FMI en el que informar\u00e1n cu\u00e1l ser\u00e1 el mecanismo para saldar los vencimientos de octubre el pr\u00f3ximo lunes, y tambi\u00e9n blanquear\u00e1n c\u00f3mo har\u00e1 el Poder Ejecutivo para girar los&nbsp;<strong>USD 734 millones<\/strong>&nbsp;que caen en noviembre. Seg\u00fan aseveran en los despachos oficiales, se respetar\u00e1 la fecha original del&nbsp;<strong>1\u00b0 de noviembre<\/strong>&nbsp;y, al tratarse de intereses \u2013a diferencia de octubre, que son vencimientos de capital\u2013<strong>&nbsp;ser\u00e1n cubiertos con la posici\u00f3n argentina en yuanes<\/strong>.<\/p>\n\n\n\n<p>\u00a0Fuente: infobae<\/p>\n","protected":false},"excerpt":{"rendered":"<div class=\"mh-excerpt\"><p>El Gobierno dio este mi\u00e9rcoles algunas pistas sobre lo que podr\u00eda hacer en t\u00e9rminos de medidas econ\u00f3micas\u00a0a partir del 23 de octubre, el d\u00eda despu\u00e9s de las elecciones presidenciales. A\u00fan sin los resultados electorales en la mano, en el oficialismo buscaron despejar fantasmas de una\u00a0nueva devaluaci\u00f3n\u00a0-como sucedi\u00f3 horas despu\u00e9s de las PASO- y que como \u201cgesto\u201d al mercado mostrar\u00e1n que hay reservas para\u00a0pagarle al Fondo Monetario Internacional. Mientras tanto, hasta el viernes el equipo econ\u00f3mico seguir\u00e1 intentando sumar reservas a trav\u00e9s del esquema exportador, en un contexto en el que el Banco Central&nbsp;ya perdi\u00f3&nbsp;USD 871 millones&nbsp;en lo que va del <a class=\"mh-excerpt-more\" href=\"http:\/\/dsrmedios.com.ar\/diario\/archivos\/40620\" title=\"El d\u00eda despu\u00e9s de las elecciones: el Gobierno asegura que no devaluar\u00e1 el d\u00f3lar oficial y que le pagar\u00e1 r\u00e1pido al FMI\">[Leer m\u00e1s]<\/a><\/p>\n<\/div>","protected":false},"author":8,"featured_media":40622,"comment_status":"open","ping_status":"closed","sticky":false,"template":"","format":"standard","meta":{"_jetpack_newsletter_access":""},"categories":[6],"tags":[],"jetpack_featured_media_url":"http:\/\/dsrmedios.com.ar\/diario\/wp-content\/uploads\/2023\/10\/images-2023-10-19T132137.607.jpg","jetpack_sharing_enabled":true,"jetpack_shortlink":"https:\/\/wp.me\/p9fihK-aza","_links":{"self":[{"href":"http:\/\/dsrmedios.com.ar\/diario\/wp-json\/wp\/v2\/posts\/40620"}],"collection":[{"href":"http:\/\/dsrmedios.com.ar\/diario\/wp-json\/wp\/v2\/posts"}],"about":[{"href":"http:\/\/dsrmedios.com.ar\/diario\/wp-json\/wp\/v2\/types\/post"}],"author":[{"embeddable":true,"href":"http:\/\/dsrmedios.com.ar\/diario\/wp-json\/wp\/v2\/users\/8"}],"replies":[{"embeddable":true,"href":"http:\/\/dsrmedios.com.ar\/diario\/wp-json\/wp\/v2\/comments?post=40620"}],"version-history":[{"count":1,"href":"http:\/\/dsrmedios.com.ar\/diario\/wp-json\/wp\/v2\/posts\/40620\/revisions"}],"predecessor-version":[{"id":40623,"href":"http:\/\/dsrmedios.com.ar\/diario\/wp-json\/wp\/v2\/posts\/40620\/revisions\/40623"}],"wp:featuredmedia":[{"embeddable":true,"href":"http:\/\/dsrmedios.com.ar\/diario\/wp-json\/wp\/v2\/media\/40622"}],"wp:attachment":[{"href":"http:\/\/dsrmedios.com.ar\/diario\/wp-json\/wp\/v2\/media?parent=40620"}],"wp:term":[{"taxonomy":"category","embeddable":true,"href":"http:\/\/dsrmedios.com.ar\/diario\/wp-json\/wp\/v2\/categories?post=40620"},{"taxonomy":"post_tag","embeddable":true,"href":"http:\/\/dsrmedios.com.ar\/diario\/wp-json\/wp\/v2\/tags?post=40620"}],"curies":[{"name":"wp","href":"https:\/\/api.w.org\/{rel}","templated":true}]}}