{"id":40615,"date":"2023-10-19T11:11:47","date_gmt":"2023-10-19T14:11:47","guid":{"rendered":"http:\/\/dsrmedios.com.ar\/diario\/?p=40615"},"modified":"2023-10-19T15:18:01","modified_gmt":"2023-10-19T18:18:01","slug":"orientacion-laboral-50-personas-de-adolfo-alsina-podran-realizar-el-curso-y-recibir-el-pago","status":"publish","type":"post","link":"http:\/\/dsrmedios.com.ar\/diario\/archivos\/40615","title":{"rendered":"Orientaci\u00f3n laboral: 50 personas de Adolfo Alsina podr\u00e1n realizar el curso y recibir el pago"},"content":{"rendered":"\n<h3>La Municipalidad de Adolfo Alsina informa que hasta el 29\/10 estar\u00e1 abierta la inscripci\u00f3n al Taller presencial de Orientaci\u00f3n Laboral &nbsp;destinada a personas mayores de 18 a\u00f1os que recibir\u00e1n $25.000 por realizarlo.&nbsp;<br>As\u00ed ingresar\u00e1n a Adolfo Alsina $1.250.000 en concepto de becas a personas trabajadoras en situaci\u00f3n de empleo o desempleo que re\u00fanan las siguientes condiciones: tener 18 a\u00f1os o m\u00e1s de edad y contar con CUIL.&nbsp;<br>Se contempla un tratamiento especial para las siguientes personas:&nbsp;<br><br>\u25cf&nbsp;&nbsp; &nbsp;J\u00f3venes de dieciocho a\u00f1os (18) a VEINTICUATRO (24) a\u00f1os, inclusive sin estudios secundarios completos.<br>\u25cf&nbsp;&nbsp; &nbsp;Mujeres de VEINTICINCO (25) a CINCUENTA Y NUEVE (59) a\u00f1os, inclusive, sin t\u00edtulo terciario o universitario &nbsp;con menores a cargo<br>\u25cf&nbsp;&nbsp; &nbsp;Varones (25) a SESENTA Y CUATRO (64) a\u00f1os, inclusive, sin t\u00edtulo universitario y con menores de edad a cargo.<br>\u25cf&nbsp;&nbsp; &nbsp;Personas de VEINTICINCO (25) a SESENTA Y CUATRO A\u00d1OS (64) a\u00f1os, inclusive, que cuenten con la nomenclatura \u201cX\u201d en el campo \u201csexo\u201d del Documento Nacional de Identidad, en los t\u00e9rminos del Decreto N\u00b0 476 del 20 de Julio de 2021, sin t\u00edtulo terciario o universitario y con menores a cargo.<br>\u25cf&nbsp;&nbsp; &nbsp;Personas titulares del PROGRAMA NACIONAL DE INCLUSI\u00d3N SOCIO- PRODUCTIVA Y DESARROLLO LOCAL \u201cPOTENCIAR TRABAJO\u201d, creado por la Resoluci\u00f3n del MINISTERIO DE DESARROLLO SOCIAL N\u00b0 121 del 18 de marzo de 2020 y sus modificatorias.<br>\u25cf&nbsp;&nbsp; &nbsp;J\u00f3venes incluidos en el \u201cPROGRAMA DE RESPALDO A ESTUDIANTES ARGENTINOS\u201d (PROGRESAR), creado por el Decreto N\u00b0 84 del 23 de enero de 2014 y sus normas modificatorias y complementarias, e implementado por el MINISTERIO DE EDUCACI\u00d3N DE LA NACI\u00d3N.<br>\u25cf&nbsp;&nbsp; &nbsp;Personas incluidas en el \u201cPROGRAMA DE APOYO Y ACOMPA\u00d1AMIENTO A PERSONAS EN SITUACI\u00d3N DE RIESGO POR VIOLENCIA POR MOTIVOS DE G\u00c9NERO\u201d (ACOMPA\u00d1AR).<br>\u25cf&nbsp;&nbsp; &nbsp;Personas con discapacidad que tengan Certificado \u00danico de Discapacidad (CUD) vigente, no incluido en el PROGRAMA PROMOVER LA IGUALDAD DE OPORTUNIDADES DE EMPLEO, creado por la Resoluci\u00f3n del MINISTERIO DE TRABAJO, EMPLEO Y SEGURIDAD SOCIAL N\u00b0 124 del 15 de febrero de 2011 y sus modificatorias.<br>\u25cf&nbsp;&nbsp; &nbsp;Personas que integren los colectivos de alto riesgo de exclusi\u00f3n del mercado laboral que se enumeren a continuaci\u00f3n:&nbsp;<br>&#8211;&nbsp;&nbsp; &nbsp;personas travestis, transexuales y transgero;<br>&#8211;&nbsp;&nbsp; &nbsp;mujeres v\u00edctimas de violencia de g\u00e9nero;<br>&#8211;&nbsp;&nbsp; &nbsp;personas v\u00edctimas de pr\u00e1cticas de explotaci\u00f3n sexual o de trata de personas en situaci\u00f3n de vulnerabilidad vinculada a la prostituci\u00f3n;<br>&#8211;&nbsp;&nbsp; &nbsp;personas que se encuentren en tratamiento por el consumo de sustancias psicoactivas, en fase en la cual sea propietario el desarrollo de estrategias de reinserci\u00f3n social;<br>&#8211;&nbsp;&nbsp; &nbsp; personas privadas de su libertad, personas que est\u00e9n incorporadas a medidas de tratamiento en el medio libre en virtud de disposici\u00f3n judicial y personas liberadas recientemente por cumplimiento o conmutaci\u00f3n de pena;<br>&#8211;&nbsp;&nbsp; &nbsp; personas pertenecientes a pueblos ind\u00edgenas;<br>&#8211;&nbsp;&nbsp; &nbsp;personas afrodescendientes;<br>&#8211;&nbsp;&nbsp; &nbsp;personas reconocidas como refugiadas;<br><br>Para anotarse las personas tienen que entrar por la web a&nbsp;<a href=\"https:\/\/www.portalempleo.gob.ar\/\" target=\"_blank\" rel=\"noreferrer noopener\">https:\/\/www.portalempleo.gob.ar\/<\/a>&nbsp;&nbsp;. Se registran con DNI y N\u00famero de Tramite. Esperar la confirmaci\u00f3n de tu clave por mail y luego desde el portal tienen que entrar donde dice \u201cInscribirse en los cursos Certificados por el Ministerio de Trabajo\u201d y buscar \u201cTaller De Orientaci\u00f3n Laboral\u201d.<br>Por cualquier duda se pueden comunicar por mail a &nbsp;<a href=\"mailto:oecarhue@trabao.gob.ar\" target=\"_blank\" rel=\"noreferrer noopener\">oecarhue@trabao.gob.ar<\/a>&nbsp;o acercarse &nbsp;a la Secretar\u00eda de Producci\u00f3n.&nbsp;<\/h3>\n","protected":false},"excerpt":{"rendered":"<div class=\"mh-excerpt\"><p>La Municipalidad de Adolfo Alsina informa que hasta el 29\/10 estar\u00e1 abierta la inscripci\u00f3n al Taller presencial de Orientaci\u00f3n Laboral &nbsp;destinada a personas mayores de 18 a\u00f1os que recibir\u00e1n $25.000 por realizarlo.&nbsp;As\u00ed ingresar\u00e1n a Adolfo Alsina $1.250.000 en concepto de becas a personas trabajadoras en situaci\u00f3n de empleo o desempleo que re\u00fanan las siguientes condiciones: tener 18 a\u00f1os o m\u00e1s de edad y contar con CUIL.&nbsp;Se contempla un tratamiento especial para las siguientes personas:&nbsp; \u25cf&nbsp;&nbsp; &nbsp;J\u00f3venes de dieciocho a\u00f1os (18) a VEINTICUATRO (24) a\u00f1os, inclusive sin estudios secundarios completos.\u25cf&nbsp;&nbsp; &nbsp;Mujeres de VEINTICINCO (25) a CINCUENTA Y NUEVE (59) a\u00f1os, inclusive, <a class=\"mh-excerpt-more\" href=\"http:\/\/dsrmedios.com.ar\/diario\/archivos\/40615\" title=\"Orientaci\u00f3n laboral: 50 personas de Adolfo Alsina podr\u00e1n realizar el curso y recibir el pago\">[Leer m\u00e1s]<\/a><\/p>\n<\/div>","protected":false},"author":8,"featured_media":40616,"comment_status":"open","ping_status":"closed","sticky":false,"template":"","format":"standard","meta":{"_jetpack_newsletter_access":""},"categories":[18,31,5],"tags":[],"jetpack_featured_media_url":"http:\/\/dsrmedios.com.ar\/diario\/wp-content\/uploads\/2023\/10\/9edbb9fc-8928-25e6-53a0-4a96848e5c5c.jpg","jetpack_sharing_enabled":true,"jetpack_shortlink":"https:\/\/wp.me\/p9fihK-az5","_links":{"self":[{"href":"http:\/\/dsrmedios.com.ar\/diario\/wp-json\/wp\/v2\/posts\/40615"}],"collection":[{"href":"http:\/\/dsrmedios.com.ar\/diario\/wp-json\/wp\/v2\/posts"}],"about":[{"href":"http:\/\/dsrmedios.com.ar\/diario\/wp-json\/wp\/v2\/types\/post"}],"author":[{"embeddable":true,"href":"http:\/\/dsrmedios.com.ar\/diario\/wp-json\/wp\/v2\/users\/8"}],"replies":[{"embeddable":true,"href":"http:\/\/dsrmedios.com.ar\/diario\/wp-json\/wp\/v2\/comments?post=40615"}],"version-history":[{"count":2,"href":"http:\/\/dsrmedios.com.ar\/diario\/wp-json\/wp\/v2\/posts\/40615\/revisions"}],"predecessor-version":[{"id":40644,"href":"http:\/\/dsrmedios.com.ar\/diario\/wp-json\/wp\/v2\/posts\/40615\/revisions\/40644"}],"wp:featuredmedia":[{"embeddable":true,"href":"http:\/\/dsrmedios.com.ar\/diario\/wp-json\/wp\/v2\/media\/40616"}],"wp:attachment":[{"href":"http:\/\/dsrmedios.com.ar\/diario\/wp-json\/wp\/v2\/media?parent=40615"}],"wp:term":[{"taxonomy":"category","embeddable":true,"href":"http:\/\/dsrmedios.com.ar\/diario\/wp-json\/wp\/v2\/categories?post=40615"},{"taxonomy":"post_tag","embeddable":true,"href":"http:\/\/dsrmedios.com.ar\/diario\/wp-json\/wp\/v2\/tags?post=40615"}],"curies":[{"name":"wp","href":"https:\/\/api.w.org\/{rel}","templated":true}]}}