{"id":40565,"date":"2023-10-17T21:05:01","date_gmt":"2023-10-18T00:05:01","guid":{"rendered":"http:\/\/dsrmedios.com.ar\/diario\/?p=40565"},"modified":"2023-10-17T21:05:04","modified_gmt":"2023-10-18T00:05:04","slug":"festeja-lionel-messi-se-confirmo-el-amistoso-entre-el-inter-miami-y-newells","status":"publish","type":"post","link":"http:\/\/dsrmedios.com.ar\/diario\/archivos\/40565","title":{"rendered":"Festeja Lionel Messi: se confirm\u00f3 el amistoso entre el Inter Miami y Newell\u2019s"},"content":{"rendered":"\n<p>Luego de la derrota ante Cincinnati por la MLS, el<a rel=\"noreferrer noopener\" href=\"https:\/\/tn.com.ar\/deportes\/futbol\/2023\/10\/07\/messi-hoy-vuelve-a-jugar-para-rescatar-al-inter-miami-del-naufragio-en-la-mls\/\" target=\"_blank\">\u00a0<strong>Inter Miami<\/strong>\u00a0de\u00a0<strong>Lionel Messi\u00a0<\/strong>se qued\u00f3 sin chances de clasificar a los playoffs<\/a>\u00a0de la liga de Estados Unidos. De esta manera, una vez que el equipo de la Florida termine su participaci\u00f3n en la temporada, estar\u00eda cuatro meses sin jugar de manera oficial. Por eso,\u00a0<a rel=\"noreferrer noopener\" href=\"https:\/\/tn.com.ar\/deportes\/futbol\/2023\/10\/15\/tras-quedar-fuera-de-los-playoffs-inter-miami-armo-un-plan-para-que-messi-siga-jugando\/\" target=\"_blank\"><strong>ya se trabaja para que esto no suceda<\/strong><\/a><strong>\u00a0y\u00a0<\/strong><a rel=\"noreferrer noopener\" href=\"https:\/\/tn.com.ar\/deportes\/futbol\/2023\/09\/29\/el-inter-miami-de-lionel-messi-podria-concretar-una-colaboracion-muy-esperada-con-newells\/\" target=\"_blank\"><strong>Newell\u2019s aprovech\u00f3 la situaci\u00f3n<\/strong><\/a>.<\/p>\n\n\n\n<p>Este martes se confirm\u00f3 un rumor que hab\u00eda nacido hace ya algunas semanas: Newell\u2019s y el Inter Miami jugaran un partido amistoso durante la pretemporada.<\/p>\n\n\n\n<p>Por supuesto,&nbsp;<strong>el nexo es la presencia de Messi y Gerardo Martino, que oficiaron como gestores para que se pudiera realizar<\/strong>. Como no pod\u00eda ser de otra manera, los hinchas se entusiasmaron.<\/p>\n\n\n\n<p><strong>La fecha estipulada para el amistoso es el 17 de febrero en Miami,<\/strong>&nbsp;como parte de la preparaci\u00f3n para la pr\u00f3xima temporada. Al mismo tiempo, La Lepra elev\u00f3 un pedido a la AFA para no jugar la Copa de la Liga en el tiempo que le lleve el viaje a Estados Unidos.<\/p>\n\n\n\n<figure class=\"wp-block-image\"><img decoding=\"async\" src=\"https:\/\/tn.com.ar\/resizer\/1I-JwmA45sGNduKo0madeCUl5MI=\/767x0\/smart\/filters:format(webp)\/cloudfront-us-east-1.images.arcpublishing.com\/artear\/OQACIBYQVFFGRHQRIQG2TUYDNM.jfif\" alt=\"Lionel Messi jugar\u00e1 ante Newell's en 2024 (Foto: Reuters)\"\/><figcaption class=\"wp-element-caption\">Lionel Messi jugar\u00e1 ante Newell&#8217;s en 2024 (Foto: Reuters)<\/figcaption><\/figure>\n\n\n\n<h2>C\u00f3mo ser\u00e1 la temporada del Inter Miami<\/h2>\n\n\n\n<p>Adem\u00e1s del partido ante Newell\u2019s, el Inter Miami tiene otros compromisos para cubrir la falta de partidos hasta la pr\u00f3xima temporada. Por eso,<strong>&nbsp;durante octubre y noviembre har\u00e1n una gira por Jap\u00f3n y China.<\/strong><\/p>\n\n\n\n<p>Si bien no est\u00e1n definidos los equipos a los que enfrentar\u00e1n, estos encuentros ayudar\u00e1n a sobrellevar a falta de competencia durante tanto tiempo.<\/p>\n\n\n\n<p>Otro de los puntos m\u00e1s atrapantes es la posibilidad de que Luis Su\u00e1rez se sume al equipo luego de su salida de Gremio. El delantero uruguayo y el club brasile\u00f1o arreglaron que no continuar\u00e1 en el 2024 y los rumores apuntan a que ser\u00e1 refuerzo del club de la Florida.<\/p>\n\n\n\n<p>fuente: tn<\/p>\n","protected":false},"excerpt":{"rendered":"<div class=\"mh-excerpt\"><p>Luego de la derrota ante Cincinnati por la MLS, el\u00a0Inter Miami\u00a0de\u00a0Lionel Messi\u00a0se qued\u00f3 sin chances de clasificar a los playoffs\u00a0de la liga de Estados Unidos. De esta manera, una vez que el equipo de la Florida termine su participaci\u00f3n en la temporada, estar\u00eda cuatro meses sin jugar de manera oficial. Por eso,\u00a0ya se trabaja para que esto no suceda\u00a0y\u00a0Newell\u2019s aprovech\u00f3 la situaci\u00f3n. Este martes se confirm\u00f3 un rumor que hab\u00eda nacido hace ya algunas semanas: Newell\u2019s y el Inter Miami jugaran un partido amistoso durante la pretemporada. Por supuesto,&nbsp;el nexo es la presencia de Messi y Gerardo Martino, que oficiaron <a class=\"mh-excerpt-more\" href=\"http:\/\/dsrmedios.com.ar\/diario\/archivos\/40565\" title=\"Festeja Lionel Messi: se confirm\u00f3 el amistoso entre el Inter Miami y Newell\u2019s\">[Leer m\u00e1s]<\/a><\/p>\n<\/div>","protected":false},"author":8,"featured_media":1449,"comment_status":"open","ping_status":"closed","sticky":false,"template":"","format":"standard","meta":{"_jetpack_newsletter_access":""},"categories":[2],"tags":[],"jetpack_featured_media_url":"http:\/\/dsrmedios.com.ar\/diario\/wp-content\/uploads\/2017\/10\/messiii.jpeg","jetpack_sharing_enabled":true,"jetpack_shortlink":"https:\/\/wp.me\/p9fihK-ayh","_links":{"self":[{"href":"http:\/\/dsrmedios.com.ar\/diario\/wp-json\/wp\/v2\/posts\/40565"}],"collection":[{"href":"http:\/\/dsrmedios.com.ar\/diario\/wp-json\/wp\/v2\/posts"}],"about":[{"href":"http:\/\/dsrmedios.com.ar\/diario\/wp-json\/wp\/v2\/types\/post"}],"author":[{"embeddable":true,"href":"http:\/\/dsrmedios.com.ar\/diario\/wp-json\/wp\/v2\/users\/8"}],"replies":[{"embeddable":true,"href":"http:\/\/dsrmedios.com.ar\/diario\/wp-json\/wp\/v2\/comments?post=40565"}],"version-history":[{"count":1,"href":"http:\/\/dsrmedios.com.ar\/diario\/wp-json\/wp\/v2\/posts\/40565\/revisions"}],"predecessor-version":[{"id":40567,"href":"http:\/\/dsrmedios.com.ar\/diario\/wp-json\/wp\/v2\/posts\/40565\/revisions\/40567"}],"wp:featuredmedia":[{"embeddable":true,"href":"http:\/\/dsrmedios.com.ar\/diario\/wp-json\/wp\/v2\/media\/1449"}],"wp:attachment":[{"href":"http:\/\/dsrmedios.com.ar\/diario\/wp-json\/wp\/v2\/media?parent=40565"}],"wp:term":[{"taxonomy":"category","embeddable":true,"href":"http:\/\/dsrmedios.com.ar\/diario\/wp-json\/wp\/v2\/categories?post=40565"},{"taxonomy":"post_tag","embeddable":true,"href":"http:\/\/dsrmedios.com.ar\/diario\/wp-json\/wp\/v2\/tags?post=40565"}],"curies":[{"name":"wp","href":"https:\/\/api.w.org\/{rel}","templated":true}]}}