{"id":40558,"date":"2023-10-17T20:59:55","date_gmt":"2023-10-17T23:59:55","guid":{"rendered":"http:\/\/dsrmedios.com.ar\/diario\/?p=40558"},"modified":"2023-10-17T20:59:58","modified_gmt":"2023-10-17T23:59:58","slug":"se-aceleran-los-juicios-a-cristina-kirchner-por-hotesur-los-sauces-y-el-memorandum-con-iran","status":"publish","type":"post","link":"http:\/\/dsrmedios.com.ar\/diario\/archivos\/40558","title":{"rendered":"Se aceleran los juicios a Cristina Kirchner por Hotesur-Los Sauces y el Memor\u00e1ndum con Ir\u00e1n"},"content":{"rendered":"\n<p>Se aceleran los tiempos para la realizaci\u00f3n de dos&nbsp;<strong>juicios&nbsp;<\/strong>que involucran a la vicepresidenta,&nbsp;<a href=\"https:\/\/tn.com.ar\/politica\/2023\/09\/23\/cristina-kirchner-critico-a-alberto-fernandez-por-el-acuerdo-con-el-fmi-y-dijo-por-que-no-hablo-tras-las-paso\/\" target=\"_blank\" rel=\"noreferrer noopener\"><strong>Cristina Kirchner<\/strong><\/a><strong>,<\/strong>&nbsp;por lavado de dinero a partir de las causas&nbsp;<strong>Hotesur &#8211; Los Sauces<\/strong>&nbsp;y la denuncia que el fiscal&nbsp;<strong>Alberto Nisman<\/strong>&nbsp;por presunto&nbsp;<strong>encubrimiento&nbsp;<\/strong>a los iran\u00edes acusados por el atentado a la AMIA, a partir del Memor\u00e1ndum con Ir\u00e1n.<\/p>\n\n\n\n<p>El jueves se sortean los nombres de los jueces que estar\u00e1n a cargo de estos dos procesos, mientras que se definieron los magistrados de la C\u00e1mara de Casaci\u00f3n que decidir\u00e1n sobre las apelaciones de la Vicepresidenta, que pidi\u00f3 la\u00a0<a rel=\"noreferrer noopener\" href=\"https:\/\/tn.com.ar\/politica\/2023\/10\/02\/cristina-kirchner-pidio-la-nulidad-de-las-causas-hotesur-los-sauces-y-el-memorandum-con-iran\/\" target=\"_blank\">nulidad<\/a>\u00a0de estas causas.<\/p>\n\n\n\n<p>Casaci\u00f3n tom\u00f3 decisiones en medio de la tensa situaci\u00f3n entre el Gobierno y la Justicia por el caso de&nbsp;<a href=\"https:\/\/tn.com.ar\/politica\/2023\/09\/06\/la-corte-suprema-ceso-de-sus-funciones-a-la-jueza-ana-maria-figueroa\/\" target=\"_blank\" rel=\"noreferrer noopener\"><strong>Ana Mar\u00eda Figueroa<\/strong><\/a><strong>,<\/strong>&nbsp;a la que la Corte Suprema le orden\u00f3 que deje su cargo tras cumplir&nbsp;<strong>los 75 a\u00f1os de edad,<\/strong>&nbsp;l\u00edmite de edad que fija la Constituci\u00f3n Nacional para el cese en las funciones de los jueces, pero cuyo&nbsp;<a href=\"https:\/\/tn.com.ar\/politica\/2023\/10\/01\/con-la-aprobacion-del-pliego-de-figueroa-el-kirchnerismo-busca-exponer-a-la-corte-con-otra-decision-incomoda\/\" target=\"_blank\" rel=\"noreferrer noopener\">pliego<\/a>&nbsp;luego fue aprobado por el kirchnerismo en el Senado y posteriormente firmado por el presidente,&nbsp;<a href=\"https:\/\/tn.com.ar\/politica\/2023\/10\/03\/alberto-fernandez-dilata-el-decreto-de-la-jueza-ana-maria-figueroa-y-genera-suspicacias-en-el-kirchnerismo\/\" target=\"_blank\" rel=\"noreferrer noopener\"><strong>Alberto Fern\u00e1ndez<\/strong><\/a><strong>.<\/strong><\/p>\n\n\n\n<p>Figueroa era parte de la sala de Casaci\u00f3n que deb\u00eda tomar decisiones sobre la causas Hotesur &#8211; Los Sauces y el memor\u00e1ndum con Ir\u00e1n, junto a&nbsp;<strong>Diego Barroetave\u00f1a<\/strong>&nbsp;y<strong>&nbsp;Daniel Petrone.<\/strong>&nbsp;Tras la decisi\u00f3n de la Corte los camaristas decidieron reabrir las causas y realizar el juicio oral y p\u00fablico.<\/p>\n\n\n\n<p>Barroetave\u00f1a y Petrone, junto con<strong>&nbsp;Carlos Mahiques,&nbsp;<\/strong>que intervino en lugar de Figueroa, resolvieron \u201crechazar in limine el planteo de recusaci\u00f3n efectuado por la defensa\u201d, a trav\u00e9s del procurador del Tesoro,&nbsp;<strong>Carlos Zannini,<\/strong>&nbsp;en el caso del Memor\u00e1ndum con Ir\u00e1n. Esta medida dej\u00f3 integrada la sala para que defina sobre el recurso extraordinario de la Vicepresidenta para llegar a la Corte. En el caso de que sea rechazada la defensa podr\u00e1 presentar un recurso de queja para llegar al m\u00e1ximo tribunal. En el caso de Hotesur &#8211; Los Sauces la sala qued\u00f3 integrada por Barroetave\u00f1a, Petrone y Javier Carbajo.<\/p>\n\n\n\n<h2>Qui\u00e9nes son los jueces que fueron apartados de las causas que involucran a Cristina Kirchner<\/h2>\n\n\n\n<p>En el caso de la causa por el Memor\u00e1ndum con Ir\u00e1n se&nbsp;<strong>apartaron&nbsp;<\/strong>por orden de Casaci\u00f3n a los integrantes del Tribunal Oral Federal n\u00famero 8 Gabriela L\u00f3pez I\u00f1iguez, Daniel Obligado y Jos\u00e9 Michilini, en la sentencia que revoc\u00f3 sobreseimientos y orden\u00f3 realizar el juicio oral. En cuanto a la causa Hotesur &#8211; Los Sauces fueron apartados los magistrados del TOF 5, Obligado y Adri\u00e1n Gr\u00fcnberg.<\/p>\n\n\n\n<h2>Qu\u00e9 se investiga en las causas Hotesur &#8211; Los Sauces y el Memor\u00e1ndum con Ir\u00e1n<\/h2>\n\n\n\n<p>La causa Hotesur &#8211; Los Sauces es por presunta asociaci\u00f3n il\u00edcita y lavado de dinero en el alquiler de propiedades y hoteles pertenecientes a la familia Kirchner. Se busca determinar si la Vicepresidenta recibi\u00f3 plata de las compa\u00f1\u00edas de<strong>&nbsp;L\u00e1zaro B\u00e1ez<\/strong>&nbsp;y&nbsp;<strong>Crist\u00f3bal L\u00f3pez<\/strong>&nbsp;como retorno por los negocios que ambos empresarios realizaron a partir de sus v\u00ednculos con el kirchnerismo.<\/p>\n\n\n\n<p>En el caso del Memor\u00e1ndum con Ir\u00e1n la causa se inici\u00f3 en enero de 2015 con la denuncia que present\u00f3 el fiscal federal Alberto Nisman, poco antes de\u00a0<strong>aparecer muerto\u00a0<\/strong>ese mismo mes en su departamento. Nisman consider\u00f3 que con la firma del memor\u00e1ndum entre la Argentina e Ir\u00e1n se busc\u00f3 encubrir a los acusados del atentado a la AMIA porque hac\u00eda caer las alertas rojas de Interpol que pesaban sobre ellos.<\/p>\n\n\n\n<p>FUENTE: tn<\/p>\n","protected":false},"excerpt":{"rendered":"<div class=\"mh-excerpt\"><p>Se aceleran los tiempos para la realizaci\u00f3n de dos&nbsp;juicios&nbsp;que involucran a la vicepresidenta,&nbsp;Cristina Kirchner,&nbsp;por lavado de dinero a partir de las causas&nbsp;Hotesur &#8211; Los Sauces&nbsp;y la denuncia que el fiscal&nbsp;Alberto Nisman&nbsp;por presunto&nbsp;encubrimiento&nbsp;a los iran\u00edes acusados por el atentado a la AMIA, a partir del Memor\u00e1ndum con Ir\u00e1n. El jueves se sortean los nombres de los jueces que estar\u00e1n a cargo de estos dos procesos, mientras que se definieron los magistrados de la C\u00e1mara de Casaci\u00f3n que decidir\u00e1n sobre las apelaciones de la Vicepresidenta, que pidi\u00f3 la\u00a0nulidad\u00a0de estas causas. Casaci\u00f3n tom\u00f3 decisiones en medio de la tensa situaci\u00f3n entre el Gobierno <a class=\"mh-excerpt-more\" href=\"http:\/\/dsrmedios.com.ar\/diario\/archivos\/40558\" title=\"Se aceleran los juicios a Cristina Kirchner por Hotesur-Los Sauces y el Memor\u00e1ndum con Ir\u00e1n\">[Leer m\u00e1s]<\/a><\/p>\n<\/div>","protected":false},"author":8,"featured_media":32020,"comment_status":"open","ping_status":"closed","sticky":false,"template":"","format":"standard","meta":{"_jetpack_newsletter_access":""},"categories":[6],"tags":[],"jetpack_featured_media_url":"http:\/\/dsrmedios.com.ar\/diario\/wp-content\/uploads\/2023\/04\/VEBWECDS52OGNDQUNSUHBYGXZQ.jpg","jetpack_sharing_enabled":true,"jetpack_shortlink":"https:\/\/wp.me\/p9fihK-aya","_links":{"self":[{"href":"http:\/\/dsrmedios.com.ar\/diario\/wp-json\/wp\/v2\/posts\/40558"}],"collection":[{"href":"http:\/\/dsrmedios.com.ar\/diario\/wp-json\/wp\/v2\/posts"}],"about":[{"href":"http:\/\/dsrmedios.com.ar\/diario\/wp-json\/wp\/v2\/types\/post"}],"author":[{"embeddable":true,"href":"http:\/\/dsrmedios.com.ar\/diario\/wp-json\/wp\/v2\/users\/8"}],"replies":[{"embeddable":true,"href":"http:\/\/dsrmedios.com.ar\/diario\/wp-json\/wp\/v2\/comments?post=40558"}],"version-history":[{"count":1,"href":"http:\/\/dsrmedios.com.ar\/diario\/wp-json\/wp\/v2\/posts\/40558\/revisions"}],"predecessor-version":[{"id":40561,"href":"http:\/\/dsrmedios.com.ar\/diario\/wp-json\/wp\/v2\/posts\/40558\/revisions\/40561"}],"wp:featuredmedia":[{"embeddable":true,"href":"http:\/\/dsrmedios.com.ar\/diario\/wp-json\/wp\/v2\/media\/32020"}],"wp:attachment":[{"href":"http:\/\/dsrmedios.com.ar\/diario\/wp-json\/wp\/v2\/media?parent=40558"}],"wp:term":[{"taxonomy":"category","embeddable":true,"href":"http:\/\/dsrmedios.com.ar\/diario\/wp-json\/wp\/v2\/categories?post=40558"},{"taxonomy":"post_tag","embeddable":true,"href":"http:\/\/dsrmedios.com.ar\/diario\/wp-json\/wp\/v2\/tags?post=40558"}],"curies":[{"name":"wp","href":"https:\/\/api.w.org\/{rel}","templated":true}]}}