{"id":40532,"date":"2023-10-17T20:22:02","date_gmt":"2023-10-17T23:22:02","guid":{"rendered":"http:\/\/dsrmedios.com.ar\/diario\/?p=40532"},"modified":"2023-10-17T20:22:04","modified_gmt":"2023-10-17T23:22:04","slug":"un-joven-argentino-de-19-anos-represento-a-la-region-en-una-reunion-de-la-onu-en-abu-dhabi","status":"publish","type":"post","link":"http:\/\/dsrmedios.com.ar\/diario\/archivos\/40532","title":{"rendered":"Un joven argentino de 19 a\u00f1os represent\u00f3 a la regi\u00f3n en una reuni\u00f3n de la ONU en Abu Dhabi"},"content":{"rendered":"\n<p><strong>Ger\u00f3nimo Bukosky<\/strong>&nbsp;tiene 19 a\u00f1os, estudia Relaciones Internacionales y ya debut\u00f3 en las ligas mayores de su carrera: acaba de disertar en la ONU. M\u00e1s precisamente, en el&nbsp;<strong>Foro de la Juventud de la UNCTAD<\/strong>&nbsp;(Conferencia de las Naciones Unidas sobre Comercio y Desarrollo), que comenz\u00f3 ayer en&nbsp;<strong>Abu Dhabi<\/strong>. Para participar all\u00ed, lo eligieron entre 250 postulantes de 195 pa\u00edses: fue el \u00fanico representante de Am\u00e9rica Latina en el evento.<\/p>\n\n\n\n<p>Nacido y criado en\u00a0<strong>Hilario Ascasubi<\/strong>, un pueblo bonaerense de menos de 5 mil habitantes ubicado 100 kil\u00f3metros al sur de Bah\u00eda Blanca, Ger\u00f3nimo disert\u00f3 acerca de soluciones innovadoras para las problem\u00e1ticas cotidianas que enfrentan los\u00a0<strong>j\u00f3venes con discapacidad<\/strong>. El tema lo moviliza desde chico, y lo llev\u00f3 a colaborar como voluntario con\u00a0<strong>Fundaci\u00f3n Comparlante<\/strong>, una ONG que promueve los derechos y el desarrollo en condiciones de equidad para las personas con discapacidad en la regi\u00f3n.<\/p>\n\n\n\n<p>\u00c9l quiso llevar al Foro tres temas centrales: el acceso de las personas con discapacidad a la&nbsp;<strong>educaci\u00f3n<\/strong>, las oportunidades y desaf\u00edos de los j\u00f3venes a la hora de obtener un&nbsp;<strong>primer empleo<\/strong>, y la necesidad de un&nbsp;<strong>salario digno e igualitario<\/strong>&nbsp;entre personas con y sin discapacidad. Su exposici\u00f3n form\u00f3 parte de una sesi\u00f3n titulada \u201cEl poder del&nbsp;<strong>factor humano<\/strong>&nbsp;en un mundo digital\u201d.<\/p>\n\n\n\n<p>\u201cFue una experiencia incre\u00edble y un orgullo poder representar a la Argentina. Desde chico me vengo preparando con modelos de Naciones Unidas, pero nunca pens\u00e9 que iba a llegar el d\u00eda de hablar ante la ONU\u201d, le cont\u00f3 Ger\u00f3nimo a&nbsp;<strong>Infobae<\/strong>.<\/p>\n\n\n\n<p>\u201cEn Am\u00e9rica Latina,&nbsp;<strong>solo el 20% de los ni\u00f1os con discapacidad est\u00e1 escolarizado<\/strong>. No acceder a la escuela luego dificulta en la vida adulta el acceso a un trabajo digno\u201d, se\u00f1al\u00f3 Ger\u00f3nimo en su exposici\u00f3n. Sobre la situaci\u00f3n laboral en el pa\u00eds, afirm\u00f3: \u201c<strong>El 91% de las personas con discapacidad en Argentina se encuentra desempleada<\/strong>. Ac\u00e1 debemos poner el foco a la hora de potenciar el factor humano. Si dejamos personas afuera, estamos atentando contra la Agenda 2030 que promueve la ONU\u201d.<\/p>\n\n\n\n<p>Con el lema \u201c<strong>Por la prosperidad planetaria<\/strong>\u201d, el Foro de la Juventud de la UNCTAD re\u00fane a 400 estudiantes o profesionales de&nbsp;<strong>entre 18 y 30 a\u00f1os<\/strong>&nbsp;de todo el mundo, y se desarrolla en paralelo al&nbsp;<strong>Foro Mundial de Inversiones<\/strong>&nbsp;de la ONU.<\/p>\n\n\n\n<p>Hasta el 20 de octubre, los j\u00f3venes discutir\u00e1n sobre innovaciones tecnol\u00f3gicas, la transformaci\u00f3n de las industrias, la educaci\u00f3n para el futuro y la creciente importancia de las&nbsp;<strong>habilidades interpersonales<\/strong>, sobre todo la colaboraci\u00f3n \u201cpara abordar cuestiones complejas a escala y crear&nbsp;<strong>una econom\u00eda global m\u00e1s resiliente<\/strong>\u201d, seg\u00fan explicaron los organizadores. Durante toda la semana, los j\u00f3venes l\u00edderes participar\u00e1n en sesiones plenarias al estilo TED, talleres creativos de resoluci\u00f3n de problemas, proyectos y trabajo en red, entre otras actividades.<\/p>\n\n\n\n<p><img decoding=\"async\" loading=\"lazy\" alt=\"Ger\u00f3nimo Bukosky (tercero desde la izquierda) junto a sus pares de otros pa\u00edses en el Foro de la Juventud.\" height=\"1177\" width=\"1600\" src=\"https:\/\/www.infobae.com\/new-resizer\/wiNa0IxLgiql0p1vg6O3pS1zd_Y=\/arc-anglerfish-arc2-prod-infobae\/public\/4TLNILCQ2BDS7P63ZCSLS4RIRU.jpeg\" srcset=\"https:\/\/www.infobae.com\/new-resizer\/vfUe3hleHHL4Uq-vvFPZBR5sJtU=\/420x315\/filters:format(webp):quality(85)\/cloudfront-us-east-1.images.arcpublishing.com\/infobae\/4TLNILCQ2BDS7P63ZCSLS4RIRU.jpeg 420w,https:\/\/www.infobae.com\/new-resizer\/oppMDeFFSTix3O3Lc0fNZKxiplE=\/768x576\/filters:format(webp):quality(85)\/cloudfront-us-east-1.images.arcpublishing.com\/infobae\/4TLNILCQ2BDS7P63ZCSLS4RIRU.jpeg 768w,https:\/\/www.infobae.com\/new-resizer\/vvM4SYH8l_WJVwx3_aVxSrguxKs=\/992x744\/filters:format(webp):quality(85)\/cloudfront-us-east-1.images.arcpublishing.com\/infobae\/4TLNILCQ2BDS7P63ZCSLS4RIRU.jpeg 992w,https:\/\/www.infobae.com\/new-resizer\/Xui9shd3r5oMdGaQQgy0SmsfwPY=\/1200x900\/filters:format(webp):quality(85)\/cloudfront-us-east-1.images.arcpublishing.com\/infobae\/4TLNILCQ2BDS7P63ZCSLS4RIRU.jpeg 1200w,https:\/\/www.infobae.com\/new-resizer\/EkaeiNvhUNn-CTWK1T6HgUnX9bg=\/1440x1080\/filters:format(webp):quality(85)\/cloudfront-us-east-1.images.arcpublishing.com\/infobae\/4TLNILCQ2BDS7P63ZCSLS4RIRU.jpeg 1440w\">Ger\u00f3nimo Bukosky (tercero desde la izquierda) junto a sus pares de otros pa\u00edses en el Foro de la Juventud.<\/p>\n\n\n\n<p>Seg\u00fan los debates de las primeras jornadas, en el nuevo panorama laboral las habilidades interpersonales resultan el v\u00ednculo clave&nbsp;<strong>entre las capacidades humanas y la tecnolog\u00eda<\/strong>. Mientras que la automatizaci\u00f3n y la Inteligencia Artificial est\u00e1n transformando los sectores al resolver tareas rutinarias y habilidades duras, el<strong>&nbsp;factor humano&nbsp;<\/strong>no puede ser sustituido por m\u00e1quinas, coincidieron los participantes.<\/p>\n\n\n\n<p>Como resultado final de los cinco d\u00edas de debate, se espera que surja una \u201c<strong>Declaraci\u00f3n de la Juventud<\/strong>\u201d que se elevar\u00e1 al Foro Mundial de Inversiones, en el que participan presidentes y jefes de Estado, y que podr\u00e1 incorporarse tambi\u00e9n a la&nbsp;<strong>COP28<\/strong>, la 28\u00b0 Conferencia de las Naciones Unidas sobre el Cambio Clim\u00e1tico que se celebrar\u00e1 a partir del 30 de noviembre en Dub\u00e1i.<\/p>\n\n\n\n<p>Ger\u00f3nimo,&nbsp;<strong>\u00fanico representante latinoamericano en el Foro<\/strong>, lleg\u00f3 a esta instancia a trav\u00e9s de Fundaci\u00f3n Comparlante, una organizaci\u00f3n sin fines de lucro con estatus consultivo en Naciones Unidas.<\/p>\n\n\n\n<p>\u201cDesde la Fundaci\u00f3n apostamos al potencial de las tecnolog\u00edas. Sabemos que, si se implementan de manera correcta, pueden ayudarnos a&nbsp;<strong>combatir las brechas<\/strong>&nbsp;con las que convivimos los j\u00f3venes, creando entornos que potencien las capacidades de todo ser humano\u201d, dijo el joven argentino, estudiante de la UADE, e invit\u00f3 \u201ca todos los que puedan a sumarse y colaborar\u201d.<\/p>\n\n\n\n<p>\u201cComo j\u00f3venes tenemos que involucrarnos. Hay cosas que nosotros estamos pudiendo hacer que otras personas no y es el momento de preguntarnos en qu\u00e9 mundo vivimos.&nbsp;<strong>Si realmente nos molesta el mundo desigual en el que estamos<\/strong>, pong\u00e1monos las pilas porque las cosas se cambian desde adentro\u201d, le dijo a la agencia T\u00e9lam.<\/p>\n\n\n\n<p>Para poder llegar a Abu Dhabi, Ger\u00f3nimo debi\u00f3 conseguir distintos apoyos. A trav\u00e9s de una gesti\u00f3n realizada por la\u00a0<strong>Embajada Argentina\u00a0<\/strong>en los Emiratos \u00c1rabes Unidos, la compa\u00f1\u00eda a\u00e9rea Emirates le facilit\u00f3 su pasaje de avi\u00f3n. A su vez, desde Fundaci\u00f3n Comparlante impulsaron una<strong>\u00a0colecta solidaria\u00a0<\/strong>para solventar su estad\u00eda, y lograron el respaldo de empresas como Palo Verde y Corelite Composites.<\/p>\n\n\n\n<p>Fuente: infobae<\/p>\n","protected":false},"excerpt":{"rendered":"<div class=\"mh-excerpt\"><p>Ger\u00f3nimo Bukosky&nbsp;tiene 19 a\u00f1os, estudia Relaciones Internacionales y ya debut\u00f3 en las ligas mayores de su carrera: acaba de disertar en la ONU. M\u00e1s precisamente, en el&nbsp;Foro de la Juventud de la UNCTAD&nbsp;(Conferencia de las Naciones Unidas sobre Comercio y Desarrollo), que comenz\u00f3 ayer en&nbsp;Abu Dhabi. Para participar all\u00ed, lo eligieron entre 250 postulantes de 195 pa\u00edses: fue el \u00fanico representante de Am\u00e9rica Latina en el evento. Nacido y criado en\u00a0Hilario Ascasubi, un pueblo bonaerense de menos de 5 mil habitantes ubicado 100 kil\u00f3metros al sur de Bah\u00eda Blanca, Ger\u00f3nimo disert\u00f3 acerca de soluciones innovadoras para las problem\u00e1ticas cotidianas que <a class=\"mh-excerpt-more\" href=\"http:\/\/dsrmedios.com.ar\/diario\/archivos\/40532\" title=\"Un joven argentino de 19 a\u00f1os represent\u00f3 a la regi\u00f3n en una reuni\u00f3n de la ONU en Abu Dhabi\">[Leer m\u00e1s]<\/a><\/p>\n<\/div>","protected":false},"author":8,"featured_media":40533,"comment_status":"open","ping_status":"closed","sticky":false,"template":"","format":"standard","meta":{"_jetpack_newsletter_access":""},"categories":[6],"tags":[],"jetpack_featured_media_url":"http:\/\/dsrmedios.com.ar\/diario\/wp-content\/uploads\/2023\/10\/zgXQaxY_K_360x240__1.webp","jetpack_sharing_enabled":true,"jetpack_shortlink":"https:\/\/wp.me\/p9fihK-axK","_links":{"self":[{"href":"http:\/\/dsrmedios.com.ar\/diario\/wp-json\/wp\/v2\/posts\/40532"}],"collection":[{"href":"http:\/\/dsrmedios.com.ar\/diario\/wp-json\/wp\/v2\/posts"}],"about":[{"href":"http:\/\/dsrmedios.com.ar\/diario\/wp-json\/wp\/v2\/types\/post"}],"author":[{"embeddable":true,"href":"http:\/\/dsrmedios.com.ar\/diario\/wp-json\/wp\/v2\/users\/8"}],"replies":[{"embeddable":true,"href":"http:\/\/dsrmedios.com.ar\/diario\/wp-json\/wp\/v2\/comments?post=40532"}],"version-history":[{"count":1,"href":"http:\/\/dsrmedios.com.ar\/diario\/wp-json\/wp\/v2\/posts\/40532\/revisions"}],"predecessor-version":[{"id":40534,"href":"http:\/\/dsrmedios.com.ar\/diario\/wp-json\/wp\/v2\/posts\/40532\/revisions\/40534"}],"wp:featuredmedia":[{"embeddable":true,"href":"http:\/\/dsrmedios.com.ar\/diario\/wp-json\/wp\/v2\/media\/40533"}],"wp:attachment":[{"href":"http:\/\/dsrmedios.com.ar\/diario\/wp-json\/wp\/v2\/media?parent=40532"}],"wp:term":[{"taxonomy":"category","embeddable":true,"href":"http:\/\/dsrmedios.com.ar\/diario\/wp-json\/wp\/v2\/categories?post=40532"},{"taxonomy":"post_tag","embeddable":true,"href":"http:\/\/dsrmedios.com.ar\/diario\/wp-json\/wp\/v2\/tags?post=40532"}],"curies":[{"name":"wp","href":"https:\/\/api.w.org\/{rel}","templated":true}]}}