{"id":40529,"date":"2023-10-17T20:19:08","date_gmt":"2023-10-17T23:19:08","guid":{"rendered":"http:\/\/dsrmedios.com.ar\/diario\/?p=40529"},"modified":"2023-10-17T20:19:11","modified_gmt":"2023-10-17T23:19:11","slug":"llego-al-pais-el-segundo-vuelo-con-argentinos-evacuados-de-israel","status":"publish","type":"post","link":"http:\/\/dsrmedios.com.ar\/diario\/archivos\/40529","title":{"rendered":"Lleg\u00f3 al pa\u00eds el segundo vuelo con argentinos evacuados de Israel"},"content":{"rendered":"\n<p>El segundo grupo de argentinos evacuados desde<strong>&nbsp;Israel&nbsp;<\/strong>arrib\u00f3 al pa\u00eds este martes en un vuelo de Aerol\u00edneas Argentinas proveniente de Roma que aterriz\u00f3 en Ezeiza a las 14:50. Se trata de un contingente de<strong>&nbsp;262 repatriados&nbsp;<\/strong>que realizaron un puente a\u00e9reo desde Tel Aviv hacia la capital italiana para escapar de los ataques terroristas de&nbsp;<strong>Hamas en Medio Oriente.<\/strong><\/p>\n\n\n\n<p>Seg\u00fan informaron, los pasajeros viajaron en el vuelo AR1091 del avi\u00f3n 330-200. Este hab\u00eda partido desde Italia a las 6:23 de hoy (2.23 de la madrugada en Argentina) y lleg\u00f3 a Buenos Aires pasado el mediod\u00eda, tal como estaba estipulado.<\/p>\n\n\n\n<p>Tras aterrizar, todo el grupo fue trasladado en micro hasta la zona del Hangar 5 de la aerol\u00ednea estatal, donde los esperaban los familiares y allegados para reencontrarse con ellos.&nbsp;<strong>Los recibi\u00f3 una multitud de personas con aplausos y carteles.<\/strong><\/p>\n\n\n\n<p>\u201cFue una experiencia \u00fanica, la verdad.&nbsp;<strong>No se lo deseo a nadie<\/strong>, pero la verdad que la organizaci\u00f3n no tiene precio. Cuando est\u00e1bamos en el aeropuerto empezaron a sonar las sirenas y tuvimos que evacuarnos. Las chicas se pusieron a rogar. Fue un momento bravo\u201d, cont\u00f3 en di\u00e1logo con&nbsp;<em>TN<\/em>&nbsp;un hombre que lleg\u00f3 en el vuelo.<\/p>\n\n\n\n<p><img decoding=\"async\" loading=\"lazy\" alt=\"El primer grupo arrib\u00f3 el domingo a la ma\u00f1ana \" height=\"1080\" width=\"1920\" src=\"https:\/\/www.infobae.com\/new-resizer\/Rcme61bMRBGYuDPVgBYTCxZKTfA=\/arc-anglerfish-arc2-prod-infobae\/public\/HFKOZGNO5VAD5PAS3R2YQ34HGM.jpg\" srcset=\"https:\/\/www.infobae.com\/new-resizer\/9h400AR_9x_PH20zmCNbL5wbx-4=\/420x236\/filters:format(webp):quality(85)\/cloudfront-us-east-1.images.arcpublishing.com\/infobae\/HFKOZGNO5VAD5PAS3R2YQ34HGM.jpg 420w,https:\/\/www.infobae.com\/new-resizer\/BVABlKc_pJ_dLZDeKFQpDuJOblg=\/768x432\/filters:format(webp):quality(85)\/cloudfront-us-east-1.images.arcpublishing.com\/infobae\/HFKOZGNO5VAD5PAS3R2YQ34HGM.jpg 768w,https:\/\/www.infobae.com\/new-resizer\/LO8ZKYW4ZVibQO33tOBB6AgZW_I=\/992x558\/filters:format(webp):quality(85)\/cloudfront-us-east-1.images.arcpublishing.com\/infobae\/HFKOZGNO5VAD5PAS3R2YQ34HGM.jpg 992w,https:\/\/www.infobae.com\/new-resizer\/DsvQ-cFRu8clw1zBH8FXOnGmgmc=\/1200x675\/filters:format(webp):quality(85)\/cloudfront-us-east-1.images.arcpublishing.com\/infobae\/HFKOZGNO5VAD5PAS3R2YQ34HGM.jpg 1200w,https:\/\/www.infobae.com\/new-resizer\/0rdQU_ap6mJ1QFBLivWAiv7nWkQ=\/1440x810\/filters:format(webp):quality(85)\/cloudfront-us-east-1.images.arcpublishing.com\/infobae\/HFKOZGNO5VAD5PAS3R2YQ34HGM.jpg 1440w\">El primer grupo arrib\u00f3 el domingo a la ma\u00f1ana<\/p>\n\n\n\n<p>Otra mujer relat\u00f3 el calvario que vivi\u00f3 en los \u00faltimos d\u00edas: \u201cEstuvimos viviendo en la casa de una amiga de mi hija que nos recogi\u00f3 y nos ayud\u00f3, porque no se pod\u00eda volver al kibutz. Mi nieto perdi\u00f3 toda su casa, la incendiaron. Esta amiga, que vive cerca de Jerusal\u00e9n, nos recogi\u00f3 y nos ayudaron\u201d, dijo al mismo canal de noticias.<\/p>\n\n\n\n<p>El avi\u00f3n en el que volvieron los argentinos hab\u00eda despegado desde Ezeiza el lunes a la ma\u00f1ana y lleg\u00f3 aeropuerto de Fiumicino a las 23 de ese d\u00eda. El mismo sali\u00f3 con el objetivo de completar el traslado de quienes se encontraban en Israel al momento en que recrudeci\u00f3 el conflicto y los ataques del grupo terrorista.<\/p>\n\n\n\n<p>El contingente arrib\u00f3 en el marco del operativo&nbsp;<strong>\u201cRegreso Seguro\u201d<\/strong>, a cargo del Ministerio de Defensa. A trav\u00e9s de este fue que comenzaron a realizarse las evacuaciones desde Israel a fines de la semana pasada.<\/p>\n\n\n\n<p>El primero de ellos<strong>&nbsp;se concret\u00f3 este domingo a las 7:50 de la ma\u00f1ana,<\/strong>&nbsp;cuando arrib\u00f3 al aeropuerto de Ezeiza el primer grupo de argentinos evacuados desde all\u00ed. Todos llegaron en el vuelo AR1091, en el cual se encontraba un grupo de j\u00f3venes que hab\u00edan viajado al pa\u00eds por un intercambio educativo junto a un grupo de tutores y docentes.<\/p>\n\n\n\n<p><img decoding=\"async\" loading=\"lazy\" alt=\"El arribo del primer grupo de evacuados \" height=\"1080\" width=\"1920\" src=\"https:\/\/www.infobae.com\/new-resizer\/PzZYzfSKT-KD9ptk_XHwa-td7dc=\/arc-anglerfish-arc2-prod-infobae\/public\/IN2E2WQUWFGRRPYSCN4FM7PAPM.jpg\" srcset=\"https:\/\/www.infobae.com\/new-resizer\/Gc-LSZHjqGRc_mnQ9JK2nCp_-Y8=\/420x236\/filters:format(webp):quality(85)\/cloudfront-us-east-1.images.arcpublishing.com\/infobae\/IN2E2WQUWFGRRPYSCN4FM7PAPM.jpg 420w,https:\/\/www.infobae.com\/new-resizer\/zRMBQk7yh7RnFWNisyfnwQtnQco=\/768x432\/filters:format(webp):quality(85)\/cloudfront-us-east-1.images.arcpublishing.com\/infobae\/IN2E2WQUWFGRRPYSCN4FM7PAPM.jpg 768w,https:\/\/www.infobae.com\/new-resizer\/ei81jZkSHOVNr4slV3xPmPkb7q0=\/992x558\/filters:format(webp):quality(85)\/cloudfront-us-east-1.images.arcpublishing.com\/infobae\/IN2E2WQUWFGRRPYSCN4FM7PAPM.jpg 992w,https:\/\/www.infobae.com\/new-resizer\/XcVLxxYXFuE64aG4E_UWJxWSVJ8=\/1200x675\/filters:format(webp):quality(85)\/cloudfront-us-east-1.images.arcpublishing.com\/infobae\/IN2E2WQUWFGRRPYSCN4FM7PAPM.jpg 1200w,https:\/\/www.infobae.com\/new-resizer\/cyS1w_IK6bZhjLA2l_6UPKNU164=\/1440x810\/filters:format(webp):quality(85)\/cloudfront-us-east-1.images.arcpublishing.com\/infobae\/IN2E2WQUWFGRRPYSCN4FM7PAPM.jpg 1440w\">El arribo del primer grupo de evacuados<\/p>\n\n\n\n<p>Cuarenta y cinco minutos despu\u00e9s de aterrizar, un primer grupo de chicos pudo subirse al \u00f3mnibus que los traslad\u00f3 hasta una de las entradas al aeropuerto. Y minutos antes de las 9 se produjeron los primeros abrazos, con llantos de emoci\u00f3n incluidos.<strong>\u00a0\u201cFue el mejor regalo del D\u00eda de la Madre\u201d,<\/strong>\u00a0dijo una mujer completamente quebrada entre l\u00e1grimas de alegr\u00eda a C5N.<\/p>\n\n\n\n<p>El canciller&nbsp;<strong>Santiago Cafiero&nbsp;<\/strong>hab\u00eda adelantado que la prioridad del operativo, realizado para que alrededor de 1.500 ciudadanos puedan abandonar el pa\u00eds de Medio Oriente, se concentra en trasladar a Roma a 180 menores de edad que est\u00e1n all\u00ed en un intercambio educativo.<\/p>\n\n\n\n<p>\u201cLa prioridad de hoy es sacar a todos los menores. Tenemos 3 vuelos programados. Esperamos tener las condiciones necesarias en el aeropuerto para evacuarlos. Son 180 pibes m\u00e1s sus tutores. Hoy el foco va a estar puesto ah\u00ed. Ser\u00e1n tres vuelos intercalados entre el H\u00e9rcules -que est\u00e1 en la ciudad de Roma- y el Boeing\u201d, sostuvo el viernes el ministro en la radio Futur\u00f6ck.<\/p>\n\n\n\n<p>En este sentido, a\u00fan resta el aterrizaje de uno de los tres aviones anunciados. Seg\u00fan aseguraron desde Canciller\u00eda, el traslado de los argentinos entre Tel Aviv y Roma contin\u00faa con un H\u00e9rcules C-130 y un Boeing 737 pertenecientes a la Fuerza A\u00e9rea Argentina.<\/p>\n\n\n\n<p>Fuente: infobae<\/p>\n","protected":false},"excerpt":{"rendered":"<div class=\"mh-excerpt\"><p>El segundo grupo de argentinos evacuados desde&nbsp;Israel&nbsp;arrib\u00f3 al pa\u00eds este martes en un vuelo de Aerol\u00edneas Argentinas proveniente de Roma que aterriz\u00f3 en Ezeiza a las 14:50. Se trata de un contingente de&nbsp;262 repatriados&nbsp;que realizaron un puente a\u00e9reo desde Tel Aviv hacia la capital italiana para escapar de los ataques terroristas de&nbsp;Hamas en Medio Oriente. Seg\u00fan informaron, los pasajeros viajaron en el vuelo AR1091 del avi\u00f3n 330-200. Este hab\u00eda partido desde Italia a las 6:23 de hoy (2.23 de la madrugada en Argentina) y lleg\u00f3 a Buenos Aires pasado el mediod\u00eda, tal como estaba estipulado. Tras aterrizar, todo el grupo <a class=\"mh-excerpt-more\" href=\"http:\/\/dsrmedios.com.ar\/diario\/archivos\/40529\" title=\"Lleg\u00f3 al pa\u00eds el segundo vuelo con argentinos evacuados de Israel\">[Leer m\u00e1s]<\/a><\/p>\n<\/div>","protected":false},"author":8,"featured_media":40530,"comment_status":"open","ping_status":"closed","sticky":false,"template":"","format":"standard","meta":{"_jetpack_newsletter_access":""},"categories":[6],"tags":[],"jetpack_featured_media_url":"http:\/\/dsrmedios.com.ar\/diario\/wp-content\/uploads\/2023\/10\/sm.webp","jetpack_sharing_enabled":true,"jetpack_shortlink":"https:\/\/wp.me\/p9fihK-axH","_links":{"self":[{"href":"http:\/\/dsrmedios.com.ar\/diario\/wp-json\/wp\/v2\/posts\/40529"}],"collection":[{"href":"http:\/\/dsrmedios.com.ar\/diario\/wp-json\/wp\/v2\/posts"}],"about":[{"href":"http:\/\/dsrmedios.com.ar\/diario\/wp-json\/wp\/v2\/types\/post"}],"author":[{"embeddable":true,"href":"http:\/\/dsrmedios.com.ar\/diario\/wp-json\/wp\/v2\/users\/8"}],"replies":[{"embeddable":true,"href":"http:\/\/dsrmedios.com.ar\/diario\/wp-json\/wp\/v2\/comments?post=40529"}],"version-history":[{"count":1,"href":"http:\/\/dsrmedios.com.ar\/diario\/wp-json\/wp\/v2\/posts\/40529\/revisions"}],"predecessor-version":[{"id":40531,"href":"http:\/\/dsrmedios.com.ar\/diario\/wp-json\/wp\/v2\/posts\/40529\/revisions\/40531"}],"wp:featuredmedia":[{"embeddable":true,"href":"http:\/\/dsrmedios.com.ar\/diario\/wp-json\/wp\/v2\/media\/40530"}],"wp:attachment":[{"href":"http:\/\/dsrmedios.com.ar\/diario\/wp-json\/wp\/v2\/media?parent=40529"}],"wp:term":[{"taxonomy":"category","embeddable":true,"href":"http:\/\/dsrmedios.com.ar\/diario\/wp-json\/wp\/v2\/categories?post=40529"},{"taxonomy":"post_tag","embeddable":true,"href":"http:\/\/dsrmedios.com.ar\/diario\/wp-json\/wp\/v2\/tags?post=40529"}],"curies":[{"name":"wp","href":"https:\/\/api.w.org\/{rel}","templated":true}]}}