{"id":40510,"date":"2023-10-17T19:49:35","date_gmt":"2023-10-17T22:49:35","guid":{"rendered":"http:\/\/dsrmedios.com.ar\/diario\/?p=40510"},"modified":"2023-10-17T19:49:41","modified_gmt":"2023-10-17T22:49:41","slug":"andres-dio-la-bienvenida-al-nuevo-edificio-a-estudiantes-y-docentes-de-la-escuela-tecnica","status":"publish","type":"post","link":"http:\/\/dsrmedios.com.ar\/diario\/archivos\/40510","title":{"rendered":"<strong>Andres dio la bienvenida al nuevo edificio a estudiantes y docentes de la Escuela T\u00e9cnica<\/strong>"},"content":{"rendered":"\n<p>El Intendente Javier Andres recibi\u00f3 junto a Pablo Urquiza, Jefe de Gabinete de la Direcci\u00f3n General de Cultura y Educaci\u00f3n de la Provincia de Buenos Aires, a estudiantes y docentes de la Escuela T\u00e9cnica N\u00b01 de Carhu\u00e9 que estrenaron su nuevo edificio.<br><br>Temprano en la ma\u00f1ana, los estudiantes ingresaron al nuevo edificio ubicado en&nbsp;la&nbsp;intersecci\u00f3n de las calles Dorrego y Jos\u00e9 Ingenieros de la ciudad de Carhu\u00e9.<\/p>\n\n\n\n<p><br>El Intendente de Adolfo Alsina, Javier Andres, y el Jefe de Gabinete Pablo Urquiza se dirigieron a los presentes con palabras de bienvenida.<br><br>Estuvieron presentes, tambi\u00e9n: la Presidente del Consejo Escolar de Adolfo&nbsp;Alsina, Carmen Bonifacio, el Consejero Escolar Mariano Osar\u00e1n; Valeria Visotsky, Jefa Regional de Educaci\u00f3n; Myrian Leonhart, Inspectora Jefa Distrital de Ense\u00f1anza; Liliana Sewald, Inspectora de Nivel Secundario; Silvana Denk, Directora de la instituci\u00f3n; la Secretaria de Cultura y Educaci\u00f3n de Adolfo Alsina, Gisele Caussanel; y Evangelina Kais, Inspectora de Modalidad Especial.<\/p>\n\n\n\n<h3>El sector habilitado es la primera etapa la obra, un edificio de 2.229,06 metros cuadrados que est\u00e1 siendo realizado de manera conjunta entre la Provincia de Buenos Aires y el Instituto Nacional para la Educaci\u00f3n T\u00e9cnico Profesional (INET) y corresponde a la primera etapa para la creaci\u00f3n del edificio escolar.<br><br>Esta etapa consta de aulas para los talleres orientados a especialidades de electr\u00f3nica, tres aulas te\u00f3ricas, taller de inform\u00e1tica, laboratorio de proyectos y dise\u00f1o, laboratorio de el\u00e9ctrica, jefatura de talleres, sala de profesores, preceptor\u00eda, cocina, buffet, n\u00facleos sanitarios y sala de m\u00e1quinas.<\/h3>\n","protected":false},"excerpt":{"rendered":"<div class=\"mh-excerpt\"><p>El Intendente Javier Andres recibi\u00f3 junto a Pablo Urquiza, Jefe de Gabinete de la Direcci\u00f3n General de Cultura y Educaci\u00f3n de la Provincia de Buenos Aires, a estudiantes y docentes de la Escuela T\u00e9cnica N\u00b01 de Carhu\u00e9 que estrenaron su nuevo edificio. Temprano en la ma\u00f1ana, los estudiantes ingresaron al nuevo edificio ubicado en&nbsp;la&nbsp;intersecci\u00f3n de las calles Dorrego y Jos\u00e9 Ingenieros de la ciudad de Carhu\u00e9. El Intendente de Adolfo Alsina, Javier Andres, y el Jefe de Gabinete Pablo Urquiza se dirigieron a los presentes con palabras de bienvenida. Estuvieron presentes, tambi\u00e9n: la Presidente del Consejo Escolar de Adolfo&nbsp;Alsina, Carmen <a class=\"mh-excerpt-more\" href=\"http:\/\/dsrmedios.com.ar\/diario\/archivos\/40510\" title=\"Andres dio la bienvenida al nuevo edificio a estudiantes y docentes de la Escuela T\u00e9cnica\">[Leer m\u00e1s]<\/a><\/p>\n<\/div>","protected":false},"author":8,"featured_media":40513,"comment_status":"open","ping_status":"closed","sticky":false,"template":"","format":"standard","meta":{"_jetpack_newsletter_access":""},"categories":[46,31,5],"tags":[],"jetpack_featured_media_url":"http:\/\/dsrmedios.com.ar\/diario\/wp-content\/uploads\/2023\/10\/dc221be3-db48-4701-f32c-f338ceb8bdb4-scaled.jpg","jetpack_sharing_enabled":true,"jetpack_shortlink":"https:\/\/wp.me\/p9fihK-axo","_links":{"self":[{"href":"http:\/\/dsrmedios.com.ar\/diario\/wp-json\/wp\/v2\/posts\/40510"}],"collection":[{"href":"http:\/\/dsrmedios.com.ar\/diario\/wp-json\/wp\/v2\/posts"}],"about":[{"href":"http:\/\/dsrmedios.com.ar\/diario\/wp-json\/wp\/v2\/types\/post"}],"author":[{"embeddable":true,"href":"http:\/\/dsrmedios.com.ar\/diario\/wp-json\/wp\/v2\/users\/8"}],"replies":[{"embeddable":true,"href":"http:\/\/dsrmedios.com.ar\/diario\/wp-json\/wp\/v2\/comments?post=40510"}],"version-history":[{"count":1,"href":"http:\/\/dsrmedios.com.ar\/diario\/wp-json\/wp\/v2\/posts\/40510\/revisions"}],"predecessor-version":[{"id":40514,"href":"http:\/\/dsrmedios.com.ar\/diario\/wp-json\/wp\/v2\/posts\/40510\/revisions\/40514"}],"wp:featuredmedia":[{"embeddable":true,"href":"http:\/\/dsrmedios.com.ar\/diario\/wp-json\/wp\/v2\/media\/40513"}],"wp:attachment":[{"href":"http:\/\/dsrmedios.com.ar\/diario\/wp-json\/wp\/v2\/media?parent=40510"}],"wp:term":[{"taxonomy":"category","embeddable":true,"href":"http:\/\/dsrmedios.com.ar\/diario\/wp-json\/wp\/v2\/categories?post=40510"},{"taxonomy":"post_tag","embeddable":true,"href":"http:\/\/dsrmedios.com.ar\/diario\/wp-json\/wp\/v2\/tags?post=40510"}],"curies":[{"name":"wp","href":"https:\/\/api.w.org\/{rel}","templated":true}]}}