{"id":40501,"date":"2023-10-15T14:13:31","date_gmt":"2023-10-15T17:13:31","guid":{"rendered":"http:\/\/dsrmedios.com.ar\/diario\/?p=40501"},"modified":"2023-10-15T14:13:33","modified_gmt":"2023-10-15T17:13:33","slug":"la-renovacion-del-senado-el-peronismo-podria-quedar-relegado-y-hay-expectativa-por-la-irrupcion-de-los-libertarios","status":"publish","type":"post","link":"http:\/\/dsrmedios.com.ar\/diario\/archivos\/40501","title":{"rendered":"La renovaci\u00f3n del Senado: el peronismo podr\u00eda quedar relegado y hay expectativa por la irrupci\u00f3n de los libertarios"},"content":{"rendered":"\n<p>El pr\u00f3ximo&nbsp;<strong>22 de octubre<\/strong>, en las elecciones generales,&nbsp;<a rel=\"noreferrer noopener\" href=\"https:\/\/www.infobae.com\/politica\/2023\/08\/14\/paso-2023-si-se-repiten-estos-resultados-la-llave-para-el-quorum-en-el-senado-quedaria-en-manos-de-javier-milei\/\" target=\"_blank\">se definir\u00e1 la composici\u00f3n<\/a>&nbsp;que tendr\u00e1 a partir del&nbsp;<strong>10 de diciembre<\/strong>&nbsp;el&nbsp;<strong>Senado de la Naci\u00f3n<\/strong>. Se elegir\u00e1n 24 senadores de un total de 72, con tres representantes por cada una de las ocho provincias que renuevan sus bancas:&nbsp;<strong>Buenos Aires, Formosa, Jujuy, La Rioja, Misiones, San Juan, San Luis y Santa Cruz<\/strong>.El resultado ser\u00e1 fundamental para los planes del pr\u00f3ximo presidente.<\/p>\n\n\n\n<figure class=\"wp-block-image\"><img decoding=\"async\" src=\"https:\/\/www.infobae.com\/new-resizer\/Ltgu0DyZCRVn85mUWzCKwwrWK6Y=\/filters:format(webp):quality(85)\/cloudfront-us-east-1.images.arcpublishing.com\/infobae\/QOHHK7ZO7W6SLFZTA53YFLVTBE.jpg\" alt=\"Argentine Presidential candidate Patricia Bullrich of Juntos por el Cambio party attends a press conference, following the presidential debate ahead of the October 22 general elections, in Buenos Aires, Argentina October 8, 2023. REUTERS\/Agustin Marcarian\/Pool\"\/><\/figure>\n\n\n\n<p>Te puede interesar:<strong>Elecciones 2023, en vivo: \u201cMilei act\u00faa como un asesor de una cueva financiera\u201d, asegur\u00f3 Patricia Bullrich<\/strong><\/p>\n\n\n\n<p>El Senado no solo es una de las dos c\u00e1maras que conforman el Congreso Nacional, sino que tambi\u00e9n cumple funciones espec\u00edficas como la ratificaci\u00f3n de los&nbsp;<strong>Decretos de Necesidad y Urgencia (DNU)<\/strong>, la aprobaci\u00f3n de ascensos militares y de nombramientos judiciales. El n\u00famero de senadores por bloque influir\u00e1 directamente en estas decisiones.<\/p>\n\n\n\n<p>Actualmente,&nbsp;<strong>Juntos por el Cambio<\/strong>&nbsp;posee 33 bancas y arriesga 11, mientras que el&nbsp;<strong>Frente de Todos<\/strong>&nbsp;cuenta con 31 y pone en juego 9. Las fuerzas minoritarias, por su parte, deben revalidar cuatro esca\u00f1os. La irrupci\u00f3n de&nbsp;<strong>La Libertad Avanza<\/strong>, liderada por&nbsp;<strong>Javier Milei<\/strong>, ha alterado el panorama porque, de repetirse el pr\u00f3ximo domingo, los libertarios se convertir\u00edan en la llave que permitir\u00eda abrir o cerrar la actividad en la C\u00e1mara alta.<\/p>\n\n\n\n<p><img decoding=\"async\" loading=\"lazy\" alt=\"Javier Milei (EFE)\" height=\"1570\" width=\"2353\" src=\"https:\/\/www.infobae.com\/new-resizer\/hH9bgtCFX5Ik0Ds2fh_bftICnUc=\/arc-anglerfish-arc2-prod-infobae\/public\/YF3AQYF6BVBNVN7U33N7ISZ7G4.jpg\" srcset=\"https:\/\/www.infobae.com\/new-resizer\/d6yhBxxAPSjOUYp_HYc53SB67KY=\/420x280\/filters:format(webp):quality(85)\/cloudfront-us-east-1.images.arcpublishing.com\/infobae\/YF3AQYF6BVBNVN7U33N7ISZ7G4.jpg 420w,https:\/\/www.infobae.com\/new-resizer\/6MBnoQLmtLCEhdKaqCNAgQXpoM0=\/768x512\/filters:format(webp):quality(85)\/cloudfront-us-east-1.images.arcpublishing.com\/infobae\/YF3AQYF6BVBNVN7U33N7ISZ7G4.jpg 768w,https:\/\/www.infobae.com\/new-resizer\/4bBWuoHI4xlqk5ZVaRXm5YUPYvY=\/992x661\/filters:format(webp):quality(85)\/cloudfront-us-east-1.images.arcpublishing.com\/infobae\/YF3AQYF6BVBNVN7U33N7ISZ7G4.jpg 992w,https:\/\/www.infobae.com\/new-resizer\/jjInpIAxyLBENWxJifUVTIhChZA=\/1200x800\/filters:format(webp):quality(85)\/cloudfront-us-east-1.images.arcpublishing.com\/infobae\/YF3AQYF6BVBNVN7U33N7ISZ7G4.jpg 1200w,https:\/\/www.infobae.com\/new-resizer\/_0UIYsOSkMZ6bnsKYp9lYtGI1rQ=\/1440x960\/filters:format(webp):quality(85)\/cloudfront-us-east-1.images.arcpublishing.com\/infobae\/YF3AQYF6BVBNVN7U33N7ISZ7G4.jpg 1440w\">Javier Milei (EFE)<\/p>\n\n\n\n<p>Los libertarios se impusieron en las\u00a0<strong>PASO como la fuerza m\u00e1s votada<\/strong>, ganando en\u00a0<strong>Jujuy, La Rioja y San Luis<\/strong>\u00a0y ocupando el segundo lugar en\u00a0<strong>Formosa y San Juan<\/strong>. En\u00a0<strong>Misiones, Santa Cruz y Buenos Aires<\/strong>, qued\u00f3 en tercer puesto. De mantenerse estos resultados,<strong>\u00a0sumar\u00eda ocho senadores<\/strong>\u00a0a su bancada.<\/p>\n\n\n\n<p>Dichos cambios afectar\u00e1n tanto a&nbsp;<strong>Juntos por el Cambio<\/strong>&nbsp;como a&nbsp;<strong>Uni\u00f3n por la Patria<\/strong>, especialmente en provincias donde ambas fuerzas esperaban renovar o ganar bancas. En su mayor\u00eda, los posibles nuevos legisladores carecen de una extensa trayectoria pol\u00edtica, lo cual rompe con la tradici\u00f3n del Senado de ser un espacio para m\u00e1s experimentados.<\/p>\n\n\n\n<p>Un caso que modifica mucho m\u00e1s que la estructura de paridad de las fuerzas es el de Formosa. En esta provincia, si se repiten los resultados de las PASO, quedar\u00eda afuera del recinto un hist\u00f3rico como el radical Luis Naidenoff, presidente del bloque de la UCR, y en ese lugar entrar\u00eda el candidato de la LLA&nbsp;<strong>Francisco Paoltroni<\/strong>, un productor agropecuario que fund\u00f3 un nuevo partido con el objetivo de disputarle la gobernaci\u00f3n a Gildo Insfr\u00e1n.<\/p>\n\n\n\n<p><\/p>\n\n\n\n<p>En&nbsp;<strong>San Juan<\/strong>, el candidato libertario es&nbsp;<strong>Bruno Olivera<\/strong>, contador de 36 a\u00f1os, que desde el 2017 forma parte de la agrupaci\u00f3n local Acci\u00f3n por una Democracia Nueva (ADN). Es la&nbsp;<strong>primera vez que compite&nbsp;<\/strong>de manera electoral ya que hasta ahora se desempe\u00f1aba como el contador del partido ADN&nbsp;<strong>y due\u00f1o de dos gimnasios&nbsp;<\/strong>que posee bajo una marca de alcance nacional.<\/p>\n\n\n\n<p><img decoding=\"async\" loading=\"lazy\" alt=\"Luis Naidenoff (Cristian Gast\u00f3n Taylor)\" height=\"1277\" width=\"1920\" src=\"https:\/\/www.infobae.com\/new-resizer\/vl9Nf_kz-m1_8VqxDVTYlGmh2y8=\/arc-anglerfish-arc2-prod-infobae\/public\/BN7TZWDA55AETG77GOF5RVJLZU.jpg\" srcset=\"https:\/\/www.infobae.com\/new-resizer\/EpL64OuD2uAlzjjZR6gZZucYtdQ=\/420x280\/filters:format(webp):quality(85)\/cloudfront-us-east-1.images.arcpublishing.com\/infobae\/BN7TZWDA55AETG77GOF5RVJLZU.jpg 420w,https:\/\/www.infobae.com\/new-resizer\/5YwDan0ELbSRr3sZwhTRLQzNO-A=\/768x512\/filters:format(webp):quality(85)\/cloudfront-us-east-1.images.arcpublishing.com\/infobae\/BN7TZWDA55AETG77GOF5RVJLZU.jpg 768w,https:\/\/www.infobae.com\/new-resizer\/XTJHwyOsYtPbZ-6dhLDhA8tJDx8=\/992x661\/filters:format(webp):quality(85)\/cloudfront-us-east-1.images.arcpublishing.com\/infobae\/BN7TZWDA55AETG77GOF5RVJLZU.jpg 992w,https:\/\/www.infobae.com\/new-resizer\/FQJyY-0c2e2x2Klqj_n5vjkHSGE=\/1200x800\/filters:format(webp):quality(85)\/cloudfront-us-east-1.images.arcpublishing.com\/infobae\/BN7TZWDA55AETG77GOF5RVJLZU.jpg 1200w,https:\/\/www.infobae.com\/new-resizer\/r7iSvVINarX3qYjSEaj4K5SWoPI=\/1440x960\/filters:format(webp):quality(85)\/cloudfront-us-east-1.images.arcpublishing.com\/infobae\/BN7TZWDA55AETG77GOF5RVJLZU.jpg 1440w\">Luis Naidenoff (Cristian Gast\u00f3n Taylor)<\/p>\n\n\n\n<p>En&nbsp;<strong>Jujuy,<\/strong>&nbsp;la Libertad Avanza le gan\u00f3 al radicalismo y qued\u00f3 en primer puesto, por lo que podr\u00edan ingresar dos de los tres senadores. Quien encabeza la lista es un empresario local llamado&nbsp;<strong>Ezequiel Atauche, due\u00f1o de una inmobiliaria.&nbsp;<\/strong>Es acompa\u00f1ado por la dirigente local&nbsp;<strong>Vilma Bedia<\/strong>, quien es la referente de La Libertad Avanza en la provincia del norte argentino.<\/p>\n\n\n\n<p>En el caso de&nbsp;<strong>La Rioja<\/strong>, los posibles senadores tampoco tienen trayectoria pol\u00edtica electoral, pero sus apellidos est\u00e1n ligados a la historia pol\u00edtica provincial y nacional. La lista para el Senado de los libertarios est\u00e1 encabezada por el abogado&nbsp;<strong>Juan Carlos Pagotto<\/strong>, secundado por&nbsp;<strong>Claudia L\u00f3pez.<\/strong><\/p>\n\n\n\n<p>Pagotto tiene un estudio de abogados que supo defender a varios acusados de cr\u00edmenes de lesa humanidad durante la \u00faltima dictadura militar. En el caso de L\u00f3pez ya form\u00f3 parte del poder Legislativo, pero en el rol de concejala.<\/p>\n\n\n\n<p>En cuanto a San Luis, el espacio de Milei lleva como candidatos a&nbsp;<strong>Bartolom\u00e9 Abdala e Ivana Arrascaeta<\/strong>. Abdala es uno de los&nbsp;<strong>desencantados de Mauricio Macri<\/strong>. Fue presidente del PROen la provincia y diputado provincial, pero en 2019 perdi\u00f3 la interna con el ahora diputado&nbsp;<strong>Alejandro Cacace<\/strong>.<\/p>\n\n\n\n<p>El\u00a0<strong>22 de octubre<\/strong>\u00a0se decidir\u00e1 la conformaci\u00f3n del Senado para los pr\u00f3ximos dos a\u00f1os. Si los resultados de las PASO se mantienen, se prev\u00e9 un cambio radical en la estructura y en las din\u00e1micas de acuerdo entre los diferentes bloques.<\/p>\n\n\n\n<p>Fuente: Infobae<\/p>\n","protected":false},"excerpt":{"rendered":"<div class=\"mh-excerpt\"><p>El pr\u00f3ximo&nbsp;22 de octubre, en las elecciones generales,&nbsp;se definir\u00e1 la composici\u00f3n&nbsp;que tendr\u00e1 a partir del&nbsp;10 de diciembre&nbsp;el&nbsp;Senado de la Naci\u00f3n. Se elegir\u00e1n 24 senadores de un total de 72, con tres representantes por cada una de las ocho provincias que renuevan sus bancas:&nbsp;Buenos Aires, Formosa, Jujuy, La Rioja, Misiones, San Juan, San Luis y Santa Cruz.El resultado ser\u00e1 fundamental para los planes del pr\u00f3ximo presidente. Te puede interesar:Elecciones 2023, en vivo: \u201cMilei act\u00faa como un asesor de una cueva financiera\u201d, asegur\u00f3 Patricia Bullrich El Senado no solo es una de las dos c\u00e1maras que conforman el Congreso Nacional, sino que <a class=\"mh-excerpt-more\" href=\"http:\/\/dsrmedios.com.ar\/diario\/archivos\/40501\" title=\"La renovaci\u00f3n del Senado: el peronismo podr\u00eda quedar relegado y hay expectativa por la irrupci\u00f3n de los libertarios\">[Leer m\u00e1s]<\/a><\/p>\n<\/div>","protected":false},"author":8,"featured_media":24204,"comment_status":"open","ping_status":"closed","sticky":false,"template":"","format":"standard","meta":{"_jetpack_newsletter_access":""},"categories":[6],"tags":[],"jetpack_featured_media_url":"http:\/\/dsrmedios.com.ar\/diario\/wp-content\/uploads\/2021\/06\/senado11.jpg","jetpack_sharing_enabled":true,"jetpack_shortlink":"https:\/\/wp.me\/p9fihK-axf","_links":{"self":[{"href":"http:\/\/dsrmedios.com.ar\/diario\/wp-json\/wp\/v2\/posts\/40501"}],"collection":[{"href":"http:\/\/dsrmedios.com.ar\/diario\/wp-json\/wp\/v2\/posts"}],"about":[{"href":"http:\/\/dsrmedios.com.ar\/diario\/wp-json\/wp\/v2\/types\/post"}],"author":[{"embeddable":true,"href":"http:\/\/dsrmedios.com.ar\/diario\/wp-json\/wp\/v2\/users\/8"}],"replies":[{"embeddable":true,"href":"http:\/\/dsrmedios.com.ar\/diario\/wp-json\/wp\/v2\/comments?post=40501"}],"version-history":[{"count":1,"href":"http:\/\/dsrmedios.com.ar\/diario\/wp-json\/wp\/v2\/posts\/40501\/revisions"}],"predecessor-version":[{"id":40502,"href":"http:\/\/dsrmedios.com.ar\/diario\/wp-json\/wp\/v2\/posts\/40501\/revisions\/40502"}],"wp:featuredmedia":[{"embeddable":true,"href":"http:\/\/dsrmedios.com.ar\/diario\/wp-json\/wp\/v2\/media\/24204"}],"wp:attachment":[{"href":"http:\/\/dsrmedios.com.ar\/diario\/wp-json\/wp\/v2\/media?parent=40501"}],"wp:term":[{"taxonomy":"category","embeddable":true,"href":"http:\/\/dsrmedios.com.ar\/diario\/wp-json\/wp\/v2\/categories?post=40501"},{"taxonomy":"post_tag","embeddable":true,"href":"http:\/\/dsrmedios.com.ar\/diario\/wp-json\/wp\/v2\/tags?post=40501"}],"curies":[{"name":"wp","href":"https:\/\/api.w.org\/{rel}","templated":true}]}}