{"id":40486,"date":"2023-10-14T11:22:01","date_gmt":"2023-10-14T14:22:01","guid":{"rendered":"http:\/\/dsrmedios.com.ar\/diario\/?p=40486"},"modified":"2023-10-14T11:22:03","modified_gmt":"2023-10-14T14:22:03","slug":"el-fmi-alerto-que-sera-fundamental-que-el-acuerdo-se-aplique-con-firmeza-y-se-asuma-como-propio-que-dijo-de-la-dolarizacion","status":"publish","type":"post","link":"http:\/\/dsrmedios.com.ar\/diario\/archivos\/40486","title":{"rendered":"El FMI alert\u00f3 que ser\u00e1 fundamental que el acuerdo se aplique con firmeza y se asuma como propio: qu\u00e9 dijo de la dolarizaci\u00f3n"},"content":{"rendered":"\n<p>Aunque la presencia argentina fue muy escasa en la bella ciudad de Marrakech, sobraron las advertencias acerca de la situaci\u00f3n actual y el futuro inmediato del pa\u00eds en la Asamblea Anual del Fondo Monetario Internacional (FMI).<a rel=\"noreferrer noopener\" href=\"https:\/\/www.infobae.com\/economia\/2023\/10\/13\/el-fmi-advirtio-que-en-la-argentina-se-puede-acelerar-mas-la-inflacion-por-la-suba-del-dolar-y-pidio-garantizar-la-estabilidad\/\" target=\"_blank\"><\/a><\/p>\n\n\n\n<p>En los informes oficiales y las conferencias de prensa, el organismo multilateral no dej\u00f3 de subrayar la fragilidad de la Argentina y volvi\u00f3 a objetar la idea de una dolarizaci\u00f3n como soluci\u00f3n m\u00e1gica para dejar atr\u00e1s esta crisis.<\/p>\n\n\n\n<p>El FMI no suspendi\u00f3 el programa con el Gobierno, pero tras efectuar el desembolso de&nbsp;<a rel=\"noreferrer noopener\" href=\"https:\/\/www.infobae.com\/economia\/2023\/08\/23\/el-directorio-del-fmi-aprobo-el-desembolso-de-7500-millones-de-dolares-para-la-argentina\/#:~:text=El%20directorio%20del%20FMI%20aprob%C3%B3%20el%20desembolso%20de,Infobae.%20La%20votaci%C3%B3n%20fue%20un%C3%A1nime%2C%20seg%C3%BAn%20fuentes%20locales\" target=\"_blank\">USD 7.500 millones<\/a>&nbsp;a fin de agosto, advirti\u00f3 que el acuerdo firmado por<strong>&nbsp;Alberto Fern\u00e1ndez<\/strong>&nbsp;se \u201cdescarril\u00f3\u201d. Su continuidad, como ocurri\u00f3 en 2019, depender\u00e1 del resultado de las elecciones y las medidas que adopte el Presidente en la transici\u00f3n.<\/p>\n\n\n\n<p>En una calurosa tarde, el jefe del Departamento para el Hemisferio Occidental,\u00a0<a rel=\"noreferrer noopener\" href=\"https:\/\/www.infobae.com\/economia\/2023\/10\/13\/el-fmi-advirtio-que-en-la-argentina-se-puede-acelerar-mas-la-inflacion-por-la-suba-del-dolar-y-pidio-garantizar-la-estabilidad\/\" target=\"_blank\">Rodrigo Vald\u00e9s,\u00a0<\/a>expres\u00f3 una serie de advertencias. La mayor\u00eda conocidas, pero no por esa raz\u00f3n menos contundentes<\/p>\n\n\n\n<p>-\u201dLa Argentina enfrenta desaf\u00edos muy fuertes en la actualidad, incluido el aumento de una inflaci\u00f3n de por si alta y poca protecci\u00f3n en una situaci\u00f3n social compleja\u201d<\/p>\n\n\n\n<p>-\u201dPara salir de esta situaci\u00f3n se necesita un plan econ\u00f3mico firme y cre\u00edble y que tenga el respaldo de una firme mayor\u00eda, anclado de forma decidida en fortalecer las finanzas p\u00fablicas y proteger a los m\u00e1s pobres\u201d.<\/p>\n\n\n\n<blockquote class=\"wp-block-quote\">\n<p>Se necesita un plan econ\u00f3mico firme y cre\u00edble y que tenga el respaldo de una firme mayor\u00eda, anclado de forma decidida en fortalecer las finanzas p\u00fablicas y proteger a los m\u00e1s pobres (Vald\u00e9s)<\/p>\n<\/blockquote>\n\n\n\n<p>&#8211; \u201dSobre la dolarizaci\u00f3n, el FMI es muy respetuoso de las elecciones soberanas de cada pa\u00eds a la hora de decidir cu\u00e1l es su arreglo monetario que se decide para cada pa\u00eds; pero nos preocupa y hacemos un esfuerzo para que se aseguren las condiciones de pol\u00edtica para la transici\u00f3n a un nuevo r\u00e9gimen y para conseguir resultados adecuados\u201d.<\/p>\n\n\n\n<p>&#8211; \u201dEn el caso de la&nbsp;<a rel=\"noreferrer noopener\" href=\"https:\/\/www.infobae.com\/economia\/2023\/10\/11\/el-fmi-se-reunio-con-un-asesor-de-milei-para-avanzar-en-el-dialogo-sobre-el-programa-argentino-y-la-dolarizacion\/\" target=\"_blank\">dolarizaci\u00f3n<\/a>&nbsp;hay precondiciones de pol\u00edtica muy importantes para que sea exitoso.&nbsp;<strong>No sustituye las pol\u00edticas macroecon\u00f3micas<\/strong>&nbsp;m\u00e1s importantes\u201d.<\/p>\n\n\n\n<p>&#8211; \u201dHemos hablado con los\u00a0<strong>asesores de los diferentes candidatos<\/strong>\u00a0y tratamos de entender sus puntos de vista, los escuchamos,\u00a0<strong>no discutimos nada<\/strong>\u201d. Tal como inform\u00f3 Infobae, hubo un encuentro reservado con el banquero Juan N\u00e1poli, asesor de Milei.<\/p>\n\n\n\n<p>En el informe, el \u00e1rea destac\u00f3 que \u201cse prev\u00e9 que la inflaci\u00f3n se sit\u00fae en una media del 122% en 2023, aunque ello depender\u00e1 de la evoluci\u00f3n del tipo de cambio y del grado de endurecimiento de las pol\u00edticas\u201d.<\/p>\n\n\n\n<p>Ser\u00e1 el peor resultado econ\u00f3mico de la regi\u00f3n este a\u00f1o en t\u00e9rminos de nivel de actividad, con una ca\u00edda del 2,5%, la \u00fanica recesi\u00f3n junto con la baja de 1,5% de Hait\u00ed. El resto de los pa\u00edses crecer\u00e1: desde Venezuela 4% hasta Brasil 3,1%, pasando por M\u00e9xico 3,2%, Estados Unidos 2,1% y Bolivia 1,8 por ciento.<\/p>\n\n\n\n<p><img decoding=\"async\" loading=\"lazy\" alt=\"En la Presentaci\u00f3n del informe regional, los t\u00e9cnicos del FMI destacaron que la Argentina registrar\u00e1 el peor resultado econ\u00f3mico de la regi\u00f3n \n(Captura de pantalla)\" height=\"1080\" width=\"1920\" src=\"https:\/\/www.infobae.com\/new-resizer\/K2qK6Eq6xwaR4lt3j9meB0c3Iy8=\/arc-anglerfish-arc2-prod-infobae\/public\/JYRW7SBXIBA23M5ZIATPXJL3CQ.jpg\" srcset=\"https:\/\/www.infobae.com\/new-resizer\/dtFaMm9d5cuQZPdGB5hBN_onB2k=\/420x236\/filters:format(webp):quality(85)\/cloudfront-us-east-1.images.arcpublishing.com\/infobae\/JYRW7SBXIBA23M5ZIATPXJL3CQ.jpg 420w,https:\/\/www.infobae.com\/new-resizer\/r5vOV6iK-VHMvtgYc_gTx2G0_4A=\/768x432\/filters:format(webp):quality(85)\/cloudfront-us-east-1.images.arcpublishing.com\/infobae\/JYRW7SBXIBA23M5ZIATPXJL3CQ.jpg 768w,https:\/\/www.infobae.com\/new-resizer\/N4lMuVdqoCOPBF2Rtp3MVCo4ULQ=\/992x558\/filters:format(webp):quality(85)\/cloudfront-us-east-1.images.arcpublishing.com\/infobae\/JYRW7SBXIBA23M5ZIATPXJL3CQ.jpg 992w,https:\/\/www.infobae.com\/new-resizer\/w4Q0nUsfN1S_8q6V_EdVmAI00Yg=\/1200x675\/filters:format(webp):quality(85)\/cloudfront-us-east-1.images.arcpublishing.com\/infobae\/JYRW7SBXIBA23M5ZIATPXJL3CQ.jpg 1200w,https:\/\/www.infobae.com\/new-resizer\/t2_3_mucZChIA4H6exokVDyRtaI=\/1440x810\/filters:format(webp):quality(85)\/cloudfront-us-east-1.images.arcpublishing.com\/infobae\/JYRW7SBXIBA23M5ZIATPXJL3CQ.jpg 1440w\">En la Presentaci\u00f3n del informe regional, los t\u00e9cnicos del FMI destacaron que la Argentina registrar\u00e1 el peor resultado econ\u00f3mico de la regi\u00f3n (Captura de pantalla)<\/p>\n\n\n\n<p>Respecto de la&nbsp;<strong>inflaci\u00f3n<\/strong>,&nbsp;<a href=\"https:\/\/www.infobae.com\/economia\/2023\/10\/13\/la-argentina-registro-en-septiembre-el-indice-de-inflacion-mas-alto-de-america-latina\/\"><em>la Argentina registrar\u00e1 el segundo nivel m\u00e1s alto con 135% a fin de a\u00f1o,<\/em><\/a>&nbsp;luego del 250% proyectado para Venezuela. Tercero se ubicar\u00e1 Hait\u00ed con el 30%; el resto de los pa\u00edses del continente registrar\u00eda a fin de a\u00f1o un d\u00edgito de inflaci\u00f3n.<\/p>\n\n\n\n<p>El \u00e1rea que conduceRodrigo Vald\u00e9s resalt\u00f3 que \u201clos riesgos a la baja siguen dominando las perspectivas, como reflejo de la fr\u00e1gil situaci\u00f3n econ\u00f3mica y social, las incertidumbres relacionadas con las elecciones y la vulnerabilidad a los shocks externos\u201d.<\/p>\n\n\n\n<p>Vald\u00e9s present\u00f3 el informe en una conferencia de prensa con sus subdirectores,&nbsp;<strong>Nigel Chalk<\/strong>, y<strong>&nbsp;Luis Cubeddu<\/strong>, tambi\u00e9n encargado del caso argentino. Frente a este panorama, afirm\u00f3 que \u201cpara salvaguardar la estabilidad y hacer frente a los persistentes desequilibrios macroecon\u00f3micos, ser\u00e1 fundamental que el programa respaldado por el FMI se aplique con firmeza y se asuma como propio\u201d.<\/p>\n\n\n\n<h2>Escasa presencia<\/h2>\n\n\n\n<p>En la asamblea en Marruecos casi no hubo presencia de referentes econ\u00f3micos de los candidatos argentinos. Estaba previsto que participara el viceministro de Econom\u00eda,&nbsp;<strong>Gabriel Rubinstein&nbsp;<\/strong>ylos funcionarios del Banco Central que lidera&nbsp;<strong>Miguel Pesce<\/strong>,pero declinaron viajar ante la fuerte crisis cambiaria que atraviesa el pa\u00eds. El ministro y candidato&nbsp;<strong>Sergio Massa<\/strong>&nbsp;tambi\u00e9n opt\u00f3 por quedarse ante la inminencia de las elecciones del 22, en un contexto de profunda tensi\u00f3n ret\u00f3rica con el FMI, que, en su \u00faltima revisi\u00f3n, afirm\u00f3 que el programa firmado en marzo de 2022 por&nbsp;<strong>Alberto Fern\u00e1ndez&nbsp;<\/strong>se hab\u00eda \u201cdescarrilado\u201d.<\/p>\n\n\n\n<p>Finalmente, solo viajaron por el Banco Central el director&nbsp;<strong>Jorge Carrera&nbsp;<\/strong>y el economista jefe&nbsp;<strong>Germ\u00e1n Feldman,<\/strong>&nbsp;acompa\u00f1ados por los representantes argentinos ante el FMI y el Banco Mundial,&nbsp;<strong>Sergio Chodos&nbsp;<\/strong>y<strong>&nbsp;Cecilia Nah\u00f3n,&nbsp;<\/strong>respectivamente.<\/p>\n\n\n\n<p>Tampoco se trasladaron hasta el pa\u00eds del norte africano los colaboradores de&nbsp;<strong>Carlos Melconian<\/strong>,el referente econ\u00f3mico de<strong>&nbsp;Patricia Bullrich.&nbsp;<\/strong>\u201cEstaban inscriptos, pero la din\u00e1mica econ\u00f3mica, el armado del programa y la campa\u00f1a, hizo que se quedaran\u201d, cont\u00f3 una fuente de la campa\u00f1a de JxC.<\/p>\n\n\n\n<blockquote class=\"wp-block-quote\">\n<p>El pa\u00eds necesita avanzar en reformas fiscales \u201cdecisivas\u201d para estabilizar la econom\u00eda (Gourinchas)<\/p>\n<\/blockquote>\n\n\n\n<p>Antes que Vald\u00e9s, esta semana el economista jefe del organismo,&nbsp;<strong>Pierre Oliver Gourinchas<\/strong>, dijo que el pa\u00eds necesita avanzar en reformas fiscales \u201cdecisivas\u201d para estabilizar la econom\u00eda y expres\u00f3 su confianza en que el organismo seguir\u00e1 trabajando con el pr\u00f3ximo gobierno.<\/p>\n\n\n\n<p>\u201cLa Argentina ha tenido un a\u00f1o muy malo con un contexto macroecon\u00f3mico ya en dificultad\u201d, se lament\u00f3 Gourinchas en una entrevista con medios internacionales, en la que agreg\u00f3 que el FMI prev\u00e9 que la econom\u00eda argentina caer\u00e1 2,5% este a\u00f1o, pero volver\u00e1 a crecer en 2024, un 2,8 por ciento.<\/p>\n\n\n\n<p>Fuente: Infobae<\/p>\n","protected":false},"excerpt":{"rendered":"<div class=\"mh-excerpt\"><p>Aunque la presencia argentina fue muy escasa en la bella ciudad de Marrakech, sobraron las advertencias acerca de la situaci\u00f3n actual y el futuro inmediato del pa\u00eds en la Asamblea Anual del Fondo Monetario Internacional (FMI). En los informes oficiales y las conferencias de prensa, el organismo multilateral no dej\u00f3 de subrayar la fragilidad de la Argentina y volvi\u00f3 a objetar la idea de una dolarizaci\u00f3n como soluci\u00f3n m\u00e1gica para dejar atr\u00e1s esta crisis. El FMI no suspendi\u00f3 el programa con el Gobierno, pero tras efectuar el desembolso de&nbsp;USD 7.500 millones&nbsp;a fin de agosto, advirti\u00f3 que el acuerdo firmado por&nbsp;Alberto <a class=\"mh-excerpt-more\" href=\"http:\/\/dsrmedios.com.ar\/diario\/archivos\/40486\" title=\"El FMI alert\u00f3 que ser\u00e1 fundamental que el acuerdo se aplique con firmeza y se asuma como propio: qu\u00e9 dijo de la dolarizaci\u00f3n\">[Leer m\u00e1s]<\/a><\/p>\n<\/div>","protected":false},"author":8,"featured_media":40487,"comment_status":"open","ping_status":"closed","sticky":false,"template":"","format":"standard","meta":{"_jetpack_newsletter_access":""},"categories":[6],"tags":[],"jetpack_featured_media_url":"http:\/\/dsrmedios.com.ar\/diario\/wp-content\/uploads\/2023\/10\/M7AWBT74NZHVL7FVNUFUX3UQ7Q.jpg","jetpack_sharing_enabled":true,"jetpack_shortlink":"https:\/\/wp.me\/p9fihK-ax0","_links":{"self":[{"href":"http:\/\/dsrmedios.com.ar\/diario\/wp-json\/wp\/v2\/posts\/40486"}],"collection":[{"href":"http:\/\/dsrmedios.com.ar\/diario\/wp-json\/wp\/v2\/posts"}],"about":[{"href":"http:\/\/dsrmedios.com.ar\/diario\/wp-json\/wp\/v2\/types\/post"}],"author":[{"embeddable":true,"href":"http:\/\/dsrmedios.com.ar\/diario\/wp-json\/wp\/v2\/users\/8"}],"replies":[{"embeddable":true,"href":"http:\/\/dsrmedios.com.ar\/diario\/wp-json\/wp\/v2\/comments?post=40486"}],"version-history":[{"count":1,"href":"http:\/\/dsrmedios.com.ar\/diario\/wp-json\/wp\/v2\/posts\/40486\/revisions"}],"predecessor-version":[{"id":40488,"href":"http:\/\/dsrmedios.com.ar\/diario\/wp-json\/wp\/v2\/posts\/40486\/revisions\/40488"}],"wp:featuredmedia":[{"embeddable":true,"href":"http:\/\/dsrmedios.com.ar\/diario\/wp-json\/wp\/v2\/media\/40487"}],"wp:attachment":[{"href":"http:\/\/dsrmedios.com.ar\/diario\/wp-json\/wp\/v2\/media?parent=40486"}],"wp:term":[{"taxonomy":"category","embeddable":true,"href":"http:\/\/dsrmedios.com.ar\/diario\/wp-json\/wp\/v2\/categories?post=40486"},{"taxonomy":"post_tag","embeddable":true,"href":"http:\/\/dsrmedios.com.ar\/diario\/wp-json\/wp\/v2\/tags?post=40486"}],"curies":[{"name":"wp","href":"https:\/\/api.w.org\/{rel}","templated":true}]}}