{"id":40484,"date":"2023-10-14T11:05:05","date_gmt":"2023-10-14T14:05:05","guid":{"rendered":"http:\/\/dsrmedios.com.ar\/diario\/?p=40484"},"modified":"2023-10-14T11:05:08","modified_gmt":"2023-10-14T14:05:08","slug":"sergio-massa-mantiene-la-conviccion-de-que-ira-al-balotaje-pero-afronta-el-final-de-la-campana-con-incertidumbre","status":"publish","type":"post","link":"http:\/\/dsrmedios.com.ar\/diario\/archivos\/40484","title":{"rendered":"Sergio Massa mantiene la convicci\u00f3n de que ir\u00e1 al balotaje, pero afronta el final de la campa\u00f1a con incertidumbre"},"content":{"rendered":"\n<p>Falta una semana y algunas horas para que se lleve a cabo la elecci\u00f3n. El momento esperado. El que podr\u00eda definir al pr\u00f3ximo presidente de los argentinos o el que derivar\u00e1 en un balotaje el 19 de noviembre. En&nbsp;<strong>Uni\u00f3n por la Patria (UP)&nbsp;<\/strong>hay un mezcla extra\u00f1a de sensaciones. Optimismo, ansiedad, preocupaci\u00f3n, incertidumbre, dudas.<\/p>\n\n\n\n<p><strong>La l\u00ednea del tiempo de las \u00faltimas tres semanas tuvo hechos negativos para el oficialismo<\/strong>&nbsp;que cambiaron el \u00e1nimo en algunos sectores. A grandes rasgos, desde las PASO hasta el esc\u00e1ndalo de Mart\u00edn Insaurralde en el peronismo hab\u00eda satisfacci\u00f3n por lo hecho por<strong>&nbsp;Sergio Massa&nbsp;<\/strong>en el escenario electoral.<\/p>\n\n\n\n<p>Primero hubo un largo silencio de la dirigencia, producto del estado de shock, y luego se empez\u00f3 a construir una campa\u00f1a m\u00e1s ordenada y propositiva. El ministro de Econom\u00eda sali\u00f3 a hablar a los pocos d\u00edas de la derrota en las elecciones primarias y r\u00e1pidamente se puso al frente del armado electoral para la segunda etapa.<\/p>\n\n\n\n<p>Los gobernadores del PJ organizaron una cena y un acto en Tucum\u00e1n donde hubo autocr\u00edtica y le juramentaron a Massa mejorar la performance electoral, despu\u00e9s de que el mapa argentino se pintara del violeta de La Libertad Avanza (LLA). En esos d\u00edas el ministro de Econom\u00eda anunci\u00f3 una bater\u00eda de medidas para recomponer el salario luego de devaluar 22%. Hab\u00eda una reacci\u00f3n concreta y m\u00faltiples acciones.<\/p>\n\n\n\n<p><\/p>\n\n\n\n<p>Massa hab\u00eda ganado la agenda y afinado el discurso, ya sin el peso de cerrar el acuerdo con el FMI, consumado en la antesala de las PASO. Por eso estuvo m\u00e1s c\u00f3modo y dedic\u00f3 m\u00e1s tiempo a su rol de candidato. Esos movimientos generaron un<strong>&nbsp;clima optimista<\/strong>&nbsp;<strong>que recibi\u00f3 su primer golpe el s\u00e1bado 30 de septiembre cuando se desat\u00f3 el esc\u00e1ndalo del ex jefe de gabinete bonaerense.&nbsp;<\/strong>Marbella, Sof\u00eda Clerici, el champagne y el yate. Las fotos y los videos.<\/p>\n\n\n\n<p><img decoding=\"async\" loading=\"lazy\" alt=\"La corrida cambiaria de esta semana despert\u00f3 temores dentro de Uni\u00f3n por la Patria, respecto al impacto electoral (EFE\/Rayner Pe\u00f1a R.)\n\" height=\"3333\" width=\"5000\" src=\"https:\/\/www.infobae.com\/new-resizer\/wHfYIdD_XTOuDzBDHrIkLISPmRQ=\/arc-anglerfish-arc2-prod-infobae\/public\/X5RH4L5GEVCMVJJCBGEQDU6XDA.jpg\" srcset=\"https:\/\/www.infobae.com\/new-resizer\/78WZR93m0Tpa4yEWj5FNBpI5qSg=\/420x280\/filters:format(webp):quality(85)\/cloudfront-us-east-1.images.arcpublishing.com\/infobae\/X5RH4L5GEVCMVJJCBGEQDU6XDA.jpg 420w,https:\/\/www.infobae.com\/new-resizer\/KnN1sZTWm3KpL0dxXSIf07fzAJs=\/768x512\/filters:format(webp):quality(85)\/cloudfront-us-east-1.images.arcpublishing.com\/infobae\/X5RH4L5GEVCMVJJCBGEQDU6XDA.jpg 768w,https:\/\/www.infobae.com\/new-resizer\/16FFESOz5CLACGQED84GzwZp1G8=\/992x661\/filters:format(webp):quality(85)\/cloudfront-us-east-1.images.arcpublishing.com\/infobae\/X5RH4L5GEVCMVJJCBGEQDU6XDA.jpg 992w,https:\/\/www.infobae.com\/new-resizer\/HyOPlHVYucgBU6Iq6762d2qPV9w=\/1200x800\/filters:format(webp):quality(85)\/cloudfront-us-east-1.images.arcpublishing.com\/infobae\/X5RH4L5GEVCMVJJCBGEQDU6XDA.jpg 1200w,https:\/\/www.infobae.com\/new-resizer\/D3S8UyPyc3YL2il_nMH_jyTldjo=\/1440x960\/filters:format(webp):quality(85)\/cloudfront-us-east-1.images.arcpublishing.com\/infobae\/X5RH4L5GEVCMVJJCBGEQDU6XDA.jpg 1440w\">La corrida cambiaria de esta semana despert\u00f3 temores dentro de Uni\u00f3n por la Patria, respecto al impacto electoral (EFE\/Rayner Pe\u00f1a R.)<\/p>\n\n\n\n<p>En el peronismo entienden que el conflicto se encapsul\u00f3 r\u00e1pido y evit\u00f3 una crisis pol\u00edtica de magnitud, pero aunque en el b\u00fanker de UP aseguren que no les impactar\u00e1 en la elecci\u00f3n, entre intendentes y gobernadores hay dudas sobre si realmente ser\u00e1 as\u00ed. No lo tienen claro y entienden que es imposible saberlo antes de la apertura de las urnas.<\/p>\n\n\n\n<p>Quiz\u00e1s una descripci\u00f3n ajustada a esa incertidumbre sea la que pronunci\u00f3 un importante referente social con militancia en el peronismo.&nbsp;<strong>\u201cLo de Insaurralde no nos va a impactar tanto. La corrupci\u00f3n escandaliza a la clase media, pero no al pobre. Esta semana lo que m\u00e1s duro fue el aumento del d\u00f3lar blue porque la gente sabe que va a los precios\u201d<\/strong>, expres\u00f3.<\/p>\n\n\n\n<p>El d\u00f3lar blue funciona como un term\u00f3metro. Si aumenta vertiginosamente genera inestabilidad y, en consecuencia, la sensaci\u00f3n de que el Gobierno no est\u00e1 en control de la situaci\u00f3n. Muchos consultores coinciden en marcar que el dato de la divisa paralela aparece como un tema importante en encuestas y focos group. Aunque la gran mayor\u00eda de los argentinos no tengan margen para poder ahorrar o invertir.<\/p>\n\n\n\n<p>El quiebre que gener\u00f3 lo de Insaurralde fue seguido por la corrida cambiaria que hizo que la divisa paralela rompa el techo de los $1000 y por el 12,7% de inflaci\u00f3n de septiembre, una cifra impensada meses atr\u00e1s. El dato inflacionario m\u00e1s alto de la gesti\u00f3n del oficialismo se conoci\u00f3 diez antes de la elecci\u00f3n que podr\u00eda definir si siguen o no en el poder por cuatro a\u00f1os m\u00e1s. El contexto, claro est\u00e1, no es el m\u00e1s propicio.<\/p>\n\n\n\n<p><img decoding=\"async\" loading=\"lazy\" alt=\"La inflaci\u00f3n escal\u00f3 nuevamente y el registro de septiembre de 12,7% gener\u00f3 preocupaci\u00f3n en las arteras peronistas (EFE\/Juan Ignacio Roncoroni)\n\" height=\"1746\" width=\"2619\" src=\"https:\/\/www.infobae.com\/new-resizer\/-aVV4gMKI9T8zmsBPQCiBbp1mPs=\/arc-anglerfish-arc2-prod-infobae\/public\/ORTZ77UZDRFSFMMFHDRSHGZCC4.jpg\" srcset=\"https:\/\/www.infobae.com\/new-resizer\/CjS00hAEy14jivCec_kQOnhaTTI=\/420x280\/filters:format(webp):quality(85)\/cloudfront-us-east-1.images.arcpublishing.com\/infobae\/ORTZ77UZDRFSFMMFHDRSHGZCC4.jpg 420w,https:\/\/www.infobae.com\/new-resizer\/CDU1ZljLep1qoMzuODD-YdPh1sg=\/768x512\/filters:format(webp):quality(85)\/cloudfront-us-east-1.images.arcpublishing.com\/infobae\/ORTZ77UZDRFSFMMFHDRSHGZCC4.jpg 768w,https:\/\/www.infobae.com\/new-resizer\/rT7IECtmDPez4NbGXNTcJfjgF7o=\/992x661\/filters:format(webp):quality(85)\/cloudfront-us-east-1.images.arcpublishing.com\/infobae\/ORTZ77UZDRFSFMMFHDRSHGZCC4.jpg 992w,https:\/\/www.infobae.com\/new-resizer\/mF6eSXjPqHGIJZvCniGOhPR4dOQ=\/1200x800\/filters:format(webp):quality(85)\/cloudfront-us-east-1.images.arcpublishing.com\/infobae\/ORTZ77UZDRFSFMMFHDRSHGZCC4.jpg 1200w,https:\/\/www.infobae.com\/new-resizer\/FOVZtqMoTKVJA1yfr8IBCUUa3HY=\/1440x960\/filters:format(webp):quality(85)\/cloudfront-us-east-1.images.arcpublishing.com\/infobae\/ORTZ77UZDRFSFMMFHDRSHGZCC4.jpg 1440w\">La inflaci\u00f3n escal\u00f3 nuevamente y el registro de septiembre de 12,7% gener\u00f3 preocupaci\u00f3n en las arteras peronistas (EFE\/Juan Ignacio Roncoroni)<\/p>\n\n\n\n<p>Eso tres hechos abrieron un ronda de preguntas en el peronismo. \u00bfMilei puede ganar en primera vuelta? \u00bfY si gana por una diferencia amplia pero saca la diferencia necesaria, c\u00f3mo llegamos al balotaje? \u00bfExiste la posibilidad de que Bullrich se meta en el balotaje? \u00bfY si salimos terceros? \u00bfY si es Massa el que sale primero en la general?<strong>&nbsp;Nadie tiene respuestas, solo hay convicciones. Y la principal convicci\u00f3n que hay en el oficialismo es que ingresar\u00e1n segundos en el balotaje.<\/strong><\/p>\n\n\n\n<p>Los n\u00fameros de las encuestas que reciben siguen siendo favorables porque los posicionan en el segundo escal\u00f3n y cerca de Milei. Motivo por el que siguen insistiendo con que la candidata de Juntos por el Cambio no tiene posibilidades de meterse en la segunda vuelta. En el b\u00fanker hay m\u00e1s optimismo que en el resto de los anillos de dirigentes territoriales que conforman el espacio pol\u00edtico, que ven una elecci\u00f3n dif\u00edcil y tienen mayores dudas sobre el desempe\u00f1o que pueda tener Massa en este contexto.<\/p>\n\n\n\n<p><strong>\u201cLlegamos a la elecci\u00f3n cagados a palos. Pero tambi\u00e9n esta semana Milei expuso su alto nivel de irresponsabilidad. Eso la gente lo percibe\u201d<\/strong>, sostuvo un funcionario de La C\u00e1mpora. En el oficialismo tambi\u00e9n ven que desde las PASO a esta parte la sociedad ha podido percibir con mayor exactitud el riesgo de llevar al libertario a la Casa Rosada. Sus formas y sus acciones retratan la imprevisibilidad.<\/p>\n\n\n\n<p>\u00bfSi a Milei se le caen votos, a d\u00f3nde van a parar? En el peronismo asumen que algunos votos pueden volver a Massa &#8211; porque el libertario les comi\u00f3 un sector del electorado m\u00e1s popular -, pero tambi\u00e9n saben que Bullrich puede absorber votos que busquen un cambio. De todas formas, siguen creyendo que est\u00e1 lejos de ingresar al mano a mano final. Ni siquiera con esos hipot\u00e9ticos votos creen que podr\u00eda dar el salto.<\/p>\n\n\n\n<p><\/p>\n\n\n\n<h3>El impacto de la inflaci\u00f3n y el aumento del d\u00f3lar<\/h3>\n\n\n\n<p><strong>\u201cLa inflaci\u00f3n no va a impactar en el voto. Es parte de la cultura argentina. A la gente lo que le importa es que tiene trabajo\u201d<\/strong>, advirti\u00f3 un dirigente muy importante del esquema de campa\u00f1a de Massa. El dato de inflaci\u00f3n volvi\u00f3 a golpear al Gobierno, aunque puertas adentro consideren que el nuevo aumento no tendr\u00e1 consecuencias electorales.<\/p>\n\n\n\n<p>La inflaci\u00f3n del mes de septiembre fue de 12,7%. En los \u00faltimos doce meses hubo un 138,3% de inflaci\u00f3n. En los \u00faltimos sesenta d\u00edas un 25,1%. Los datos son malos. Todos. En el oficialismo lo anticipaban desde hace varios d\u00edas, aunque un mes atr\u00e1s, cuando sali\u00f3 el dato del INDEC, estimaban que el del \u00faltimo jueves iba a ser de una cifra. No sucedi\u00f3.<\/p>\n\n\n\n<p>Por estos d\u00edas casi todo se mide respecto a las consecuencias que puede tener en la elecci\u00f3n general del 22 de octubre. Lo que se dice y lo que no se dice, lo que pasa y lo que no pasa. C\u00f3mo impacta en los votantes, que son los que definir\u00e1n qui\u00e9n es el pr\u00f3ximo presidente. La pol\u00edtica gira alrededor de la elecci\u00f3n.<\/p>\n\n\n\n<p>La inflaci\u00f3n es uno de los datos m\u00e1s importantes en este contexto porque degrada el poder adquisitivo, impide que muchas personas lleguen a fin de mes y genera un mal clima en la sociedad. Sin embargo, en el peronismo entienden que el aumento est\u00e1&nbsp;<strong>\u201cnaturalizado\u201d<\/strong>&nbsp;porque desde hace tiempo la gente sabe que el cierre del a\u00f1o ser\u00e1 complejo debido a los aumentos. No hay sorpresa.<\/p>\n\n\n\n<p><img decoding=\"async\" loading=\"lazy\" alt=\"En el oficialismo hace tiempo que creen que la inflaci\u00f3n no tendr\u00e1 un impacto definitorio en las elecciones generales (Sarah Pabst\/Bloomberg)\" height=\"2999\" width=\"4500\" src=\"https:\/\/www.infobae.com\/new-resizer\/nKx8zo0lo3EsWTt_eXa-cDrB82Q=\/arc-anglerfish-arc2-prod-infobae\/public\/AQXS4455W5DJVDNA5WCIRFRPAY.jpg\" srcset=\"https:\/\/www.infobae.com\/new-resizer\/pD8EJWuGqw7YVkBZNovQdgGF1CQ=\/420x280\/filters:format(webp):quality(85)\/cloudfront-us-east-1.images.arcpublishing.com\/infobae\/AQXS4455W5DJVDNA5WCIRFRPAY.jpg 420w,https:\/\/www.infobae.com\/new-resizer\/RlN42ky9jTYPbTg0eVV3XfW1jP0=\/768x512\/filters:format(webp):quality(85)\/cloudfront-us-east-1.images.arcpublishing.com\/infobae\/AQXS4455W5DJVDNA5WCIRFRPAY.jpg 768w,https:\/\/www.infobae.com\/new-resizer\/B-YuTlKulpPoKyPgXtCs23qAWP8=\/992x661\/filters:format(webp):quality(85)\/cloudfront-us-east-1.images.arcpublishing.com\/infobae\/AQXS4455W5DJVDNA5WCIRFRPAY.jpg 992w,https:\/\/www.infobae.com\/new-resizer\/ny4jPDkhlDEh7d86NkL52q0RF_0=\/1200x800\/filters:format(webp):quality(85)\/cloudfront-us-east-1.images.arcpublishing.com\/infobae\/AQXS4455W5DJVDNA5WCIRFRPAY.jpg 1200w,https:\/\/www.infobae.com\/new-resizer\/ts3BNaNU3wCjb7O9NFlPQdu1azs=\/1440x960\/filters:format(webp):quality(85)\/cloudfront-us-east-1.images.arcpublishing.com\/infobae\/AQXS4455W5DJVDNA5WCIRFRPAY.jpg 1440w\">En el oficialismo hace tiempo que creen que la inflaci\u00f3n no tendr\u00e1 un impacto definitorio en las elecciones generales (Sarah Pabst\/Bloomberg)<\/p>\n\n\n\n<p><strong>La teor\u00eda que tienen es que el da\u00f1o electoral de la inflaci\u00f3n ya fue provocado.<\/strong>&nbsp;No se profundizar\u00e1 por mes m\u00e1s de dos d\u00edgitos. Quiz\u00e1s el impacto concreto solo pueda caer sobre los indecisos, pero no sobre el n\u00facleo de adhesiones que le da volumen a la base electoral. Al menos, as\u00ed lo consideran.<\/p>\n\n\n\n<p>Adem\u00e1s, destacan la importancia de que la gente \u201ctenga trabajo\u201d, m\u00e1s all\u00e1 de que aceptan que muchos sueldos no alcanzan a cubrir el mes. Ya lo dijo la vicepresidenta Cristina Kirchner en alguna oportunidad, cuando asegur\u00f3 que la gente tiene trabajo pero no de calidad, porque los sueldos son bajos para el costo de vida del pa\u00eds.<\/p>\n\n\n\n<p><strong>\u201cLa gente est\u00e1 conviviendo con la inflaci\u00f3n desde hace tiempo. Est\u00e1 acostumbra<\/strong>. Pero no deja de ser un tema que le pega. Pero respecto a la elecci\u00f3n no va a cambiar. El 80% de la gente ya decidi\u00f3. Las cartas est\u00e1n echadas\u201d, reconoci\u00f3 uno de los dirigentes m\u00e1s influyentes de la Uni\u00f3n de Trabajadores de la Econom\u00eda Popular (UTEP).<\/p>\n\n\n\n<p>El planteo es extra\u00f1o porque implica que 25 puntos de inflaci\u00f3n en dos meses casi no tendr\u00eda impacto en la decisi\u00f3n del electorado, castigado por el aumento y el desequilibrio de precios que hay en el pa\u00eds desde hace largos meses. Incluso,&nbsp;<strong>en Uni\u00f3n por la Patria (UP) afirman que recuperaron votos en los barrios populares<\/strong>, donde muchos ciudadanos acompa\u00f1aron con su voto a Javier Milei y en d\u00f3nde se siente con fuerza el aumento de precios por el bajo poder adquisitivo que tienen.<\/p>\n\n\n\n<p><img decoding=\"async\" loading=\"lazy\" alt=\"En el peronismo hay optimismo sobre el desempe\u00f1o electoral de Massa pero incertidumbre sobre el resultado (Fuente)\" height=\"1279\" width=\"1920\" src=\"https:\/\/www.infobae.com\/new-resizer\/AezGDITk85-cGbJzthQ7hBVkgWo=\/arc-anglerfish-arc2-prod-infobae\/public\/JWYMUZVE7VFBNJLX3OZVCH26WE.jpeg\" srcset=\"https:\/\/www.infobae.com\/new-resizer\/0ncf-ixVZ9YtDxwTcaPpt0IEXM0=\/420x280\/filters:format(webp):quality(85)\/cloudfront-us-east-1.images.arcpublishing.com\/infobae\/JWYMUZVE7VFBNJLX3OZVCH26WE.jpeg 420w,https:\/\/www.infobae.com\/new-resizer\/TFWWsjxSU9x0FnLThmV7bbqXLMk=\/768x512\/filters:format(webp):quality(85)\/cloudfront-us-east-1.images.arcpublishing.com\/infobae\/JWYMUZVE7VFBNJLX3OZVCH26WE.jpeg 768w,https:\/\/www.infobae.com\/new-resizer\/82KupylhcwaOQvitsx7uYOf1OKY=\/992x661\/filters:format(webp):quality(85)\/cloudfront-us-east-1.images.arcpublishing.com\/infobae\/JWYMUZVE7VFBNJLX3OZVCH26WE.jpeg 992w,https:\/\/www.infobae.com\/new-resizer\/reNBC4YxRJaHg-USMlfS7ODtAGA=\/1200x800\/filters:format(webp):quality(85)\/cloudfront-us-east-1.images.arcpublishing.com\/infobae\/JWYMUZVE7VFBNJLX3OZVCH26WE.jpeg 1200w,https:\/\/www.infobae.com\/new-resizer\/ItCTGyDp79sfs7629fxoEHdNBBY=\/1440x960\/filters:format(webp):quality(85)\/cloudfront-us-east-1.images.arcpublishing.com\/infobae\/JWYMUZVE7VFBNJLX3OZVCH26WE.jpeg 1440w\">En el peronismo hay optimismo sobre el desempe\u00f1o electoral de Massa pero incertidumbre sobre el resultado (Fuente)<\/p>\n\n\n\n<p>Un intendente del interior bonaerense se mostr\u00f3 en sinton\u00eda con el planteo del dirigente social. \u201cNo es una novedad. La gente ya tiene incorporado el aumento de precios.<strong>&nbsp;Genera bronca pero no define nada en t\u00e9rminos electorales.&nbsp;<\/strong>Ni genera crisis social ni frena la econom\u00eda\u201d, reflexion\u00f3. Esa es la l\u00ednea de pensamiento que, mayoritariamente, atraviesa al espacio pol\u00edtico.<\/p>\n\n\n\n<p>La idea que flota en el peronismo es que hay un\u00a0<strong>\u201cacostumbramiento\u201d<\/strong>\u00a0a la suba de precios en un a\u00f1o que, de principio a fin, estuvo marcado por la alta inflaci\u00f3n. Queda poco tiempo para saber cu\u00e1l es la sensibilidad con que la dirigencia percibi\u00f3 el impacto de los problemas de la econom\u00eda en la gente y c\u00f3mo la sociedad reacciona frente a las propuestas de los tres candidatos que compiten por el poder.<\/p>\n\n\n\n<p>fuente: infobae<\/p>\n","protected":false},"excerpt":{"rendered":"<div class=\"mh-excerpt\"><p>Falta una semana y algunas horas para que se lleve a cabo la elecci\u00f3n. El momento esperado. El que podr\u00eda definir al pr\u00f3ximo presidente de los argentinos o el que derivar\u00e1 en un balotaje el 19 de noviembre. En&nbsp;Uni\u00f3n por la Patria (UP)&nbsp;hay un mezcla extra\u00f1a de sensaciones. Optimismo, ansiedad, preocupaci\u00f3n, incertidumbre, dudas. La l\u00ednea del tiempo de las \u00faltimas tres semanas tuvo hechos negativos para el oficialismo&nbsp;que cambiaron el \u00e1nimo en algunos sectores. A grandes rasgos, desde las PASO hasta el esc\u00e1ndalo de Mart\u00edn Insaurralde en el peronismo hab\u00eda satisfacci\u00f3n por lo hecho por&nbsp;Sergio Massa&nbsp;en el escenario electoral. Primero <a class=\"mh-excerpt-more\" href=\"http:\/\/dsrmedios.com.ar\/diario\/archivos\/40484\" title=\"Sergio Massa mantiene la convicci\u00f3n de que ir\u00e1 al balotaje, pero afronta el final de la campa\u00f1a con incertidumbre\">[Leer m\u00e1s]<\/a><\/p>\n<\/div>","protected":false},"author":8,"featured_media":31416,"comment_status":"open","ping_status":"closed","sticky":false,"template":"","format":"standard","meta":{"_jetpack_newsletter_access":""},"categories":[6],"tags":[],"jetpack_featured_media_url":"http:\/\/dsrmedios.com.ar\/diario\/wp-content\/uploads\/2023\/04\/CULIKXKBYJ5VYCFKH4L7XKC57Q.jpg","jetpack_sharing_enabled":true,"jetpack_shortlink":"https:\/\/wp.me\/p9fihK-awY","_links":{"self":[{"href":"http:\/\/dsrmedios.com.ar\/diario\/wp-json\/wp\/v2\/posts\/40484"}],"collection":[{"href":"http:\/\/dsrmedios.com.ar\/diario\/wp-json\/wp\/v2\/posts"}],"about":[{"href":"http:\/\/dsrmedios.com.ar\/diario\/wp-json\/wp\/v2\/types\/post"}],"author":[{"embeddable":true,"href":"http:\/\/dsrmedios.com.ar\/diario\/wp-json\/wp\/v2\/users\/8"}],"replies":[{"embeddable":true,"href":"http:\/\/dsrmedios.com.ar\/diario\/wp-json\/wp\/v2\/comments?post=40484"}],"version-history":[{"count":1,"href":"http:\/\/dsrmedios.com.ar\/diario\/wp-json\/wp\/v2\/posts\/40484\/revisions"}],"predecessor-version":[{"id":40485,"href":"http:\/\/dsrmedios.com.ar\/diario\/wp-json\/wp\/v2\/posts\/40484\/revisions\/40485"}],"wp:featuredmedia":[{"embeddable":true,"href":"http:\/\/dsrmedios.com.ar\/diario\/wp-json\/wp\/v2\/media\/31416"}],"wp:attachment":[{"href":"http:\/\/dsrmedios.com.ar\/diario\/wp-json\/wp\/v2\/media?parent=40484"}],"wp:term":[{"taxonomy":"category","embeddable":true,"href":"http:\/\/dsrmedios.com.ar\/diario\/wp-json\/wp\/v2\/categories?post=40484"},{"taxonomy":"post_tag","embeddable":true,"href":"http:\/\/dsrmedios.com.ar\/diario\/wp-json\/wp\/v2\/tags?post=40484"}],"curies":[{"name":"wp","href":"https:\/\/api.w.org\/{rel}","templated":true}]}}