{"id":40479,"date":"2023-10-14T10:56:03","date_gmt":"2023-10-14T13:56:03","guid":{"rendered":"http:\/\/dsrmedios.com.ar\/diario\/?p=40479"},"modified":"2023-10-14T10:56:06","modified_gmt":"2023-10-14T13:56:06","slug":"la-suba-del-dolar-tuvo-fuerte-impacto-en-los-precios-y-los-alimentos-vuelven-a-impulsar-la-inflacion-de-este-mes","status":"publish","type":"post","link":"http:\/\/dsrmedios.com.ar\/diario\/archivos\/40479","title":{"rendered":"La suba del d\u00f3lar tuvo fuerte impacto en los precios y los alimentos vuelven a impulsar la inflaci\u00f3n de este mes"},"content":{"rendered":"\n<p>La disparada del d\u00f3lar libre en la \u00faltima semana y media, sumada al dato de<a rel=\"noreferrer noopener\" href=\"https:\/\/www.infobae.com\/economia\/2023\/10\/13\/tras-la-suba-de-127-de-septiembre-preven-que-la-inflacion-de-octubre-se-mantenga-en-dos-digitos\/\" target=\"_blank\">\u00a0inflaci\u00f3n\u00a0<\/a>del mes pasado m\u00e1s alto que lo previsto, ech\u00f3 por tierra la expectativa inicial del mercado seg\u00fan la cual, tras un salto a dos d\u00edgitos por la devaluaci\u00f3n post PASO en agosto y septiembre, el \u00edndice de precios acusar\u00eda una desaceleraci\u00f3n.<a rel=\"noreferrer noopener\" href=\"https:\/\/www.infobae.com\/economia\/2023\/10\/14\/en-la-semana-en-la-que-el-dolar-libre-subio-100-tambien-avanzaron-las-acciones-y-los-bonos\/\" target=\"_blank\"><\/a><a rel=\"noreferrer noopener\" href=\"https:\/\/www.infobae.com\/economia\/2023\/10\/14\/el-fmi-alerto-que-sera-fundamental-que-el-acuerdo-se-aplique-con-firmeza-y-se-asuma-como-propio-que-dijo-de-la-dolarizacion\/\" target=\"_blank\"><\/a><\/p>\n\n\n\n<p>Algunos factores m\u00e1s previsibles que otros tornaron poco probable esa&nbsp;<a rel=\"noreferrer noopener\" href=\"https:\/\/www.infobae.com\/economia\/2023\/10\/12\/para-las-consultoras-que-releva-el-banco-central-la-inflacion-cerrara-el-ano-en-180-por-ciento\/\" target=\"_blank\">expectativa<\/a>, en un principio basada en el r\u00e1pido traslado a precios de la correcci\u00f3n cambiaria de agosto en la franja oficial y la inflaci\u00f3n reprimida que suponen los acuerdos como el congelamiento que rige este mes de las cuotas de las prepagas, transporte, la nafta y las tarifas de los servicios p\u00fablicos, principalmente.<\/p>\n\n\n\n<p>Sin embargo, la presi\u00f3n dolarizadora, tal vez m\u00e1s intensa que lo anticipado, y que llev\u00f3 al d\u00f3lar informal a superar los $1.000 -aunque finaliz\u00f3 la semana en $980, casi sin operaciones por los controles de Polic\u00eda y AFIP- result\u00f3 un factor de mucho mayor peso e incluso los precios de los alimentos, que normalmente se rigen por el tipo de cambio oficial, anotaron fuertes subas en los \u00faltimos d\u00edas, destacaron fuentes del mercado.<\/p>\n\n\n\n<p>Seg\u00fan el \u00edndice semanal de la consultora EcoGO, durante los primeros d\u00edas de octubre la inflaci\u00f3n de&nbsp;<strong>alimentos alcanz\u00f3 2,3%<\/strong>, cifra que proyectada a todo el mes se ubicar\u00eda en 9,6% para el rubro, mientras que el \u00edndice general superar\u00eda levemente el 10 por ciento.<\/p>\n\n\n\n<p><\/p>\n\n\n\n<p>Una estimaci\u00f3n similar anticip\u00f3&nbsp;<strong>Fausto Spotorno<\/strong>, director de la consultora de OJF, cuya medici\u00f3n arroja un avance de precios de 5,6% en la primera semana de octubre.<\/p>\n\n\n\n<p>En ese panorama, vuelve a cobrar protagonismo el precio de la carne, que, tras una fuerte recomposici\u00f3n de precios verificada entre mediados de agosto y principios de septiembre, hab\u00eda frenado la escalada, pero ahora retoma la tendencia alcista. Por el momento, se trata de una suba relativamente moderada, entre 6% y 8% acumulada en el mes.<\/p>\n\n\n\n<blockquote class=\"wp-block-quote\">\n<p>Inflaci\u00f3n reprimida que suponen los acuerdos como el congelamiento que rige este mes de las cuotas de las prepagas, transporte, la nafta y las tarifas<\/p>\n<\/blockquote>\n\n\n\n<p>Seg\u00fan el \u00edndice semanal de la consultora EcoGO, durante los primeros d\u00edas de octubre la inflaci\u00f3n de&nbsp;<strong>alimentos alcanz\u00f3 2,3%<\/strong>, cifra que proyectada a todo el mes se ubicar\u00eda en 9,6% para el rubro, mientras que el \u00edndice general superar\u00eda levemente el 10 por ciento.<\/p>\n\n\n\n<p>Una estimaci\u00f3n similar anticip\u00f3\u00a0<strong>Fausto Spotorno<\/strong>, director de la consultora de OJF, cuya medici\u00f3n arroja un avance de precios de 5,6% en la primera semana de octubre.<\/p>\n\n\n\n<p>En ese panorama, vuelve a cobrar protagonismo el precio de la carne, que, tras una fuerte recomposici\u00f3n de precios verificada entre mediados de agosto y principios de septiembre, hab\u00eda frenado la escalada, pero ahora retoma la tendencia alcista. Por el momento, se trata de una suba relativamente moderada, entre 6% y 8% acumulada en el mes.<\/p>\n\n\n\n<p><img decoding=\"async\" loading=\"lazy\" alt=\"La Inflaci\u00f3n en alimentos, empuja al \u00edndice general de precios\" height=\"1812\" width=\"1920\" src=\"https:\/\/www.infobae.com\/new-resizer\/gfref3Z2ugV6v8AhbViZxd-C4AU=\/arc-anglerfish-arc2-prod-infobae\/public\/RKGTQYT5ZFDHXHQP6TSPPK4RBU.png\" srcset=\"https:\/\/www.infobae.com\/new-resizer\/7__eip25oVPWK5PV69eB9LOlF1I=\/420x420\/filters:format(webp):quality(85)\/cloudfront-us-east-1.images.arcpublishing.com\/infobae\/RKGTQYT5ZFDHXHQP6TSPPK4RBU.png 420w,https:\/\/www.infobae.com\/new-resizer\/XZ0aUv5o_qB8KOYByFIiuFsRK88=\/768x768\/filters:format(webp):quality(85)\/cloudfront-us-east-1.images.arcpublishing.com\/infobae\/RKGTQYT5ZFDHXHQP6TSPPK4RBU.png 768w,https:\/\/www.infobae.com\/new-resizer\/zHbYbb5s7pFsSg4mabNbDMnMoPg=\/992x992\/filters:format(webp):quality(85)\/cloudfront-us-east-1.images.arcpublishing.com\/infobae\/RKGTQYT5ZFDHXHQP6TSPPK4RBU.png 992w,https:\/\/www.infobae.com\/new-resizer\/imqydeCxBdSBMpaehZRGUwVcFl4=\/1200x1200\/filters:format(webp):quality(85)\/cloudfront-us-east-1.images.arcpublishing.com\/infobae\/RKGTQYT5ZFDHXHQP6TSPPK4RBU.png 1200w,https:\/\/www.infobae.com\/new-resizer\/5q-yxKGflk_XO6kmXHIfTNp9Csc=\/1440x1440\/filters:format(webp):quality(85)\/cloudfront-us-east-1.images.arcpublishing.com\/infobae\/RKGTQYT5ZFDHXHQP6TSPPK4RBU.png 1440w\">La Inflaci\u00f3n en alimentos, empuja al \u00edndice general de precios<\/p>\n\n\n\n<p>\u201cLos \u00faltimos d\u00edas sobre todo hubo una aceleraci\u00f3n de precios en general bastante fuerte pero alimentos en particular. La carne se empez\u00f3 a dar vuelta y esto pesa mucho\u201d, apunt\u00f3 el economista&nbsp;<strong>Camilo Tiscornia<\/strong>, que sigue su propio relevamiento, en alusi\u00f3n a la alta incidencia que la carne tiene en el rubro alimentos y, a la vez, la alta ponderaci\u00f3n de esa divisi\u00f3n en el \u00edndice general. Pero tambi\u00e9n otros productos estacionales y fuera del alcance de los acuerdos promovidos por el Gobierno presionan este mes al alza.<\/p>\n\n\n\n<p>\u201cTambi\u00e9n hay un tema con verduras, que bajaron mucho en septiembre y ahora se revierte. Es estacional, pero incide.&nbsp;<strong>En varios otros rubros tambi\u00e9n ya se advierte el impacto del tipo de cambio<\/strong>\u201d, agreg\u00f3 el economista.<\/p>\n\n\n\n<p>Con una medici\u00f3n algo m\u00e1s benigna, en LCG consultores relevaron que en la segunda semana del mes, la inflaci\u00f3n se ubic\u00f3 en 1,7%, unas 3 d\u00e9cimas por encima de la medici\u00f3n previ. El \u00edndice de alimentos y bebidas de la consultora present\u00f3 una inflaci\u00f3n mensual del 7,1% promedio en las \u00faltimas 4 semanas y 6,7% punta a punta en el mismo per\u00edodo. \u201cEn lo que va del mes acumula un 3,2% de inflaci\u00f3n\u201d, afirm\u00f3 el informe.<\/p>\n\n\n\n<blockquote class=\"wp-block-quote\">\n<p>Los registros hasta el momento parecen indicar a las claras que un porcentaje cada vez mayor de precios de la econom\u00eda queda impactado por la suba del d\u00f3lar libre<\/p>\n<\/blockquote>\n\n\n\n<p>Los registros hasta el momento parecen indicar a las claras que un porcentaje cada vez mayor de precios de la econom\u00eda queda impactado por la suba del d\u00f3lar libre en vistas del endurecimiento cada vez mayor del acceso al d\u00f3lar oficial y la incertidumbre respecto del valor de reposici\u00f3n.<\/p>\n\n\n\n<p>El economista&nbsp;<strong>Eduardo Levy Yeyati<\/strong>&nbsp;de la Universidad Di Tella, colaborador de los equipos de Juntos por el Cambio, advirti\u00f3 durante la semana que \u201cel uso del tipo de cambio oficial qued\u00f3 limitado a unos pocos bienes esenciales como alimentos, bebidas y perfumes del&nbsp;<em>duty free<\/em>\u201d.<\/p>\n\n\n\n<p>El pron\u00f3stico para la evoluci\u00f3n de los precios en las pr\u00f3ximas semanas, en tanto, es m\u00e1s que reservado. La incertidumbre respecto a los resultados de las elecciones general del pr\u00f3ximo domingo 22 y la reacci\u00f3n del mercado -y tambi\u00e9n del Gobierno- al d\u00eda siguiente es un moj\u00f3n sobre el que se depositan los peores temores.<\/p>\n\n\n\n<p>En ning\u00fan escenario los analistas advierten una posible descompresi\u00f3n de la enorme tensi\u00f3n sobre el mercado de cambios y tampoco sobre el resto de la econom\u00eda. En ese sentido, haya ganador definitivo o segunda vuelta, la transici\u00f3n se percibe tortuosa y desordenada.<\/p>\n\n\n\n<p>\u201cEstas semanas ya se vieron aumentos importantes. Y a\u00fan resta ver la reacci\u00f3n del Gobierno y del mercado post elecciones\u201d, resalt\u00f3\u00a0<strong>Claudio Caprarulo<\/strong>, director de la consultora econ\u00f3mica Analytica, quien anticip\u00f3 una inflaci\u00f3n de\u00a0<strong>12% para este mes<\/strong>, dado el impacto de la suba del d\u00f3lar de las \u00faltimas jornadas.<\/p>\n\n\n\n<p>Fuente: Infobae<\/p>\n","protected":false},"excerpt":{"rendered":"<div class=\"mh-excerpt\"><p>La disparada del d\u00f3lar libre en la \u00faltima semana y media, sumada al dato de\u00a0inflaci\u00f3n\u00a0del mes pasado m\u00e1s alto que lo previsto, ech\u00f3 por tierra la expectativa inicial del mercado seg\u00fan la cual, tras un salto a dos d\u00edgitos por la devaluaci\u00f3n post PASO en agosto y septiembre, el \u00edndice de precios acusar\u00eda una desaceleraci\u00f3n. Algunos factores m\u00e1s previsibles que otros tornaron poco probable esa&nbsp;expectativa, en un principio basada en el r\u00e1pido traslado a precios de la correcci\u00f3n cambiaria de agosto en la franja oficial y la inflaci\u00f3n reprimida que suponen los acuerdos como el congelamiento que rige este mes <a class=\"mh-excerpt-more\" href=\"http:\/\/dsrmedios.com.ar\/diario\/archivos\/40479\" title=\"La suba del d\u00f3lar tuvo fuerte impacto en los precios y los alimentos vuelven a impulsar la inflaci\u00f3n de este mes\">[Leer m\u00e1s]<\/a><\/p>\n<\/div>","protected":false},"author":8,"featured_media":37580,"comment_status":"open","ping_status":"closed","sticky":false,"template":"","format":"standard","meta":{"_jetpack_newsletter_access":""},"categories":[6],"tags":[],"jetpack_featured_media_url":"http:\/\/dsrmedios.com.ar\/diario\/wp-content\/uploads\/2023\/07\/JNFE7KFME7IJA6HJZPELMPAGX4.jpg","jetpack_sharing_enabled":true,"jetpack_shortlink":"https:\/\/wp.me\/p9fihK-awT","_links":{"self":[{"href":"http:\/\/dsrmedios.com.ar\/diario\/wp-json\/wp\/v2\/posts\/40479"}],"collection":[{"href":"http:\/\/dsrmedios.com.ar\/diario\/wp-json\/wp\/v2\/posts"}],"about":[{"href":"http:\/\/dsrmedios.com.ar\/diario\/wp-json\/wp\/v2\/types\/post"}],"author":[{"embeddable":true,"href":"http:\/\/dsrmedios.com.ar\/diario\/wp-json\/wp\/v2\/users\/8"}],"replies":[{"embeddable":true,"href":"http:\/\/dsrmedios.com.ar\/diario\/wp-json\/wp\/v2\/comments?post=40479"}],"version-history":[{"count":1,"href":"http:\/\/dsrmedios.com.ar\/diario\/wp-json\/wp\/v2\/posts\/40479\/revisions"}],"predecessor-version":[{"id":40480,"href":"http:\/\/dsrmedios.com.ar\/diario\/wp-json\/wp\/v2\/posts\/40479\/revisions\/40480"}],"wp:featuredmedia":[{"embeddable":true,"href":"http:\/\/dsrmedios.com.ar\/diario\/wp-json\/wp\/v2\/media\/37580"}],"wp:attachment":[{"href":"http:\/\/dsrmedios.com.ar\/diario\/wp-json\/wp\/v2\/media?parent=40479"}],"wp:term":[{"taxonomy":"category","embeddable":true,"href":"http:\/\/dsrmedios.com.ar\/diario\/wp-json\/wp\/v2\/categories?post=40479"},{"taxonomy":"post_tag","embeddable":true,"href":"http:\/\/dsrmedios.com.ar\/diario\/wp-json\/wp\/v2\/tags?post=40479"}],"curies":[{"name":"wp","href":"https:\/\/api.w.org\/{rel}","templated":true}]}}