{"id":40476,"date":"2023-10-14T10:54:21","date_gmt":"2023-10-14T13:54:21","guid":{"rendered":"http:\/\/dsrmedios.com.ar\/diario\/?p=40476"},"modified":"2023-10-14T10:54:23","modified_gmt":"2023-10-14T13:54:23","slug":"patricia-bullrich-anuncio-que-horacio-rodriguez-larreta-sera-su-jefe-de-gabinete-si-llega-a-la-presidencia","status":"publish","type":"post","link":"http:\/\/dsrmedios.com.ar\/diario\/archivos\/40476","title":{"rendered":"Patricia Bullrich anunci\u00f3 que Horacio Rodr\u00edguez Larreta ser\u00e1 su jefe de Gabinete si llega a la Presidencia"},"content":{"rendered":"\n<p>La candidata a presidenta de Juntos por el Cambio,&nbsp;<strong>Patricia Bullrich<\/strong>, anunci\u00f3 esta ma\u00f1ana que&nbsp;<strong>Horacio Rodr\u00edguez Larreta&nbsp;<\/strong>ser\u00e1 su jefe de Gabinete si llega a la primera magistratura. El jefe de gobierno porte\u00f1o fue su rival en las primarias de agosto.<\/p>\n\n\n\n<p>\u201cEste anuncio es mucho m\u00e1s que un anuncio electoral, es mostrarle a la sociedad argentina que Juntos por el Cambio est\u00e1 listo para agarrar el pa\u00eds desde el fondo del pozo. Estamos convocando a los que m\u00e1s experiencia y m\u00e1s capacidad de gesti\u00f3n tienen\u201d, afirm\u00f3 Bullrich en conferencia de prensa.<\/p>\n\n\n\n<p>Se trata de una decisi\u00f3n que busca romper la din\u00e1mica actual y&nbsp;<strong>contener los votos que obtuvo el frente opositor en las PASO<\/strong>. El consenso de las encuestas ubican a Bullrich relegada, detr\u00e1s del candidato de La Libertad Avanza (LLA),&nbsp;<strong>Javier Milei<\/strong>, y del ministro de Econom\u00eda y postulante por Uni\u00f3n por la Patria,&nbsp;<strong>Sergio Massa<\/strong>.<\/p>\n\n\n\n<p><img decoding=\"async\" loading=\"lazy\" alt=\"Sergio Massa, Patricia Bullrich y Javier Milei, los tres presidenciables que se enfrentar\u00e1n el 22 de octubre\" height=\"1266\" width=\"2817\" src=\"https:\/\/www.infobae.com\/new-resizer\/2GK0bnj0l5G0YNrNRoo-5PZieLw=\/arc-anglerfish-arc2-prod-infobae\/public\/YONIUK2BOMZSOO676FKTR3WGVA.jpg\" srcset=\"https:\/\/www.infobae.com\/new-resizer\/sWcbTXUabQkqqc6G3uBL5iOHkaU=\/420x187\/filters:format(webp):quality(85)\/cloudfront-us-east-1.images.arcpublishing.com\/infobae\/YONIUK2BOMZSOO676FKTR3WGVA.jpg 420w,https:\/\/www.infobae.com\/new-resizer\/5TxLVwy8ruWcvtjydWI64_IHTVw=\/768x341\/filters:format(webp):quality(85)\/cloudfront-us-east-1.images.arcpublishing.com\/infobae\/YONIUK2BOMZSOO676FKTR3WGVA.jpg 768w,https:\/\/www.infobae.com\/new-resizer\/RfqDfFovu0GZHtAgAHfqnjRQeok=\/992x441\/filters:format(webp):quality(85)\/cloudfront-us-east-1.images.arcpublishing.com\/infobae\/YONIUK2BOMZSOO676FKTR3WGVA.jpg 992w,https:\/\/www.infobae.com\/new-resizer\/lem0btnXGo8SxSkAaqQtDzJCDDA=\/1200x533\/filters:format(webp):quality(85)\/cloudfront-us-east-1.images.arcpublishing.com\/infobae\/YONIUK2BOMZSOO676FKTR3WGVA.jpg 1200w\">Sergio Massa, Patricia Bullrich y Javier Milei, los tres presidenciables que se enfrentar\u00e1n el 22 de octubre<\/p>\n\n\n\n<p>El director de la encuestadora Opinaia,&nbsp;<a rel=\"noreferrer noopener\" href=\"https:\/\/www.infobae.com\/politica\/2023\/10\/13\/tres-candidatos-obligados-a-buscar-votos-en-una-sociedad-que-oscila-entre-el-miedo-y-la-esperanza-de-cambio\/\" target=\"_blank\">Juan Mayol,<\/a>&nbsp;hab\u00eda advertido ayer en una nota con&nbsp;<strong>Infobae<\/strong>&nbsp;que&nbsp;<strong>Patricia Bullrich&nbsp;<\/strong>todav\u00eda no lograba \u201cconvocar a aquellas personas que votaron a Rodr\u00edguez Larreta en las PASO, que son vitales para ella ser competitiva en la entrada al balotaje. No quiero decir que esto sea imposible, pero todav\u00eda no lo consigui\u00f3. Hoy en d\u00eda la tenemos n\u00edtidamente por debajo de Massa, no peleando el segundo lugar\u201d.<\/p>\n\n\n\n<p><\/p>\n\n\n\n<p>Es que Rodr\u00edguez Larreta y la ex l\u00edder del PRO se enfrentaron en las \u00faltimas PASO de agosto en la cual la ex ministra de Seguridad durante la gesti\u00f3n de Mauricio Macri se impuso por 17 a 11 puntos. Despu\u00e9s de la derrota, el jefe de gobierno porte\u00f1o mantuvo un perfil bajo y le dej\u00f3 el protagonismo pol\u00edtico a su rival.<\/p>\n\n\n\n<p>Si bien continu\u00f3 con la gesti\u00f3n en la administraci\u00f3n porte\u00f1a, Larreta evit\u00f3 las entrevistas y el contacto con los medios y se enfoc\u00f3 en recuperar la rutina previa a la campa\u00f1a. Apenas tuvo participaciones puntuales en actos junto a Bullrich. De hecho, el jefe de Gobierno estuvo presente en el debate presidencial del \u00faltimo domingo, en la Facultad de Derecho de la UBA, como parte de las se\u00f1ales de acercamiento despu\u00e9s de la tensa primaria que los enfrent\u00f3.<\/p>\n\n\n\n<p>En caso de que efectivamente Bullrich llegue a la primera magistratura, se tratar\u00eda de la primera vez que en Argentina dos rivales en unas primarias terminen integrando el mismo equipo de gobierno, una pr\u00e1ctica que es habitual en otras democracias del mundo, como en los Estados Unidos.<\/p>\n\n\n\n<p><img decoding=\"async\" loading=\"lazy\" alt=\"Foto original. El anuncio de la incorporaci\u00f3n de Larreta se hizo en el Jard\u00edn Bot\u00e1nico, el mismo lugar donde se realiz\u00f3 la primera reuni\u00f3n de ambos despu\u00e9s de las PASO\" height=\"1080\" width=\"1920\" src=\"https:\/\/www.infobae.com\/new-resizer\/iuEsEEaPhBqDBcWMzeSAoDvBQ1Q=\/arc-anglerfish-arc2-prod-infobae\/public\/CGL7SXZY6NANLKEEZ6NTDA7ZG4.jpg\" srcset=\"https:\/\/www.infobae.com\/new-resizer\/P7zqH7CY9fg2700violaxxlXQO4=\/420x236\/filters:format(webp):quality(85)\/cloudfront-us-east-1.images.arcpublishing.com\/infobae\/CGL7SXZY6NANLKEEZ6NTDA7ZG4.jpg 420w,https:\/\/www.infobae.com\/new-resizer\/dl5w1ylbsv9IfV2zQhEMiIshwUI=\/768x432\/filters:format(webp):quality(85)\/cloudfront-us-east-1.images.arcpublishing.com\/infobae\/CGL7SXZY6NANLKEEZ6NTDA7ZG4.jpg 768w,https:\/\/www.infobae.com\/new-resizer\/WHJWR106FE530G2pRYp0zpEyWPQ=\/992x558\/filters:format(webp):quality(85)\/cloudfront-us-east-1.images.arcpublishing.com\/infobae\/CGL7SXZY6NANLKEEZ6NTDA7ZG4.jpg 992w,https:\/\/www.infobae.com\/new-resizer\/lhGBW9rUS1EjnQvao9z273fWEiI=\/1200x675\/filters:format(webp):quality(85)\/cloudfront-us-east-1.images.arcpublishing.com\/infobae\/CGL7SXZY6NANLKEEZ6NTDA7ZG4.jpg 1200w,https:\/\/www.infobae.com\/new-resizer\/RCioI9KjAA4UiP7R6XFZd-at7J0=\/1440x810\/filters:format(webp):quality(85)\/cloudfront-us-east-1.images.arcpublishing.com\/infobae\/CGL7SXZY6NANLKEEZ6NTDA7ZG4.jpg 1440w\">Foto original. El anuncio de la incorporaci\u00f3n de Larreta se hizo en el Jard\u00edn Bot\u00e1nico, el mismo lugar donde se realiz\u00f3 la primera reuni\u00f3n de ambos despu\u00e9s de las PASO<\/p>\n\n\n\n<h2>Cambio de ritmo<\/h2>\n\n\n\n<p>El anuncio busca fortalecer a Patricia Bullrich en el tramo final de la campa\u00f1a y darle contextura pol\u00edtica a su futuro equipo de gobierno. El jefe de Gobierno porte\u00f1o ya ejerci\u00f3 el cargo de ministro coordinador pero en la ciudad de Buenos Aires y cuando el l\u00edder del PRO, Mauricio Macri, ocupaba el Ejecutivo porte\u00f1o.<\/p>\n\n\n\n<p>Con su incorporaci\u00f3n, se anticipa que Horacio Rodr\u00edguez Larreta tome m\u00e1s protagonismo en la campa\u00f1a, cuando quedan apenas seis d\u00edas para que empiece la veda, el viernes a las 8 de la ma\u00f1ana.<\/p>\n\n\n\n<p>El jefe de gobierno porte\u00f1o comparti\u00f3 d\u00edas atr\u00e1s, en un reportaje televisivo con Luis Novaresio, su mirada sobre la actualidad electoral de Juntos por el Cambio y ratific\u00f3 que votar\u00e1 a Bullrich: \u201cElla va a entrar al ballotage, estoy convencido. Es la mejor candidata a presidenta que tiene la Argentina\u201d.<\/p>\n\n\n\n<p><img decoding=\"async\" loading=\"lazy\" alt=\"Micr\u00f3fono en mano. Horacio Rodr\u00edguez Larreta en un acto en la provincia de Buenos Aires junto a Patricia Bullrich\" height=\"1080\" width=\"1920\" src=\"https:\/\/www.infobae.com\/new-resizer\/P5TFAYKJLn_awrTy2Swr-dNEfAk=\/arc-anglerfish-arc2-prod-infobae\/public\/OVUU3X3POVCSNN4IHIS2RQVJXQ.jpg\" srcset=\"https:\/\/www.infobae.com\/new-resizer\/BMlYRP7b5Wro3EKMQiQeHX9vNBI=\/420x236\/filters:format(webp):quality(85)\/cloudfront-us-east-1.images.arcpublishing.com\/infobae\/OVUU3X3POVCSNN4IHIS2RQVJXQ.jpg 420w,https:\/\/www.infobae.com\/new-resizer\/6bIb2DtInDajJzfuYlQ7faOQovk=\/768x432\/filters:format(webp):quality(85)\/cloudfront-us-east-1.images.arcpublishing.com\/infobae\/OVUU3X3POVCSNN4IHIS2RQVJXQ.jpg 768w,https:\/\/www.infobae.com\/new-resizer\/LHRrVQ7mx14eFpjApvi0esDGdlU=\/992x558\/filters:format(webp):quality(85)\/cloudfront-us-east-1.images.arcpublishing.com\/infobae\/OVUU3X3POVCSNN4IHIS2RQVJXQ.jpg 992w,https:\/\/www.infobae.com\/new-resizer\/tIUJSPy82xeTYI6WqF3_yavZJqs=\/1200x675\/filters:format(webp):quality(85)\/cloudfront-us-east-1.images.arcpublishing.com\/infobae\/OVUU3X3POVCSNN4IHIS2RQVJXQ.jpg 1200w,https:\/\/www.infobae.com\/new-resizer\/kxqp7ucSPRNz6MaXRE_oNACsgt0=\/1440x810\/filters:format(webp):quality(85)\/cloudfront-us-east-1.images.arcpublishing.com\/infobae\/OVUU3X3POVCSNN4IHIS2RQVJXQ.jpg 1440w\">Micr\u00f3fono en mano. Horacio Rodr\u00edguez Larreta en un acto en la provincia de Buenos Aires junto a Patricia Bullrich<\/p>\n\n\n\n<p>Larreta admiti\u00f3 tambi\u00e9n que no vio venir \u201cen la magnitud que fue\u201d la performance electoral de Javier Milei: \u201cLa concepci\u00f3n de los m\u00e9todos tradicionales que uno ten\u00eda de la pol\u00edtica hay que cuestionarlos todos\u201d, analiz\u00f3 y puso el foco en \u201cel nivel de angustia, miedo y hartazgo\u201d de la gente.<\/p>\n\n\n\n<p>El anuncio de la incorporaci\u00f3n de Larreta al equipo de Patricia Bullrich ocurri\u00f3 en el mismo lugar que donde se produjo el primer encuentro despu\u00e9s de las PASO. Fue en el Jard\u00edn Bot\u00e1nico del barrio porte\u00f1o de Palermo. Era 16 de agosto y La Piba estaba euf\u00f3rica porque le hab\u00eda sacado a su rival una amplia diferencia, a fuerza de polarizar y, por momentos, castigarlo con dureza. Dos meses despu\u00e9s, volvieron all\u00ed pero sin euforias.<\/p>\n\n\n\n<p><img decoding=\"async\" loading=\"lazy\" height=\"3423\" width=\"5000\" srcset=\"https:\/\/www.infobae.com\/new-resizer\/JGnxJa1hE6HIKg4CDc5PZoXyucY=\/420x280\/filters:format(webp):quality(85)\/cloudfront-us-east-1.images.arcpublishing.com\/infobae\/3KXRMOC5I4XKZRRBMN3BGIWKEM.jpg 420w,https:\/\/www.infobae.com\/new-resizer\/P6njjYkMxk3sn14ppI8-cuY8jfY=\/768x512\/filters:format(webp):quality(85)\/cloudfront-us-east-1.images.arcpublishing.com\/infobae\/3KXRMOC5I4XKZRRBMN3BGIWKEM.jpg 768w,https:\/\/www.infobae.com\/new-resizer\/R9xhW9GGeZMqRAy0bN3dIjSkZ6o=\/992x661\/filters:format(webp):quality(85)\/cloudfront-us-east-1.images.arcpublishing.com\/infobae\/3KXRMOC5I4XKZRRBMN3BGIWKEM.jpg 992w,https:\/\/www.infobae.com\/new-resizer\/Wwbac4v4woM9GfDUw7Ity00oqM0=\/1200x800\/filters:format(webp):quality(85)\/cloudfront-us-east-1.images.arcpublishing.com\/infobae\/3KXRMOC5I4XKZRRBMN3BGIWKEM.jpg 1200w,https:\/\/www.infobae.com\/new-resizer\/hYEoFJSYObeE2KlwdgNcCGR2L-c=\/1440x960\/filters:format(webp):quality(85)\/cloudfront-us-east-1.images.arcpublishing.com\/infobae\/3KXRMOC5I4XKZRRBMN3BGIWKEM.jpg 1440w\" src=\"https:\/\/www.infobae.com\/new-resizer\/mDRwK4CaXXAjlRF02xITYtGjHD0=\/arc-anglerfish-arc2-prod-infobae\/public\/3KXRMOC5I4XKZRRBMN3BGIWKEM.jpg\" alt=\"En el debate, Patricia Bullrich fue acompa\u00f1ada por Horacio Rodr\u00edguez Larreta\">En el debate, Patricia Bullrich fue acompa\u00f1ada por Horacio Rodr\u00edguez Larreta<\/p>\n\n\n\n<p>Fuente: Infobae<\/p>\n","protected":false},"excerpt":{"rendered":"<div class=\"mh-excerpt\"><p>La candidata a presidenta de Juntos por el Cambio,&nbsp;Patricia Bullrich, anunci\u00f3 esta ma\u00f1ana que&nbsp;Horacio Rodr\u00edguez Larreta&nbsp;ser\u00e1 su jefe de Gabinete si llega a la primera magistratura. El jefe de gobierno porte\u00f1o fue su rival en las primarias de agosto. \u201cEste anuncio es mucho m\u00e1s que un anuncio electoral, es mostrarle a la sociedad argentina que Juntos por el Cambio est\u00e1 listo para agarrar el pa\u00eds desde el fondo del pozo. Estamos convocando a los que m\u00e1s experiencia y m\u00e1s capacidad de gesti\u00f3n tienen\u201d, afirm\u00f3 Bullrich en conferencia de prensa. Se trata de una decisi\u00f3n que busca romper la din\u00e1mica actual <a class=\"mh-excerpt-more\" href=\"http:\/\/dsrmedios.com.ar\/diario\/archivos\/40476\" title=\"Patricia Bullrich anunci\u00f3 que Horacio Rodr\u00edguez Larreta ser\u00e1 su jefe de Gabinete si llega a la Presidencia\">[Leer m\u00e1s]<\/a><\/p>\n<\/div>","protected":false},"author":8,"featured_media":36916,"comment_status":"open","ping_status":"closed","sticky":false,"template":"","format":"standard","meta":{"_jetpack_newsletter_access":""},"categories":[6],"tags":[],"jetpack_featured_media_url":"http:\/\/dsrmedios.com.ar\/diario\/wp-content\/uploads\/2023\/07\/600x400_patricia-bullrich-presidenta-pro-967467-115321.webp","jetpack_sharing_enabled":true,"jetpack_shortlink":"https:\/\/wp.me\/p9fihK-awQ","_links":{"self":[{"href":"http:\/\/dsrmedios.com.ar\/diario\/wp-json\/wp\/v2\/posts\/40476"}],"collection":[{"href":"http:\/\/dsrmedios.com.ar\/diario\/wp-json\/wp\/v2\/posts"}],"about":[{"href":"http:\/\/dsrmedios.com.ar\/diario\/wp-json\/wp\/v2\/types\/post"}],"author":[{"embeddable":true,"href":"http:\/\/dsrmedios.com.ar\/diario\/wp-json\/wp\/v2\/users\/8"}],"replies":[{"embeddable":true,"href":"http:\/\/dsrmedios.com.ar\/diario\/wp-json\/wp\/v2\/comments?post=40476"}],"version-history":[{"count":1,"href":"http:\/\/dsrmedios.com.ar\/diario\/wp-json\/wp\/v2\/posts\/40476\/revisions"}],"predecessor-version":[{"id":40478,"href":"http:\/\/dsrmedios.com.ar\/diario\/wp-json\/wp\/v2\/posts\/40476\/revisions\/40478"}],"wp:featuredmedia":[{"embeddable":true,"href":"http:\/\/dsrmedios.com.ar\/diario\/wp-json\/wp\/v2\/media\/36916"}],"wp:attachment":[{"href":"http:\/\/dsrmedios.com.ar\/diario\/wp-json\/wp\/v2\/media?parent=40476"}],"wp:term":[{"taxonomy":"category","embeddable":true,"href":"http:\/\/dsrmedios.com.ar\/diario\/wp-json\/wp\/v2\/categories?post=40476"},{"taxonomy":"post_tag","embeddable":true,"href":"http:\/\/dsrmedios.com.ar\/diario\/wp-json\/wp\/v2\/tags?post=40476"}],"curies":[{"name":"wp","href":"https:\/\/api.w.org\/{rel}","templated":true}]}}