{"id":40467,"date":"2023-10-13T20:56:37","date_gmt":"2023-10-13T23:56:37","guid":{"rendered":"http:\/\/dsrmedios.com.ar\/diario\/?p=40467"},"modified":"2023-10-13T20:56:39","modified_gmt":"2023-10-13T23:56:39","slug":"ruta-65-despiste-y-vuelco-en-inmediaciones-de-la-bajada-a-ibarra","status":"publish","type":"post","link":"http:\/\/dsrmedios.com.ar\/diario\/archivos\/40467","title":{"rendered":"Ruta 65: Despiste y vuelco en inmediaciones de la bajada a Ibarra."},"content":{"rendered":"\n<p>A las 8:15 de este viernes, se produjo el incidente a la altura del kil\u00f3metro 286 de la arteria Provincial.<\/p>\n\n\n\n<p>Los dos ocupantes fueron trasladados por prevenci\u00f3n al Hospital Capredoni de Bol\u00edvar<\/p>\n\n\n\n<p>Se <a><\/a>trata de un veh\u00edculo Renault Cl\u00edo con dominio colocado FHX 726, el cual era conducido por un hombre y viajaba acompa\u00f1ado de una mujer, que son oriundos de Coronel Su\u00e1rez.<\/p>\n\n\n\n<p>Una ambulancia del SAME asisti\u00f3 a los accidentados y decidi\u00f3 trasladarlos hacia el Nosocomio de Bol\u00edvar, para su mejor atenci\u00f3n.<\/p>\n\n\n\n<p>En la emergencia trabjaron Bomberos Voluntarios en la Unidad N\u00b0 8, a cargo de V\u00edctor Urigoytea con la dotaci\u00f3n.<\/p>\n\n\n\n<p>En la atenci\u00f3n primaria trabaj\u00f3 personal del \u00e1rea Defensa Civil, Seguridad Vial y Polic\u00eda Departamental.<\/p>\n\n\n\n<p>No fue necesario interrumpir el tr\u00e1nsito en la Ruta 65, ya que el auto se desplaz\u00f3 hacia el pr\u00e9stamo de la Ruta.<\/p>\n\n\n\n<p>Fuente: radiomas<\/p>\n","protected":false},"excerpt":{"rendered":"<div class=\"mh-excerpt\"><p>A las 8:15 de este viernes, se produjo el incidente a la altura del kil\u00f3metro 286 de la arteria Provincial. Los dos ocupantes fueron trasladados por prevenci\u00f3n al Hospital Capredoni de Bol\u00edvar Se trata de un veh\u00edculo Renault Cl\u00edo con dominio colocado FHX 726, el cual era conducido por un hombre y viajaba acompa\u00f1ado de una mujer, que son oriundos de Coronel Su\u00e1rez. Una ambulancia del SAME asisti\u00f3 a los accidentados y decidi\u00f3 trasladarlos hacia el Nosocomio de Bol\u00edvar, para su mejor atenci\u00f3n. En la emergencia trabjaron Bomberos Voluntarios en la Unidad N\u00b0 8, a cargo de V\u00edctor Urigoytea con <a class=\"mh-excerpt-more\" href=\"http:\/\/dsrmedios.com.ar\/diario\/archivos\/40467\" title=\"Ruta 65: Despiste y vuelco en inmediaciones de la bajada a Ibarra.\">[Leer m\u00e1s]<\/a><\/p>\n<\/div>","protected":false},"author":8,"featured_media":40468,"comment_status":"open","ping_status":"closed","sticky":false,"template":"","format":"standard","meta":{"_jetpack_newsletter_access":""},"categories":[8],"tags":[],"jetpack_featured_media_url":"http:\/\/dsrmedios.com.ar\/diario\/wp-content\/uploads\/2023\/10\/384242346_719823100188389_272336529549095404_n.jpg","jetpack_sharing_enabled":true,"jetpack_shortlink":"https:\/\/wp.me\/p9fihK-awH","_links":{"self":[{"href":"http:\/\/dsrmedios.com.ar\/diario\/wp-json\/wp\/v2\/posts\/40467"}],"collection":[{"href":"http:\/\/dsrmedios.com.ar\/diario\/wp-json\/wp\/v2\/posts"}],"about":[{"href":"http:\/\/dsrmedios.com.ar\/diario\/wp-json\/wp\/v2\/types\/post"}],"author":[{"embeddable":true,"href":"http:\/\/dsrmedios.com.ar\/diario\/wp-json\/wp\/v2\/users\/8"}],"replies":[{"embeddable":true,"href":"http:\/\/dsrmedios.com.ar\/diario\/wp-json\/wp\/v2\/comments?post=40467"}],"version-history":[{"count":1,"href":"http:\/\/dsrmedios.com.ar\/diario\/wp-json\/wp\/v2\/posts\/40467\/revisions"}],"predecessor-version":[{"id":40469,"href":"http:\/\/dsrmedios.com.ar\/diario\/wp-json\/wp\/v2\/posts\/40467\/revisions\/40469"}],"wp:featuredmedia":[{"embeddable":true,"href":"http:\/\/dsrmedios.com.ar\/diario\/wp-json\/wp\/v2\/media\/40468"}],"wp:attachment":[{"href":"http:\/\/dsrmedios.com.ar\/diario\/wp-json\/wp\/v2\/media?parent=40467"}],"wp:term":[{"taxonomy":"category","embeddable":true,"href":"http:\/\/dsrmedios.com.ar\/diario\/wp-json\/wp\/v2\/categories?post=40467"},{"taxonomy":"post_tag","embeddable":true,"href":"http:\/\/dsrmedios.com.ar\/diario\/wp-json\/wp\/v2\/tags?post=40467"}],"curies":[{"name":"wp","href":"https:\/\/api.w.org\/{rel}","templated":true}]}}