{"id":40461,"date":"2023-10-13T20:54:39","date_gmt":"2023-10-13T23:54:39","guid":{"rendered":"http:\/\/dsrmedios.com.ar\/diario\/?p=40461"},"modified":"2023-10-13T20:54:42","modified_gmt":"2023-10-13T23:54:42","slug":"un-auto-choco-a-una-camioneta-en-la-parte-trasera-mientras-circulaban-por-ruta-226","status":"publish","type":"post","link":"http:\/\/dsrmedios.com.ar\/diario\/archivos\/40461","title":{"rendered":"Un auto choc\u00f3 a una camioneta en la parte trasera mientras circulaban por Ruta 226."},"content":{"rendered":"\n<p>Sucedi\u00f3 en la tarde de \u00e9ste jueves, a la altura del puente de Vallimanca. Una mujer fue trasladada al Hospital Capredoni.<\/p>\n\n\n\n<p>Un accidente de tr\u00e1nsito se registr\u00f3 el jueves, minutos antes de las 19:00, en la Ruta Nacional 226, a la altura del puente de Vallimanca.<\/p>\n\n\n\n<p><a><\/a>Fuentes policiales informaron a este medio que un autom\u00f3vil marca Renault Logan, dominio AB198NL, color rojo, en el cual se trasladaba una mujer, oriunda de Olavarr\u00eda, circulaba en sentido Olavarr\u00eda \u2013 Bol\u00edvar y colision\u00f3 en la parte trasera a una camioneta marca Toyota Hilux que lo hac\u00eda en el mismo sentido y que fren\u00f3 bruscamente porque delante de la misma viajaba un equipo de herramientas. La camioneta era conducida por un hombre que no pudo ser identificado porque cuando los efectivos policiales llegaron al lugar del accidente ya se hab\u00eda retirado.<\/p>\n\n\n\n<p>A ra\u00edz del choque, la mujer perdi\u00f3 el control del veh\u00edculo e impact\u00f3 contra el guarda raid. Minutos despu\u00e9s fue trasladada al Hospital Dr. Miguel L. Capredoni por un camionero que pas\u00f3 por el lugar y la asisti\u00f3. En el nosocomio les diagnosticaron \u201clesiones leves\u201d.<\/p>\n\n\n\n<p>FUENTE: RADIO MAS<\/p>\n","protected":false},"excerpt":{"rendered":"<div class=\"mh-excerpt\"><p>Sucedi\u00f3 en la tarde de \u00e9ste jueves, a la altura del puente de Vallimanca. Una mujer fue trasladada al Hospital Capredoni. Un accidente de tr\u00e1nsito se registr\u00f3 el jueves, minutos antes de las 19:00, en la Ruta Nacional 226, a la altura del puente de Vallimanca. Fuentes policiales informaron a este medio que un autom\u00f3vil marca Renault Logan, dominio AB198NL, color rojo, en el cual se trasladaba una mujer, oriunda de Olavarr\u00eda, circulaba en sentido Olavarr\u00eda \u2013 Bol\u00edvar y colision\u00f3 en la parte trasera a una camioneta marca Toyota Hilux que lo hac\u00eda en el mismo sentido y que fren\u00f3 <a class=\"mh-excerpt-more\" href=\"http:\/\/dsrmedios.com.ar\/diario\/archivos\/40461\" title=\"Un auto choc\u00f3 a una camioneta en la parte trasera mientras circulaban por Ruta 226.\">[Leer m\u00e1s]<\/a><\/p>\n<\/div>","protected":false},"author":8,"featured_media":40465,"comment_status":"open","ping_status":"closed","sticky":false,"template":"","format":"standard","meta":{"_jetpack_newsletter_access":""},"categories":[8],"tags":[],"jetpack_featured_media_url":"http:\/\/dsrmedios.com.ar\/diario\/wp-content\/uploads\/2023\/10\/384242068_719827603521272_4789305775173742319_n.jpg","jetpack_sharing_enabled":true,"jetpack_shortlink":"https:\/\/wp.me\/p9fihK-awB","_links":{"self":[{"href":"http:\/\/dsrmedios.com.ar\/diario\/wp-json\/wp\/v2\/posts\/40461"}],"collection":[{"href":"http:\/\/dsrmedios.com.ar\/diario\/wp-json\/wp\/v2\/posts"}],"about":[{"href":"http:\/\/dsrmedios.com.ar\/diario\/wp-json\/wp\/v2\/types\/post"}],"author":[{"embeddable":true,"href":"http:\/\/dsrmedios.com.ar\/diario\/wp-json\/wp\/v2\/users\/8"}],"replies":[{"embeddable":true,"href":"http:\/\/dsrmedios.com.ar\/diario\/wp-json\/wp\/v2\/comments?post=40461"}],"version-history":[{"count":1,"href":"http:\/\/dsrmedios.com.ar\/diario\/wp-json\/wp\/v2\/posts\/40461\/revisions"}],"predecessor-version":[{"id":40466,"href":"http:\/\/dsrmedios.com.ar\/diario\/wp-json\/wp\/v2\/posts\/40461\/revisions\/40466"}],"wp:featuredmedia":[{"embeddable":true,"href":"http:\/\/dsrmedios.com.ar\/diario\/wp-json\/wp\/v2\/media\/40465"}],"wp:attachment":[{"href":"http:\/\/dsrmedios.com.ar\/diario\/wp-json\/wp\/v2\/media?parent=40461"}],"wp:term":[{"taxonomy":"category","embeddable":true,"href":"http:\/\/dsrmedios.com.ar\/diario\/wp-json\/wp\/v2\/categories?post=40461"},{"taxonomy":"post_tag","embeddable":true,"href":"http:\/\/dsrmedios.com.ar\/diario\/wp-json\/wp\/v2\/tags?post=40461"}],"curies":[{"name":"wp","href":"https:\/\/api.w.org\/{rel}","templated":true}]}}