{"id":40459,"date":"2023-10-13T13:41:35","date_gmt":"2023-10-13T16:41:35","guid":{"rendered":"http:\/\/dsrmedios.com.ar\/diario\/?p=40459"},"modified":"2023-10-13T13:41:37","modified_gmt":"2023-10-13T16:41:37","slug":"pese-a-la-suba-de-la-tasa-de-interes-que-aplico-el-bcra-los-plazos-fijos-no-logran-ganarle-a-la-inflacion","status":"publish","type":"post","link":"http:\/\/dsrmedios.com.ar\/diario\/archivos\/40459","title":{"rendered":"Pese a la suba de la tasa de inter\u00e9s que aplic\u00f3 el BCRA, los plazos fijos no logran ganarle a la inflaci\u00f3n"},"content":{"rendered":"\n<p>Tras el&nbsp;<a href=\"https:\/\/tn.com.ar\/economia\/2023\/10\/12\/la-inflacion-de-septiembre-fue-de-127-y-acumulo-1383-en-el-ultimo-ano\/\" target=\"_blank\" rel=\"noreferrer noopener\">dato de inflaci\u00f3n r\u00e9cord de septiembre<\/a>, que alcanz\u00f3<strong>&nbsp;12,7%<\/strong>&nbsp;y se convirti\u00f3 en el m\u00e1s alto desde febrero de 1991,&nbsp;<a href=\"https:\/\/tn.com.ar\/economia\/2023\/10\/12\/el-banco-central-define-si-aumenta-la-tasa-de-interes-que-paga-el-plazo-fijo\/\" target=\"_blank\" rel=\"noreferrer noopener\">el Banco Central (BCRA) decidi\u00f3 aumentar la tasa<\/a>&nbsp;de inter\u00e9s 15 puntos porcentuales y&nbsp;<strong>llevar el retorno del&nbsp;<\/strong><a href=\"https:\/\/tn.com.ar\/economia\/2023\/10\/05\/efecto-elecciones-para-resguardarse-los-ahorristas-van-al-dolar-y-no-renuevan-los-plazos-fijos\/\" target=\"_blank\" rel=\"noreferrer noopener\"><strong>plazo fijo<\/strong><\/a><strong>&nbsp;a 133%<\/strong>. Esto representa un&nbsp;<strong>rendimiento mensual del 11%<\/strong>&nbsp;frente a una inflaci\u00f3n que lleva dos meses por arriba del 12%.<\/p>\n\n\n\n<p>\u201cIncluso luego de esta suba,\u00a0<strong>la tasa real sigue siendo negativa<\/strong>\u00a0y, sin perspectivas de que haya una desaceleraci\u00f3n fuerte de la inflaci\u00f3n para los pr\u00f3ximos meses, pierde a\u00fan m\u00e1s su atractivo. Por lo tanto, el efecto que puede llegar a tener como ancla ser\u00eda, en el mejor de los casos, limitado\u201d, afirm\u00f3\u00a0<strong>Roc\u00edo Bisang<\/strong>, economista de\u00a0<em>Eco Go<\/em>.<\/p>\n\n\n\n<p>Sin embargo, la din\u00e1mica de precios fue el principal argumento del organismo para justificar su decisi\u00f3n. \u201cLa&nbsp;<strong>inflaci\u00f3n mensual mostrar\u00eda una desaceleraci\u00f3n significativa en octubre<\/strong>\u201d, dijo el BCRA y explic\u00f3 que \u201cconsidera conveniente incrementar la estructura de tasas de inter\u00e9s de la econom\u00eda para consolidar esta tendencia\u201d.<\/p>\n\n\n\n<figure class=\"wp-block-image\"><img decoding=\"async\" src=\"https:\/\/tn.com.ar\/resizer\/rtZQZzZ4CJO3wNgQJeH2nc7o_Bg=\/767x0\/smart\/filters:format(webp)\/cloudfront-us-east-1.images.arcpublishing.com\/artear\/4MITNSI22REWBPYR75YSIQQHWE.jpg\" alt=\"El Banco Central increment\u00f3 la tasa de referencia este jueves por sexta vez en el a\u00f1o. (Foto: NA\/ DANIEL VIDES).\"\/><figcaption class=\"wp-element-caption\">El Banco Central increment\u00f3 la tasa de referencia este jueves por sexta vez en el a\u00f1o. (Foto: NA\/ DANIEL VIDES).<\/figcaption><\/figure>\n\n\n\n<p>\u201cLa pol\u00edtica de tasa de inter\u00e9s del Banco Central busca propender hacia retornos reales positivos sobre las inversiones en moneda local, con el fin de preservar la estabilidad monetaria y cambiaria\u201d, complet\u00f3 la entidad. Sin embargo, como expres\u00f3 Bisang, el rendimiento que ofrecer\u00e1n los plazos fijos<strong>&nbsp;perder\u00e1 contra la inflaci\u00f3n y tambi\u00e9n en la comparaci\u00f3n con la din\u00e1mica del d\u00f3lar blue<\/strong>, que solamente en las dos primeras semanas de octubre salt\u00f3 un 22,5%.<\/p>\n\n\n\n<h2>Una medida insuficiente<\/h2>\n\n\n\n<p>Las autoridades del BCRA\u00a0<a rel=\"noreferrer noopener\" href=\"https:\/\/tn.com.ar\/economia\/2023\/10\/10\/con-el-dolar-blue-arriba-de-1000-el-banco-central-analiza-si-sube-la-tasa-de-interes\/\" target=\"_blank\">analizaron largamente la conveniencia de subir o no la tasa de inter\u00e9s<\/a>\u00a0esta semana. Por un lado, se le reclamaba a la entidad alguna reacci\u00f3n frente a la corrida cambiaria que llev\u00f3 al d\u00f3lar blue a superar los $1000 y a la inflaci\u00f3n a anotar la segunda variaci\u00f3n consecutiva arriba del 12%. Por otro, cada punto de tasa genera m\u00e1s costos al organismo y la\u00a0<strong>efectividad de la herramienta monetaria es acotada<\/strong>.<\/p>\n\n\n\n<p>Este jueves finalmente se anunci\u00f3 el aumento de la tasa de referencia y de los dep\u00f3sitos. Para el economista&nbsp;<strong>Gabriel Caama\u00f1o<\/strong>, socio de&nbsp;<em>consultora Ledesma<\/em>, la decisi\u00f3n no tendr\u00e1 efecto alguno en este contexto de \u201c<strong>desanclaje total de las expectativas desde la pol\u00edtica<\/strong>, con irresponsabilidad fiscal presente y futura, tanto por el \u2018plan platita\u2019 como por la baja de Ganancias e IVA, con candidatos que no terminan de explicar c\u00f3mo van a hacer lo que proponen\u201d.<\/p>\n\n\n\n<figure class=\"wp-block-image\"><img decoding=\"async\" src=\"https:\/\/tn.com.ar\/resizer\/KhKIrt5Gnulzr3JOO5g9s2vS1CM=\/767x0\/smart\/filters:format(webp)\/cloudfront-us-east-1.images.arcpublishing.com\/artear\/CHADG2HCONFIHC7FZOB5B2G2TE.jpg\" alt=\"El candidato presidencial Javier Milei sugiri\u00f3 no invertir en plazos fijos y fue denunciado por el Gobierno. (Foto: Cristina Sille \/ T\u00e9lam).\"\/><figcaption class=\"wp-element-caption\">El candidato presidencial Javier Milei sugiri\u00f3 no invertir en plazos fijos y fue denunciado por el Gobierno. (Foto: Cristina Sille \/ T\u00e9lam).<\/figcaption><\/figure>\n\n\n\n<p>\u201cLas\u00a0<a rel=\"noreferrer noopener\" href=\"https:\/\/tn.com.ar\/economia\/2023\/10\/12\/el-mercado-de-dolar-futuro-anticipa-una-nueva-devaluacion-luego-del-cambio-de-gobierno\/\" target=\"_blank\">tasas de los futuros de d\u00f3lar<\/a>\u00a0que no est\u00e1n intervenidas est\u00e1n en cuatro d\u00edgitos, las\u00a0<strong>brechas cambiarias arriba de 150%<\/strong>&#8230; No tiene mucho sentido aumentar la tasa. Para que la tasa real compense realmente el nivel de incertidumbre que hay, deber\u00edan subirla demasiado. Para m\u00ed no sirve para nada por s\u00ed sola y con todo lo dem\u00e1s en contra\u201d, agreg\u00f3.<\/p>\n\n\n\n<p>Por su parte, Bisang reconoci\u00f3 que en general la tasa de inter\u00e9s se usa para bajar la inflaci\u00f3n, pero afirm\u00f3: \u201cHoy la sensaci\u00f3n es que\u00a0<strong>el mercado ya no responde a la subas de tasas<\/strong>, m\u00e1s que nada porque de fondo hay una b\u00fasqueda por cubrirse en un contexto donde a pocas semanas de las elecciones, y con la macro contra las cuerdas, la incertidumbre es alt\u00edsima\u201d.<\/p>\n\n\n\n<p>Fuente: TN<\/p>\n","protected":false},"excerpt":{"rendered":"<div class=\"mh-excerpt\"><p>Tras el&nbsp;dato de inflaci\u00f3n r\u00e9cord de septiembre, que alcanz\u00f3&nbsp;12,7%&nbsp;y se convirti\u00f3 en el m\u00e1s alto desde febrero de 1991,&nbsp;el Banco Central (BCRA) decidi\u00f3 aumentar la tasa&nbsp;de inter\u00e9s 15 puntos porcentuales y&nbsp;llevar el retorno del&nbsp;plazo fijo&nbsp;a 133%. Esto representa un&nbsp;rendimiento mensual del 11%&nbsp;frente a una inflaci\u00f3n que lleva dos meses por arriba del 12%. \u201cIncluso luego de esta suba,\u00a0la tasa real sigue siendo negativa\u00a0y, sin perspectivas de que haya una desaceleraci\u00f3n fuerte de la inflaci\u00f3n para los pr\u00f3ximos meses, pierde a\u00fan m\u00e1s su atractivo. Por lo tanto, el efecto que puede llegar a tener como ancla ser\u00eda, en el mejor de <a class=\"mh-excerpt-more\" href=\"http:\/\/dsrmedios.com.ar\/diario\/archivos\/40459\" title=\"Pese a la suba de la tasa de inter\u00e9s que aplic\u00f3 el BCRA, los plazos fijos no logran ganarle a la inflaci\u00f3n\">[Leer m\u00e1s]<\/a><\/p>\n<\/div>","protected":false},"author":8,"featured_media":35036,"comment_status":"open","ping_status":"closed","sticky":false,"template":"","format":"standard","meta":{"_jetpack_newsletter_access":""},"categories":[6],"tags":[],"jetpack_featured_media_url":"http:\/\/dsrmedios.com.ar\/diario\/wp-content\/uploads\/2023\/06\/banco-central-a-1024x585-1.jpg","jetpack_sharing_enabled":true,"jetpack_shortlink":"https:\/\/wp.me\/p9fihK-awz","_links":{"self":[{"href":"http:\/\/dsrmedios.com.ar\/diario\/wp-json\/wp\/v2\/posts\/40459"}],"collection":[{"href":"http:\/\/dsrmedios.com.ar\/diario\/wp-json\/wp\/v2\/posts"}],"about":[{"href":"http:\/\/dsrmedios.com.ar\/diario\/wp-json\/wp\/v2\/types\/post"}],"author":[{"embeddable":true,"href":"http:\/\/dsrmedios.com.ar\/diario\/wp-json\/wp\/v2\/users\/8"}],"replies":[{"embeddable":true,"href":"http:\/\/dsrmedios.com.ar\/diario\/wp-json\/wp\/v2\/comments?post=40459"}],"version-history":[{"count":1,"href":"http:\/\/dsrmedios.com.ar\/diario\/wp-json\/wp\/v2\/posts\/40459\/revisions"}],"predecessor-version":[{"id":40460,"href":"http:\/\/dsrmedios.com.ar\/diario\/wp-json\/wp\/v2\/posts\/40459\/revisions\/40460"}],"wp:featuredmedia":[{"embeddable":true,"href":"http:\/\/dsrmedios.com.ar\/diario\/wp-json\/wp\/v2\/media\/35036"}],"wp:attachment":[{"href":"http:\/\/dsrmedios.com.ar\/diario\/wp-json\/wp\/v2\/media?parent=40459"}],"wp:term":[{"taxonomy":"category","embeddable":true,"href":"http:\/\/dsrmedios.com.ar\/diario\/wp-json\/wp\/v2\/categories?post=40459"},{"taxonomy":"post_tag","embeddable":true,"href":"http:\/\/dsrmedios.com.ar\/diario\/wp-json\/wp\/v2\/tags?post=40459"}],"curies":[{"name":"wp","href":"https:\/\/api.w.org\/{rel}","templated":true}]}}