{"id":40458,"date":"2023-10-13T13:42:56","date_gmt":"2023-10-13T16:42:56","guid":{"rendered":"http:\/\/dsrmedios.com.ar\/diario\/?p=40458"},"modified":"2023-10-13T13:42:57","modified_gmt":"2023-10-13T16:42:57","slug":"reabrieron-la-causa-chocolate-podrian-peritar-su-celular-y-se-complica-el-futuro-del-puntero-del-pj","status":"publish","type":"post","link":"http:\/\/dsrmedios.com.ar\/diario\/archivos\/40458","title":{"rendered":"Reabrieron la causa \u201cChocolate\u201d: podr\u00edan peritar su celular y se complica el futuro del puntero del PJ"},"content":{"rendered":"\n<p>Las causa contra el puntero del PJ<a href=\"https:\/\/tn.com.ar\/politica\/2023\/10\/11\/chats-y-una-agenda-de-contactos-ligados-a-la-politica-que-busca-la-justicia-en-el-celular-de-chocolate-rigau\/\" target=\"_blank\" rel=\"noreferrer noopener\"><strong>Julio \u201cChocolate\u201d Rigau<\/strong><\/a>&nbsp;volvi\u00f3 a foja cero gracias a un fallo del&nbsp;<a href=\"https:\/\/tn.com.ar\/policiales\/2023\/10\/12\/casacion-revoco-el-fallo-que-anulo-la-causa-chocolate-y-se-reabre-la-investigacion\/\" target=\"_blank\" rel=\"noreferrer noopener\">Tribunal de Casaci\u00f3n<\/a>&nbsp;que decidi\u00f3 que la investigaci\u00f3n siga adelante. A pesar de que<strong>&nbsp;la defensa tiene la posibilidad de recurrir a la Suprema Corte<\/strong>, la fiscal\u00eda podr\u00e1 avanzar con las medidas de prueba. La m\u00e1s importante es la&nbsp;<strong>apertura del celular de \u201cChocolate\u201d<\/strong>, donde se espera encontrar material clave para la acusaci\u00f3n.<\/p>\n\n\n\n<p>El m\u00e1ximo tribunal se expres\u00f3 este jueves y fue contundente. Para los jueces Mar\u00eda Florencia Budi\u00f1o y Fernando Luis Mancini,\u00a0<strong>la C\u00e1mara de Apelaciones no ten\u00eda el poder ni las facultades para expedirse\u00a0<\/strong>cuando estaba en tr\u00e1mite el tratamiento de la excarcelaci\u00f3n extraordinaria de \u201cChocolate\u201d, y adem\u00e1s hicieron lugar a un habeas corpus que no era de su competencia.<\/p>\n\n\n\n<p>\u201cLa resoluci\u00f3n fue dictada por fuera de los l\u00edmites legales de su competencia y, consecuentemente, sin jurisdicci\u00f3n\u201d, expresaron en el documento al que accedi\u00f3&nbsp;<strong>TN<\/strong>. Ambos resolvieron casar la resoluci\u00f3n y enviaron el caso nuevamente al Juzgado de Garant\u00edas N\u00b01, de&nbsp;<strong>Guillermo Atencio<\/strong>.<\/p>\n\n\n\n<figure class=\"wp-block-image\"><img decoding=\"async\" src=\"https:\/\/tn.com.ar\/resizer\/jsich_V7wv7dZ1kZFMe00Xi9AkU=\/767x0\/smart\/filters:format(webp)\/cloudfront-us-east-1.images.arcpublishing.com\/artear\/VVCUONHUDNEOXHYZXQCEGM5N5Y.jpg\" alt=\"El Tribunal de Casaci\u00f3n hizo lugar a la apelaci\u00f3n del fiscal general H\u00e9ctor Vogliolo y dej\u00f3 sin efecto la anulaci\u00f3n de la causa. (Foto: TN)\"\/><figcaption class=\"wp-element-caption\">El Tribunal de Casaci\u00f3n hizo lugar a la apelaci\u00f3n del fiscal general H\u00e9ctor Vogliolo y dej\u00f3 sin efecto la anulaci\u00f3n de la causa. (Foto: TN)<\/figcaption><\/figure>\n\n\n\n<p>Ese mismo magistrado de primera instancia es quien ahora tiene la potestad para&nbsp;<strong>ordenar la inmediata detenci\u00f3n de Rigau<\/strong>, a pedido de la fiscal Betina Lacki. Ya hab\u00eda denegado su excarcelaci\u00f3n y se espera que siga la misma l\u00ednea. Adem\u00e1s, fuentes judiciales aseguraron a&nbsp;<strong>TN<\/strong>&nbsp;que el juez est\u00e1 esperando la notificaci\u00f3n de fiscal\u00eda para actuar.<\/p>\n\n\n\n<p>En tanto, la funcionaria de la UFI N\u00b02 de La Plata podr\u00eda hacer uso de su autoridad en\u00a0<strong>d\u00edas y horas inh\u00e1biles<\/strong>, ya que este feriado y finde XXL estirar\u00eda a\u00fan m\u00e1s los tr\u00e1mites.<\/p>\n\n\n\n<p>Pero para la querella, integrada por la<strong>&nbsp;fundaci\u00f3n Poder Ciudadano<\/strong>, lo m\u00e1s urgente es la pericia al tel\u00e9fono de Rigau. \u201cEs importante que se abra el celular. Ah\u00ed van a encontrar muchos mensajes que van a desatar un verdadero esc\u00e1ndalo\u201d, asegur\u00f3 el abogado Hugo Wortman Jofre en di\u00e1logo con&nbsp;<strong>TN<\/strong>.<\/p>\n\n\n\n<p>Seg\u00fan explic\u00f3, con la decisi\u00f3n de parte de Casaci\u00f3n, Lacki puede seguir adelante con las medidas que dispuso la semana pasada, como escuchar a los testigos que cit\u00f3 a declarar, a los due\u00f1os de las 48 tarjetas de d\u00e9bito que ser\u00edan de empleados \u201cfantasma\u201d, obtener las im\u00e1genes de las c\u00e1maras de seguridad del Banco Provincia y tambi\u00e9n las del municipio, entre otras.<\/p>\n\n\n\n<p>\u201cLa causa estaba muerta y ahora vuelve a tener vida\u201d, celebr\u00f3 Wortman Jofre. El abogado de la ONG que lucha contra la corrupci\u00f3n sabe que los d\u00edas que vienen van a ser clave, tanto por las pericias, como con la posibilidad de detenci\u00f3n de Rigau, pero en el fondo tiene en cuenta que -si la defensa apela la excarcelaci\u00f3n- la causa volver\u00e1 a pasar por las mismas manos que la cerraron: los camaristas de la Sala III,&nbsp;<strong>Juan Benavides y Alejandro Villordo.<\/strong><\/p>\n\n\n\n<figure class=\"wp-block-image\"><img decoding=\"async\" src=\"https:\/\/tn.com.ar\/resizer\/KICYwBKUJ3a1yZvbMtl0R6ya4EM=\/767x0\/smart\/filters:format(webp)\/cloudfront-us-east-1.images.arcpublishing.com\/artear\/ASREULNR7VFMBH7QZCF3CNLRV4.jpg\" alt=\"Benavides y Villordo, los jueces que liberaron a Rigau. (Foto: TN)\"\/><figcaption class=\"wp-element-caption\">Benavides y Villordo, los jueces que liberaron a Rigau. (Foto: TN)<\/figcaption><\/figure>\n\n\n\n<p>\u201cMejor malo conocido que bueno por conocer, dice el dicho\u201d, expres\u00f3 el letrado, y dej\u00f3 entrever que los ojos de todos los argentinos est\u00e1n puestos en este caso. Tambi\u00e9n los de los pol\u00edticos, ya que el puntero del PJ tiene&nbsp;<a href=\"https:\/\/tn.com.ar\/politica\/2023\/10\/11\/chats-y-una-agenda-de-contactos-ligados-a-la-politica-que-busca-la-justicia-en-el-celular-de-chocolate-rigau\/\" target=\"_blank\" rel=\"noreferrer noopener\">estrechos v\u00ednculos con personas de los poderes Legislativo y Ejecutivo<\/a>.<\/p>\n\n\n\n<p>Lo cierto es que ahora la costosa defensa de \u201cChocolate\u201d, integrada por&nbsp;<strong>Alfredo Gasc\u00f3n y Miguel \u00c1ngel Molina<\/strong>, podr\u00eda recurrir a la Suprema Corte de Justicia para solicitar nuevamente la nulidad de la causa.<\/p>\n\n\n\n<p>En paralelo, Wortman record\u00f3 que<strong>\u00a0existe una denuncia contra Benavides y Villordo para iniciarle un juicio pol\u00edtico<\/strong>\u00a0<strong>por mal desempe\u00f1o en sus funciones<\/strong>. La misma fue radicada por Ricardo L\u00f3pez Murphy y otros referentes de Juntos por el Cambio a nivel nacional, como el intendente de Capit\u00e1n Sarmiento,\u00a0<strong>Javier Iguacel<\/strong>, y la abogada\u00a0<strong>Mar\u00eda Eugenia Talerico.<\/strong><\/p>\n\n\n\n<p>La denuncia est\u00e1 en pleno tr\u00e1mite y a fines de septiembre la&nbsp;<strong>Secretar\u00eda Permanente del Jurado de Enjuiciamiento de Magistrados y Funcionarios<\/strong>&nbsp;llam\u00f3 al legislador a ratificar la presentaci\u00f3n que hizo en La Plata tras la liberaci\u00f3n de Rigau.<\/p>\n\n\n\n<p>En el documento se\u00f1alaron que los jueces \u201cactuaron contrariamente a lo sostenido por la jurisprudencia del fuero, a los criterios con los que deben resolverse las nulidades en los asuntos penales, por alejarse de las circunstancias de la causa y de los procedimientos legales ordinarios\u201d.<\/p>\n\n\n\n<p>Despu\u00e9s de la ratificaci\u00f3n, la Secretar\u00eda, encargada de la admisibilidad de las presentaciones, correr\u00e1 traslado a la Procuraci\u00f3n bonaerense y a una comisi\u00f3n bicameral de 12 integrantes. Esto se deber\u00e1 resolver en 10 d\u00edas h\u00e1biles, es decir, que tendr\u00eda que salir a fines de octubre.<\/p>\n\n\n\n<p>fuente: tn<\/p>\n","protected":false},"excerpt":{"rendered":"<div class=\"mh-excerpt\"><p>Las causa contra el puntero del PJJulio \u201cChocolate\u201d Rigau&nbsp;volvi\u00f3 a foja cero gracias a un fallo del&nbsp;Tribunal de Casaci\u00f3n&nbsp;que decidi\u00f3 que la investigaci\u00f3n siga adelante. A pesar de que&nbsp;la defensa tiene la posibilidad de recurrir a la Suprema Corte, la fiscal\u00eda podr\u00e1 avanzar con las medidas de prueba. La m\u00e1s importante es la&nbsp;apertura del celular de \u201cChocolate\u201d, donde se espera encontrar material clave para la acusaci\u00f3n. El m\u00e1ximo tribunal se expres\u00f3 este jueves y fue contundente. Para los jueces Mar\u00eda Florencia Budi\u00f1o y Fernando Luis Mancini,\u00a0la C\u00e1mara de Apelaciones no ten\u00eda el poder ni las facultades para expedirse\u00a0cuando estaba en <a class=\"mh-excerpt-more\" href=\"http:\/\/dsrmedios.com.ar\/diario\/archivos\/40458\" title=\"Reabrieron la causa \u201cChocolate\u201d: podr\u00edan peritar su celular y se complica el futuro del puntero del PJ\">[Leer m\u00e1s]<\/a><\/p>\n<\/div>","protected":false},"author":8,"featured_media":40462,"comment_status":"open","ping_status":"closed","sticky":false,"template":"","format":"standard","meta":{"_jetpack_newsletter_access":""},"categories":[6],"tags":[],"jetpack_featured_media_url":"http:\/\/dsrmedios.com.ar\/diario\/wp-content\/uploads\/2023\/10\/images-95.jpg","jetpack_sharing_enabled":true,"jetpack_shortlink":"https:\/\/wp.me\/p9fihK-awy","_links":{"self":[{"href":"http:\/\/dsrmedios.com.ar\/diario\/wp-json\/wp\/v2\/posts\/40458"}],"collection":[{"href":"http:\/\/dsrmedios.com.ar\/diario\/wp-json\/wp\/v2\/posts"}],"about":[{"href":"http:\/\/dsrmedios.com.ar\/diario\/wp-json\/wp\/v2\/types\/post"}],"author":[{"embeddable":true,"href":"http:\/\/dsrmedios.com.ar\/diario\/wp-json\/wp\/v2\/users\/8"}],"replies":[{"embeddable":true,"href":"http:\/\/dsrmedios.com.ar\/diario\/wp-json\/wp\/v2\/comments?post=40458"}],"version-history":[{"count":1,"href":"http:\/\/dsrmedios.com.ar\/diario\/wp-json\/wp\/v2\/posts\/40458\/revisions"}],"predecessor-version":[{"id":40463,"href":"http:\/\/dsrmedios.com.ar\/diario\/wp-json\/wp\/v2\/posts\/40458\/revisions\/40463"}],"wp:featuredmedia":[{"embeddable":true,"href":"http:\/\/dsrmedios.com.ar\/diario\/wp-json\/wp\/v2\/media\/40462"}],"wp:attachment":[{"href":"http:\/\/dsrmedios.com.ar\/diario\/wp-json\/wp\/v2\/media?parent=40458"}],"wp:term":[{"taxonomy":"category","embeddable":true,"href":"http:\/\/dsrmedios.com.ar\/diario\/wp-json\/wp\/v2\/categories?post=40458"},{"taxonomy":"post_tag","embeddable":true,"href":"http:\/\/dsrmedios.com.ar\/diario\/wp-json\/wp\/v2\/tags?post=40458"}],"curies":[{"name":"wp","href":"https:\/\/api.w.org\/{rel}","templated":true}]}}