{"id":40453,"date":"2023-10-13T13:39:51","date_gmt":"2023-10-13T16:39:51","guid":{"rendered":"http:\/\/dsrmedios.com.ar\/diario\/?p=40453"},"modified":"2023-10-13T13:39:53","modified_gmt":"2023-10-13T16:39:53","slug":"la-inflacion-de-septiembre-en-la-argentina-fue-la-mas-alta-de-america-del-sur","status":"publish","type":"post","link":"http:\/\/dsrmedios.com.ar\/diario\/archivos\/40453","title":{"rendered":"La inflaci\u00f3n de septiembre en la Argentina fue la m\u00e1s alta de Am\u00e9rica del Sur"},"content":{"rendered":"\n<p>El dato de<a href=\"https:\/\/tn.com.ar\/economia\/2023\/10\/10\/una-familia-de-cuatro-personas-necesito-mas-de-322200-en-septiembre-para-no-ser-considerada-pobre-en-caba\/\" target=\"_blank\" rel=\"noreferrer noopener\"><strong>inflaci\u00f3n&nbsp;<\/strong>de&nbsp;<strong>septiembre<\/strong><\/a>en la Argentina se ubic\u00f3 otra vez por<strong>&nbsp;encima de los dos d\u00edgitos<\/strong>,&nbsp;<strong>pasando del 12,4% al 12,7%<\/strong>&nbsp;y qued\u00f3 en&nbsp;<strong>primer lugar<\/strong>&nbsp;entre los pa\u00edses de Am\u00e9rica del Sur con mayores alzas en sus precios medidos de forma mensual. Desde abril pasado que el IPC no superaba la cifra de Venezuela.<\/p>\n\n\n\n<p>El alza en el IPC de septiembre fue impulsada por la escalda en los alimentos. Y reflej\u00f3 el impacto del arrastre de la devaluaci\u00f3n de mediados de agosto. As\u00ed, en los primeros nueve meses de 2023, la Argentina registra una<strong>&nbsp;variaci\u00f3n&nbsp;<\/strong>del<strong>&nbsp;103,2%<\/strong>&nbsp;y una<strong>&nbsp;interanual<\/strong>&nbsp;del&nbsp;<strong>138,3%<\/strong>.<\/p>\n\n\n\n<p><\/p>\n\n\n\n<p>El \u00edndice de precios local del noveno mes qued\u00f3 esta vez por encima de&nbsp;<strong>Venezuela<\/strong>, que alcanz\u00f3&nbsp;<strong>8,7%<\/strong>&nbsp;en septiembre. La inflaci\u00f3n acumulada del pa\u00eds gobernado por&nbsp;<strong>Nicol\u00e1s Maduro es de 158,3% y la interanual alcanz\u00f3 el 317,60%,&nbsp;<\/strong>seg\u00fan datos del Observatorio Venezolano de Finanzas (OVF).<\/p>\n\n\n\n<h2>Argentina lidera el ranking de inflaci\u00f3n de Am\u00e9rica Latina: c\u00f3mo qued\u00f3 el resto de la regi\u00f3n<\/h2>\n\n\n\n<p>A diferencia del resto de los pa\u00edses de la regi\u00f3n,<strong>&nbsp;Argentina y Venezuela<\/strong>&nbsp;son los \u00fanicos pa\u00edses de Am\u00e9rica Latina que a\u00fan registran<strong>&nbsp;cifras de inflaci\u00f3n anualizada<\/strong>s superiores a los<strong>&nbsp;tres d\u00edgitos<\/strong>.<\/p>\n\n\n\n<ul>\n<li><strong>Uruguay<\/strong>&nbsp;registr\u00f3 una leve baja de precios en septiembre. La inflaci\u00f3n mensual fue del<strong>&nbsp;0,61%,&nbsp;<\/strong>frente a 0,71% del \u00cdndice de Precios del Consumidor (IPC) de agosto. De esta manera, en 2023 registra un acumulado de&nbsp;<strong>4,21%<\/strong>&nbsp;y del&nbsp;<strong>3,87% en la variaci\u00f3n interanual<\/strong>.<\/li>\n\n\n\n<li><strong>Chile<\/strong>&nbsp;arroj\u00f3 una variaci\u00f3n mensual del&nbsp;<strong>0,7%<\/strong>&nbsp;en septiembre. El<strong>&nbsp;acumulado&nbsp;<\/strong>en 2023, seg\u00fan el Instituto Nacional de Estad\u00edsticas (INE), alcanz\u00f3 el&nbsp;<strong>3,3%<\/strong>y la&nbsp;<strong>cifra interanual se ubic\u00f3 en 5,1%.<\/strong><\/li>\n\n\n\n<li>En&nbsp;<strong>Brasil<\/strong>,mostr\u00f3 una inflaci\u00f3n mensual de&nbsp;<strong>0,26%&nbsp;<\/strong>en septiembre, seg\u00fan los datos oficiales del \u00cdndice de Precios al Consumidor Amplio (IPCA) del IBGE. En los \u00faltimos 12 meses, el indicador sum\u00f3&nbsp;<strong>5,19%<\/strong>.<\/li>\n\n\n\n<li><strong>Paraguay<\/strong>&nbsp;registr\u00f3 una inflaci\u00f3n del&nbsp;<strong>0,5%&nbsp;<\/strong>en septiembre. En tanto, los precios&nbsp;<strong>acumularon el 2,5% en lo que va de 2023&nbsp;<\/strong>y aumentaron el&nbsp;<strong>3,5% en los \u00faltimos 12 meses<\/strong>, por encima del 2,9% registrado en agosto de 2023.<\/li>\n<\/ul>\n\n\n\n<figure class=\"wp-block-image\"><img decoding=\"async\" src=\"https:\/\/tn.com.ar\/resizer\/Fm_8QF__DkMsQIWJk0m07S7fgp8=\/767x0\/smart\/filters:format(webp)\/cloudfront-us-east-1.images.arcpublishing.com\/artear\/MCXMWAW23ZBIPB53JCX47NKHXA.jpg\" alt=\" La mitad de las naciones sudamericanas registraron una variaci\u00f3n mensual por debajo del 0,7%. (Foto: EFE\/ Juan Ignacio Roncoroni)\n\"\/><figcaption class=\"wp-element-caption\">La mitad de las naciones sudamericanas registraron una variaci\u00f3n mensual por debajo del 0,7%. (Foto: EFE\/ Juan Ignacio Roncoroni)<\/figcaption><\/figure>\n\n\n\n<ul>\n<li><strong>Per\u00fa&nbsp;<\/strong>tuvo un nivel de aumento de precios del<strong>&nbsp;0,02%&nbsp;<\/strong>en agosto. De esta manera, en los primeros nueve meses de<strong>&nbsp;2023, acumul\u00f3 3,32%<\/strong>. Por su parte, la&nbsp;<strong>variaci\u00f3n interanual es de<\/strong>&nbsp;<strong>5,04%<\/strong>,el valor m\u00e1s bajo desde agosto de 2021.<\/li>\n\n\n\n<li>En&nbsp;<strong>Ecuador<\/strong>, la&nbsp;<strong>inflaci\u00f3n<\/strong>&nbsp;registrada&nbsp;<strong>en septiembre&nbsp;<\/strong>fue de&nbsp;<strong>0,4%<\/strong>. En los&nbsp;<strong>primeros ocho meses&nbsp;<\/strong>de 2023 alcanz\u00f3 el&nbsp;<strong>2,23%.&nbsp;<\/strong>En tanto,<strong>&nbsp;la inflaci\u00f3n interanual&nbsp;<\/strong>fue del<strong>&nbsp;1,96%<\/strong>.<\/li>\n\n\n\n<li>En<strong>\u00a0Colombia<\/strong>,el Departamento Administrativo Nacional de Estad\u00edstica (Dane) difundi\u00f3 un aumento del\u00a0<strong>0,54% para los precios en septiembre.<\/strong>\u00a0Medida de forma<strong>\u00a0interanual<\/strong>, la cifra lleg\u00f3 al\u00a0<strong>10,99%\u00a0<\/strong>y\u00a0<strong>acumula 8,01%<\/strong>\u00a0desde enero.<\/li>\n<\/ul>\n\n\n\n<p>Fuente: TN<\/p>\n","protected":false},"excerpt":{"rendered":"<div class=\"mh-excerpt\"><p>El dato deinflaci\u00f3n&nbsp;de&nbsp;septiembreen la Argentina se ubic\u00f3 otra vez por&nbsp;encima de los dos d\u00edgitos,&nbsp;pasando del 12,4% al 12,7%&nbsp;y qued\u00f3 en&nbsp;primer lugar&nbsp;entre los pa\u00edses de Am\u00e9rica del Sur con mayores alzas en sus precios medidos de forma mensual. Desde abril pasado que el IPC no superaba la cifra de Venezuela. El alza en el IPC de septiembre fue impulsada por la escalda en los alimentos. Y reflej\u00f3 el impacto del arrastre de la devaluaci\u00f3n de mediados de agosto. As\u00ed, en los primeros nueve meses de 2023, la Argentina registra una&nbsp;variaci\u00f3n&nbsp;del&nbsp;103,2%&nbsp;y una&nbsp;interanual&nbsp;del&nbsp;138,3%. El \u00edndice de precios local del noveno mes qued\u00f3 esta <a class=\"mh-excerpt-more\" href=\"http:\/\/dsrmedios.com.ar\/diario\/archivos\/40453\" title=\"La inflaci\u00f3n de septiembre en la Argentina fue la m\u00e1s alta de Am\u00e9rica del Sur\">[Leer m\u00e1s]<\/a><\/p>\n<\/div>","protected":false},"author":8,"featured_media":33099,"comment_status":"open","ping_status":"closed","sticky":false,"template":"","format":"standard","meta":{"_jetpack_newsletter_access":""},"categories":[6],"tags":[],"jetpack_featured_media_url":"http:\/\/dsrmedios.com.ar\/diario\/wp-content\/uploads\/2023\/05\/1010x567_supermercado-442769-181904.jpg","jetpack_sharing_enabled":true,"jetpack_shortlink":"https:\/\/wp.me\/p9fihK-awt","_links":{"self":[{"href":"http:\/\/dsrmedios.com.ar\/diario\/wp-json\/wp\/v2\/posts\/40453"}],"collection":[{"href":"http:\/\/dsrmedios.com.ar\/diario\/wp-json\/wp\/v2\/posts"}],"about":[{"href":"http:\/\/dsrmedios.com.ar\/diario\/wp-json\/wp\/v2\/types\/post"}],"author":[{"embeddable":true,"href":"http:\/\/dsrmedios.com.ar\/diario\/wp-json\/wp\/v2\/users\/8"}],"replies":[{"embeddable":true,"href":"http:\/\/dsrmedios.com.ar\/diario\/wp-json\/wp\/v2\/comments?post=40453"}],"version-history":[{"count":1,"href":"http:\/\/dsrmedios.com.ar\/diario\/wp-json\/wp\/v2\/posts\/40453\/revisions"}],"predecessor-version":[{"id":40457,"href":"http:\/\/dsrmedios.com.ar\/diario\/wp-json\/wp\/v2\/posts\/40453\/revisions\/40457"}],"wp:featuredmedia":[{"embeddable":true,"href":"http:\/\/dsrmedios.com.ar\/diario\/wp-json\/wp\/v2\/media\/33099"}],"wp:attachment":[{"href":"http:\/\/dsrmedios.com.ar\/diario\/wp-json\/wp\/v2\/media?parent=40453"}],"wp:term":[{"taxonomy":"category","embeddable":true,"href":"http:\/\/dsrmedios.com.ar\/diario\/wp-json\/wp\/v2\/categories?post=40453"},{"taxonomy":"post_tag","embeddable":true,"href":"http:\/\/dsrmedios.com.ar\/diario\/wp-json\/wp\/v2\/tags?post=40453"}],"curies":[{"name":"wp","href":"https:\/\/api.w.org\/{rel}","templated":true}]}}