{"id":40446,"date":"2023-10-13T13:31:07","date_gmt":"2023-10-13T16:31:07","guid":{"rendered":"http:\/\/dsrmedios.com.ar\/diario\/?p=40446"},"modified":"2023-10-13T13:31:09","modified_gmt":"2023-10-13T16:31:09","slug":"por-la-escalada-del-dolar-blue-se-paralizo-la-actividad-pyme-y-no-hay-precios-de-referencia","status":"publish","type":"post","link":"http:\/\/dsrmedios.com.ar\/diario\/archivos\/40446","title":{"rendered":"Por la escalada del d\u00f3lar blue, se paraliz\u00f3 la actividad pyme y no hay precios de referencia"},"content":{"rendered":"\n<p>La<strong>&nbsp;estampida del&nbsp;<\/strong><a href=\"https:\/\/tn.com.ar\/economia\/2023\/10\/12\/dolar-blue-hoy-a-cuanto-cotiza-este-jueves-12-de-octubre\/\"><strong>d\u00f3lar blue<\/strong><\/a>, que sumi\u00f3 a la Argentina en una nueva&nbsp;<strong>crisis cambiaria,<\/strong>&nbsp;dej\u00f3 al<strong>&nbsp;sector pyme sin precios de referencia y con su actividad pr\u00e1cticamente paralizada<\/strong>. Algunas empresas&nbsp;<strong>adelantaron vacaciones o cerraron la comercializaci\u00f3n<\/strong>&nbsp;y crece la preocupaci\u00f3n ante la posibilidad de que esta situaci\u00f3n se extienda hasta fines de noviembre, despu\u00e9s de un eventual balotaje. \u201c<strong>Ya no se conoce el valor de los materiales<\/strong>\u201d, advirtieron.<\/p>\n\n\n\n<p>\u201cEsta corrida cambiaria nos est\u00e1 afectando a tal punto que la cadena de comercializaci\u00f3n ya se ha paralizado;\u00a0<strong>no hay transacciones o son muy pocas las que se realizaron<\/strong>\u00a0en estos d\u00edas y se espera que<strong>\u00a0la semana pr\u00f3xima est\u00e9 totalmente frenado<\/strong>, ya que no se sabe a qu\u00e9 valor se va a vender\u201d, dijo\u00a0<strong>Jos\u00e9 Luis Ammaturo<\/strong>, presidente de la\u00a0<em>C\u00e1mara de la Peque\u00f1a y Mediana Industria Metal\u00fargica\u00a0<\/em>(CAMIMA). \u201c<strong>Tratamos de sobrevivir como se puede<\/strong>\u201d, resumi\u00f3.<\/p>\n\n\n\n<p>Tambi\u00e9n dentro del sector industrial,&nbsp;<strong>Paula Jankowicz<\/strong>, gerenta de Administraci\u00f3n y Finanzas de&nbsp;<em>Mehcco<\/em>, plante\u00f3 preocupaci\u00f3n frente a \u201cla&nbsp;<strong>inestabilidad&nbsp;<\/strong>del panorama referente a la importaci\u00f3n de materiales o maquinarias que no est\u00e1n disponibles en el mercado local\u201d.<\/p>\n\n\n\n<figure class=\"wp-block-image\"><img decoding=\"async\" src=\"https:\/\/tn.com.ar\/resizer\/bJ9FzvUXUZEX15lOhALgdecUOnU=\/767x0\/smart\/filters:format(webp)\/cloudfront-us-east-1.images.arcpublishing.com\/artear\/WTJOCE4HZZG73FAQLVUPIBXCPQ.jfif\" alt=\"La estampida del d\u00f3lar blue puso en crisis al sector pyme (Foto: Pixaby).\"\/><figcaption class=\"wp-element-caption\">La estampida del d\u00f3lar blue puso en crisis al sector pyme (Foto: Pixaby).<\/figcaption><\/figure>\n\n\n\n<p>\u201cEntendemos que es importante mantener un equilibrio con la producci\u00f3n nacional, pero existen diversos componentes de la cadena de suministro que son importados y, de adquirirlos, afrontamos la&nbsp;<strong>incertidumbre&nbsp;<\/strong>de desconocer en qu\u00e9 momento llegar\u00e1n y&nbsp;<strong>a qu\u00e9 valor deberemos abonarlos<\/strong>\u201d, indic\u00f3.<\/p>\n\n\n\n<p><strong>Carlos Gervino<\/strong>, vicepresidente de la&nbsp;<em>C\u00e1mara Argentina de la Industria Ferial&nbsp;<\/em>(CAIFE), -que nuclea constructores de stands, estudios de arquitectura y dise\u00f1o y proveedores- se\u00f1al\u00f3 que como el sector vende a mediano y largo plazo (3\/6 meses) \u201c<strong>se dificulta la proyecci\u00f3n en relaci\u00f3n con los precios<\/strong>\u201d.<\/p>\n\n\n\n<p>\u201cLos presupuestos de proveedores ten\u00edan una vigencia 48\/72 horas, pero ahora\u00a0<strong>nadie vende ni da precios,\u00a0<\/strong>ya que no se conoce el valor de los materiales necesarios para la realizaci\u00f3n de este tipo de eventos\u201d, explic\u00f3.<\/p>\n\n\n\n<p>Para&nbsp;<strong>Mario Galizzi<\/strong>, de&nbsp;<em>APYME Santa Fe<\/em>, \u201cel<strong>&nbsp;golpe cambiario<\/strong>&nbsp;de los \u00faltimos d\u00edas beneficia a unos pocos y afecta a miles de argentinos, especialmente al sector pyme, que ve&nbsp;<strong>cortada su cadena de producci\u00f3n<\/strong>&nbsp;porque quienes especulan con la corrida dejaron al mercado sin precios de referencia\u201d.<\/p>\n\n\n\n<h2>El sector pyme teme una profundizaci\u00f3n de la crisis<\/h2>\n\n\n\n<p>\u201cLa situaci\u00f3n es complicada, estamos pr\u00e1cticamente en una hiperinflaci\u00f3n y<strong>&nbsp;la industria se empieza a paralizar<\/strong>. Arrastramos problemas, porque no podemos hacernos de componentes importados; no nos dejan pagar a proveedores en d\u00f3lares y la industria est\u00e1 endeudada, y ahora empezamos a tener problemas en la comercializaci\u00f3n, al&nbsp;<strong>desconocer el valor de la materia prima<\/strong>. Hay algunas empresas que han dado vacaciones y otras directamente han cerrado las ventas\u201d, dijo Ammaturo.<\/p>\n\n\n\n<p>El temor del presidente de CAMIMA es que \u201c<strong>se siga perdiendo tiempo valioso,<\/strong>&nbsp;porque la industria tiene que seguir y esto puede tener consecuencias en todo sentido\u201d.<\/p>\n\n\n\n<p>\u201cMe preocupa, porque las primeras en verse afectadas, dada su fragilidad econ\u00f3mica y financiera, son las pymes, que tratan de sobrevivir como pueden, buscando\u00a0<strong>pasar esta crisis econ\u00f3mica\u00a0<\/strong>sin reducir personal, sin achicarse y sin endeudarse, pero ya muchas est\u00e1n endeudadas en d\u00f3lares y el futuro sigue siendo incierto, no para la semana que viene, no para el 22 de octubre, sino hasta el\u00a0<strong>10 de diciembre<\/strong>\u00a0que asuma el nuevo presidente, los nuevos ministros y que se estipulen nuevas reglas econ\u00f3micas, pero\u00a0<strong>la industria no puede estar parada durante tanto tiempo<\/strong>\u201d.<\/p>\n\n\n\n<p>Gervino dijo que \u201cotra dificultad que afronta la industria es tener&nbsp;<strong>art\u00edculos varados en Aduana&nbsp;<\/strong>y no saber el valor que van a tener que pagarlos al momento de la descarga, as\u00ed como problemas vinculados con las ejecuciones de pagos en d\u00f3lares\u201d.<\/p>\n\n\n\n<p>Al igual que el resto de los industriales, Ammaturo reclam\u00f3 \u201c<strong>certidumbre para trabajar<\/strong>\u201d. Jankowicz agreg\u00f3 que \u201cpara las pymes es fundamental\u00a0<strong>cuidar el capital\u00a0<\/strong>y poder\u00a0<strong>proyectar a mediano y largo plazo<\/strong>\u00a0para promover el crecimiento de la econom\u00eda nacional y la estabilidad del mercado\u201d.<\/p>\n\n\n\n<p>Fuente: TN<\/p>\n","protected":false},"excerpt":{"rendered":"<div class=\"mh-excerpt\"><p>La&nbsp;estampida del&nbsp;d\u00f3lar blue, que sumi\u00f3 a la Argentina en una nueva&nbsp;crisis cambiaria,&nbsp;dej\u00f3 al&nbsp;sector pyme sin precios de referencia y con su actividad pr\u00e1cticamente paralizada. Algunas empresas&nbsp;adelantaron vacaciones o cerraron la comercializaci\u00f3n&nbsp;y crece la preocupaci\u00f3n ante la posibilidad de que esta situaci\u00f3n se extienda hasta fines de noviembre, despu\u00e9s de un eventual balotaje. \u201cYa no se conoce el valor de los materiales\u201d, advirtieron. \u201cEsta corrida cambiaria nos est\u00e1 afectando a tal punto que la cadena de comercializaci\u00f3n ya se ha paralizado;\u00a0no hay transacciones o son muy pocas las que se realizaron\u00a0en estos d\u00edas y se espera que\u00a0la semana pr\u00f3xima est\u00e9 totalmente <a class=\"mh-excerpt-more\" href=\"http:\/\/dsrmedios.com.ar\/diario\/archivos\/40446\" title=\"Por la escalada del d\u00f3lar blue, se paraliz\u00f3 la actividad pyme y no hay precios de referencia\">[Leer m\u00e1s]<\/a><\/p>\n<\/div>","protected":false},"author":8,"featured_media":40448,"comment_status":"open","ping_status":"closed","sticky":false,"template":"","format":"standard","meta":{"_jetpack_newsletter_access":""},"categories":[6],"tags":[],"jetpack_featured_media_url":"http:\/\/dsrmedios.com.ar\/diario\/wp-content\/uploads\/2023\/10\/IFHKIQQWI44SFE7VHV6RYO3CBE.webp","jetpack_sharing_enabled":true,"jetpack_shortlink":"https:\/\/wp.me\/p9fihK-awm","_links":{"self":[{"href":"http:\/\/dsrmedios.com.ar\/diario\/wp-json\/wp\/v2\/posts\/40446"}],"collection":[{"href":"http:\/\/dsrmedios.com.ar\/diario\/wp-json\/wp\/v2\/posts"}],"about":[{"href":"http:\/\/dsrmedios.com.ar\/diario\/wp-json\/wp\/v2\/types\/post"}],"author":[{"embeddable":true,"href":"http:\/\/dsrmedios.com.ar\/diario\/wp-json\/wp\/v2\/users\/8"}],"replies":[{"embeddable":true,"href":"http:\/\/dsrmedios.com.ar\/diario\/wp-json\/wp\/v2\/comments?post=40446"}],"version-history":[{"count":1,"href":"http:\/\/dsrmedios.com.ar\/diario\/wp-json\/wp\/v2\/posts\/40446\/revisions"}],"predecessor-version":[{"id":40449,"href":"http:\/\/dsrmedios.com.ar\/diario\/wp-json\/wp\/v2\/posts\/40446\/revisions\/40449"}],"wp:featuredmedia":[{"embeddable":true,"href":"http:\/\/dsrmedios.com.ar\/diario\/wp-json\/wp\/v2\/media\/40448"}],"wp:attachment":[{"href":"http:\/\/dsrmedios.com.ar\/diario\/wp-json\/wp\/v2\/media?parent=40446"}],"wp:term":[{"taxonomy":"category","embeddable":true,"href":"http:\/\/dsrmedios.com.ar\/diario\/wp-json\/wp\/v2\/categories?post=40446"},{"taxonomy":"post_tag","embeddable":true,"href":"http:\/\/dsrmedios.com.ar\/diario\/wp-json\/wp\/v2\/tags?post=40446"}],"curies":[{"name":"wp","href":"https:\/\/api.w.org\/{rel}","templated":true}]}}