{"id":40442,"date":"2023-10-13T13:22:31","date_gmt":"2023-10-13T16:22:31","guid":{"rendered":"http:\/\/dsrmedios.com.ar\/diario\/?p=40442"},"modified":"2023-10-13T13:22:33","modified_gmt":"2023-10-13T16:22:33","slug":"en-medio-de-la-crisis-massa-retoma-la-iniciativa-con-medidas-y-se-prepara-para-desembarcar-en-el-conurbano","status":"publish","type":"post","link":"http:\/\/dsrmedios.com.ar\/diario\/archivos\/40442","title":{"rendered":"En medio de la crisis, Massa retoma la iniciativa con medidas y se prepara para desembarcar en el conurbano"},"content":{"rendered":"\n<p>Las \u00faltimas semanas fueron duras para<a href=\"https:\/\/tn.com.ar\/politica\/2023\/10\/11\/interna-en-el-oficialismo-cruces-entre-alberto-fernandez-y-sergio-massa-por-la-denuncia-contra-javier-milei\/\" target=\"_blank\" rel=\"noreferrer noopener\"><strong>Sergio Massa<\/strong><\/a>. Primero el caso Chocolate Rigau, al que en tan solo d\u00edas se le sum\u00f3 el esc\u00e1ndalo de&nbsp;<strong>Mart\u00edn Insaurralde<\/strong>&nbsp;en el Mediterr\u00e1neo y ahora la fuerte suba del&nbsp;<strong>d\u00f3lar blue&nbsp;<\/strong>que lo oblig\u00f3 a abandonar su agenda de campa\u00f1a para ocuparse de -como \u00e9l dijo- meter preso a los \u201ccuatro o cinco vivos que est\u00e1n especulando con el ahorro de la gente\u201d.<\/p>\n\n\n\n<p>Massa ten\u00eda preparado para esta semana viajes por el interior que tuvo que reprogramar y una agenda de campa\u00f1a en la que iba a profundizar los ataques contras las propuestas de&nbsp;<strong>Javier Milei<\/strong>. Todo eso qued\u00f3 patas para arriba luego de que el propio l\u00edder libertario desaconsejara renovar los<strong>&nbsp;plazos fijos en pesos<\/strong>&nbsp;lo que para el oficialismo provoc\u00f3 una fuerte suba del blue que el jueves se vend\u00eda a $970.<\/p>\n\n\n\n<p>El jueves, el ministro de Econom\u00eda y candidato a presidente de Uni\u00f3n por la Patria busc\u00f3 retomar su agenda de campa\u00f1a. Lo hizo bajo dos ejes: anuncios econ\u00f3micos en su condici\u00f3n de titular de Hacienda y el inicio de los postergados viajes por el interior del pa\u00eds, con una visita a Concordia, Entre R\u00edos. Entre otras cuestiones, anunci\u00f3 un&nbsp;<a href=\"https:\/\/tn.com.ar\/economia\/2023\/10\/12\/moratoria-afip-suspenden-aumento-de-las-cuotas-hasta-abril-en-el-plan-de-pagos-de-las-pymes\/\" target=\"_blank\" rel=\"noreferrer noopener\"><strong>alivio para pymes<\/strong><\/a>al que rapidamente le sigui\u00f3 otro comunicado con detalles sobre la incorporaci\u00f3n de&nbsp;<strong>2 millones de trabajadores informales<\/strong>&nbsp;al r\u00e9gimen de reintegro del&nbsp;<strong>IVA<\/strong>.<\/p>\n\n\n\n<h2>En medio de la crisis, Massa retoma la iniciativa con medidas y se prepara para desembarcar en el conurbano<\/h2>\n\n\n\n<p>La primera de las medidas consiste en la&nbsp;<strong>suspensi\u00f3n de aumento de tasas de moratoria<\/strong>&nbsp;a unas 189.000 micro y peque\u00f1as empresas. Con la nueva resoluci\u00f3n, la actualizaci\u00f3n de la tasa pasar\u00e1 de ser semestral a anual y por consiguiente el pr\u00f3ximo aumento ser\u00e1 en abril de 2024. Volver a mostrar a Massa activo con medidas econ\u00f3micas refuerza la idea de que \u00e9l representa una candidatura presidencial con responsabilidad.<\/p>\n\n\n\n<p>\u201cHemos tomado la decisi\u00f3n de prorrogar por seis meses m\u00e1s el valor de la cuota de tu deuda con la AFIP\u201d, se\u00f1al\u00f3 Massa en un mensaje de 52 segundos, en el que expres\u00f3 entender \u201cel esfuerzo\u201d de los contribuyentes favorecidos con la medida \u201cen la&nbsp;<strong>lucha contra la inflaci\u00f3n<\/strong>&nbsp;y por&nbsp;<strong>mantener los puestos de trabajo<\/strong>\u201d.<\/p>\n\n\n\n<p>En paralelo, el Gobierno anunci\u00f3 que los dos millones de beneficiarios del programa de refuerzo para las personas que trabajan en la informalidad ser\u00e1n&nbsp;<a href=\"https:\/\/tn.com.ar\/economia\/2023\/10\/12\/devolucion-de-iva-el-gobierno-incluira-a-los-trabajadores-informales-que-cobren-el-bono-en-el-programa\/\" target=\"_blank\" rel=\"noreferrer noopener\"><strong>incorporados al r\u00e9gimen de reintegros Compre sin IVA<\/strong><\/a>. La medida regir\u00e1 hasta el 30 de diciembre, y de ser convertido en ley el programa de reintegro del IVA, se mantendr\u00e1 de manera definitiva.<\/p>\n\n\n\n<p>\u201cQueremos que el esfuerzo que est\u00e1s haciendo venga acompa\u00f1ado de un esfuerzo del Estado, para que entre todos superemos el golpe al bolsillo que representa la inflaci\u00f3n, producto de la&nbsp;<strong>devaluaci\u00f3n que el FMI le impuso a la Argentina<\/strong>\u201d, agreg\u00f3 Massa.<\/p>\n\n\n\n<p>Hasta que estall\u00f3 el esc\u00e1ndalo Insaurralde el Gobierno hab\u00eda logrado instalar su agenda econ\u00f3mica en campa\u00f1a con las modificaciones en el Impuesto a las Ganancias y la devoluci\u00f3n del IVA. Eso qued\u00f3 eclipsado tras la difusi\u00f3n de las im\u00e1genes de lujos y excesos del exfuncionario de Axel Kicillof en un yate en el mediterraneo con Sof\u00eda Clerici.<\/p>\n\n\n\n<p>Por eso Massa busca retomar el jueves su agenda de campa\u00f1a con viajes al interior. Visita&nbsp;<strong>Entre R\u00edos<\/strong>&nbsp;para apuntalar el voto peronista y el viernes viajar\u00e1 a tierra hostil:&nbsp;<strong>Mendoza<\/strong>, para luego dar paso a&nbsp;<strong>San Juan<\/strong>. Hasta el momento siguen confirmados los viajes a R\u00edo Negro y Santa Cruz, cuna del kirchnerismo.<\/p>\n\n\n\n<p><\/p>\n\n\n\n<p>Una vez que completo su agenda federal se concentrar\u00e1 la pr\u00f3xima semana en la madre de todas las batallas, la provincia de Buenos Aires. All\u00ed el oficialismo sostiene que Axel Kicillof no tiene peligro de perder la elecci\u00f3n pero en La Libertad Avanza, en donde postulan a Carolina P\u00edparo advierten que no todo est\u00e1 dicho y se muestran confiados en dar pelea.<\/p>\n\n\n\n<p>El caso Insaurralde fue un duro golpe para Kicillof. Incluso tal vez uno mayor que para Massa y en el equipo del gobernador reconocen que es una elecci\u00f3n \u201cajustada\u201d. Por eso, seg\u00fan pudo saber&nbsp;<strong>TN<\/strong>, la semana que viene Massa se dedicar\u00e1 a recorrer la&nbsp;<strong>primera y tercera secci\u00f3n electoral<\/strong>&nbsp;de la&nbsp;<strong>Provincia de Buenos Aires<\/strong>, que est\u00e1n repartidas entre los distritos m\u00e1s poblados del&nbsp;<strong>Conurbano<\/strong>. Y en la previa del cierre de campa\u00f1a se espera una actividad importante con el gobernador&nbsp;<strong>Axel Kicillof<\/strong>.<\/p>\n\n\n\n<figure class=\"wp-block-image\"><img decoding=\"async\" src=\"https:\/\/tn.com.ar\/resizer\/sa_BOXnE6b3b9og-jI7yEXlgYag=\/767x0\/smart\/filters:format(webp)\/cloudfront-us-east-1.images.arcpublishing.com\/artear\/6H4KD5YSMVCLPF3J7I4HH2Z6EM.jpg\" alt=\"Massa planifica un acto conjunto con Kicillof en la Provincia antes del cierre de campa\u00f1a. (Foto: Ministerio de Econom\u00eda)\"\/><figcaption class=\"wp-element-caption\">Massa planifica un acto conjunto con Kicillof en la Provincia antes del cierre de campa\u00f1a. (Foto: Ministerio de Econom\u00eda)<\/figcaption><\/figure>\n\n\n\n<p>El lugar y la fecha todav\u00eda no est\u00e1n confirmadas pero como suele ocurrir, m\u00e1s de un dirigente se entusiasmaba con la idea de que la vicepresidenta&nbsp;<strong>Cristina Kirchner&nbsp;<\/strong>se haga presente.<\/p>\n\n\n\n<p>En la sede de campa\u00f1a de Uni\u00f3n por la Patria apuntan a\u00a0<strong>recuperar votos<\/strong>\u00a0y volver a\u00a0<strong>mostrar a Massa cerca del electorado<\/strong>. En l\u00ednea con sus \u00faltimas declaraciones p\u00fablicas, el ministro buscar\u00e1 reforzar la idea de que\u00a0<strong>Javier Milei\u00a0<\/strong>actu\u00f3 de manera irresponsable con sus declaraciones sobre los plazos fijos. Es que hasta ahora en la campa\u00f1a Massa siempre apunt\u00f3 a las ideas del libertario y nunca cruz\u00f3 la barrera hacia el ataque personal. Esa estrategia qued\u00f3 atr\u00e1s y la polarizaci\u00f3n entre ambos sectores ya es total.<\/p>\n\n\n\n<p>Fuente: TN<\/p>\n","protected":false},"excerpt":{"rendered":"<div class=\"mh-excerpt\"><p>Las \u00faltimas semanas fueron duras paraSergio Massa. Primero el caso Chocolate Rigau, al que en tan solo d\u00edas se le sum\u00f3 el esc\u00e1ndalo de&nbsp;Mart\u00edn Insaurralde&nbsp;en el Mediterr\u00e1neo y ahora la fuerte suba del&nbsp;d\u00f3lar blue&nbsp;que lo oblig\u00f3 a abandonar su agenda de campa\u00f1a para ocuparse de -como \u00e9l dijo- meter preso a los \u201ccuatro o cinco vivos que est\u00e1n especulando con el ahorro de la gente\u201d. Massa ten\u00eda preparado para esta semana viajes por el interior que tuvo que reprogramar y una agenda de campa\u00f1a en la que iba a profundizar los ataques contras las propuestas de&nbsp;Javier Milei. Todo eso qued\u00f3 <a class=\"mh-excerpt-more\" href=\"http:\/\/dsrmedios.com.ar\/diario\/archivos\/40442\" title=\"En medio de la crisis, Massa retoma la iniciativa con medidas y se prepara para desembarcar en el conurbano\">[Leer m\u00e1s]<\/a><\/p>\n<\/div>","protected":false},"author":8,"featured_media":32248,"comment_status":"open","ping_status":"closed","sticky":false,"template":"","format":"standard","meta":{"_jetpack_newsletter_access":""},"categories":[6],"tags":[],"jetpack_featured_media_url":"http:\/\/dsrmedios.com.ar\/diario\/wp-content\/uploads\/2023\/05\/massa-1024x576-1.jpg","jetpack_sharing_enabled":true,"jetpack_shortlink":"https:\/\/wp.me\/p9fihK-awi","_links":{"self":[{"href":"http:\/\/dsrmedios.com.ar\/diario\/wp-json\/wp\/v2\/posts\/40442"}],"collection":[{"href":"http:\/\/dsrmedios.com.ar\/diario\/wp-json\/wp\/v2\/posts"}],"about":[{"href":"http:\/\/dsrmedios.com.ar\/diario\/wp-json\/wp\/v2\/types\/post"}],"author":[{"embeddable":true,"href":"http:\/\/dsrmedios.com.ar\/diario\/wp-json\/wp\/v2\/users\/8"}],"replies":[{"embeddable":true,"href":"http:\/\/dsrmedios.com.ar\/diario\/wp-json\/wp\/v2\/comments?post=40442"}],"version-history":[{"count":1,"href":"http:\/\/dsrmedios.com.ar\/diario\/wp-json\/wp\/v2\/posts\/40442\/revisions"}],"predecessor-version":[{"id":40445,"href":"http:\/\/dsrmedios.com.ar\/diario\/wp-json\/wp\/v2\/posts\/40442\/revisions\/40445"}],"wp:featuredmedia":[{"embeddable":true,"href":"http:\/\/dsrmedios.com.ar\/diario\/wp-json\/wp\/v2\/media\/32248"}],"wp:attachment":[{"href":"http:\/\/dsrmedios.com.ar\/diario\/wp-json\/wp\/v2\/media?parent=40442"}],"wp:term":[{"taxonomy":"category","embeddable":true,"href":"http:\/\/dsrmedios.com.ar\/diario\/wp-json\/wp\/v2\/categories?post=40442"},{"taxonomy":"post_tag","embeddable":true,"href":"http:\/\/dsrmedios.com.ar\/diario\/wp-json\/wp\/v2\/tags?post=40442"}],"curies":[{"name":"wp","href":"https:\/\/api.w.org\/{rel}","templated":true}]}}