{"id":40439,"date":"2023-10-13T13:19:51","date_gmt":"2023-10-13T16:19:51","guid":{"rendered":"http:\/\/dsrmedios.com.ar\/diario\/?p=40439"},"modified":"2023-10-13T13:19:54","modified_gmt":"2023-10-13T16:19:54","slug":"el-fmi-alerto-que-la-situacion-economica-y-social-argentina-es-fragil-debido-a-la-incertidumbre-electoral","status":"publish","type":"post","link":"http:\/\/dsrmedios.com.ar\/diario\/archivos\/40439","title":{"rendered":"El FMI alert\u00f3 que la situaci\u00f3n econ\u00f3mica y social argentina es fr\u00e1gil debido a la incertidumbre electoral"},"content":{"rendered":"\n<p>El&nbsp;<a href=\"https:\/\/tn.com.ar\/economia\/2023\/10\/05\/el-fmi-confirmo-que-la-argentina-postergo-pagos-por-us2600-millones-para-despues-de-las-elecciones\/\" target=\"_blank\" rel=\"noreferrer noopener\"><strong>FMI<\/strong><\/a>&nbsp;consider\u00f3 que la&nbsp;<strong>situaci\u00f3n econ\u00f3mica y social de la Argentina es fr\u00e1gil<\/strong>&nbsp;debido a la incertidumbre electoral y la vulnerabilidad a los shocks externos. A la vez, resalt\u00f3 que el pa\u00eds tiene oportunidades el sector&nbsp;<strong>minero<\/strong>&nbsp;y que<strong>&nbsp;se beneficiar\u00e1 de las mayores lluvias&nbsp;<\/strong>que traer\u00e1 \u201cEl ni\u00f1o\u201d.<\/p>\n\n\n\n<p>Como parte de la reuni\u00f3n anual del\u00a0<strong>FMI<\/strong>, el organismo public\u00f3 su informe de perspectivas sobre Am\u00e9rica Latina y el Caribe. El director del departamento para el Hemisferio Occidental,\u00a0<strong>Rodrigo Vald\u00e9s<\/strong>, brind\u00f3 una conferencia de prensa. Lo acompa\u00f1aron el subdirector del \u00e1rea,\u00a0<strong>Nigel Chalk<\/strong>, y\u00a0<strong>Luis Cubeddu<\/strong>, director adjunto de ese departamento y jefe de la misi\u00f3n argentina.<\/p>\n\n\n\n<p>Valdes confirm\u00f3 que&nbsp;<strong>el FMI mantuvo charlas con los equipos econ\u00f3micos de los candidatos<\/strong>&nbsp;y anticip\u00f3 que seguir\u00e1n reuni\u00e9ndose en las pr\u00f3ximas semanas para \u201centender mejor sus planes\u201d. Sin embargo, aclar\u00f3 que en este momento est\u00e1n \u201c<strong>escuchando su visi\u00f3, pero no discutiendo nada<\/strong>\u201d con esos equipos.<\/p>\n\n\n\n<figure class=\"wp-block-image\"><img decoding=\"async\" src=\"https:\/\/tn.com.ar\/resizer\/aCoD21EP6eTnyrE7Bjdlqs0Iy9I=\/767x0\/smart\/filters:format(webp)\/cloudfront-us-east-1.images.arcpublishing.com\/artear\/FPWY74QIJID5N7AALPW5PP4RZY.jpg\" alt=\"El director del departamento para el Hemisferio Occidental, Rodrigo Vald\u00e9s. (Foto: REUTERS\/Susana Vera).\"\/><figcaption class=\"wp-element-caption\">El director del departamento para el Hemisferio Occidental, Rodrigo Vald\u00e9s. (Foto: REUTERS\/Susana Vera).<\/figcaption><\/figure>\n\n\n\n<p>\u201c<strong>Argentina enfrenta desaf\u00edos muy importantes<\/strong>&nbsp;hoy, incluyendo&nbsp;<a href=\"https:\/\/tn.com.ar\/economia\/2023\/10\/12\/la-inflacion-de-septiembre-fue-de-127-y-acumulo-1383-en-el-ultimo-ano\/\" target=\"_blank\" rel=\"noreferrer noopener\">alta y creciente inflaci\u00f3n<\/a>&nbsp;y la baja cobertura de reservas en el contexto de una&nbsp;<strong>situaci\u00f3n social delicada<\/strong>. Abordar estos desaf\u00edos y salvaguardar la estabilidad requiere un plan fuerte y cre\u00edble e, idealmente, respaldado pol\u00edticamente por una amplia mayor\u00eda. Este plan tiene que estar anclado en un decisivo fortalecimiento de las finanzas p\u00fablicas, al mismo tiempo que proteja a los m\u00e1s vulnerables\u201d, sostuvo Vald\u00e9s.<\/p>\n\n\n\n<h2>La opini\u00f3n del FMI sobre la dolarizaci\u00f3n<\/h2>\n\n\n\n<p>Los funcionarios el organismo fueron consultados sobre la posible&nbsp;<a href=\"https:\/\/tn.com.ar\/politica\/2023\/10\/11\/el-equipo-de-milei-advierte-que-la-suba-de-dolar-blue-podria-facilitar-y-a-la-vez-complicar-la-dolarizacion\/\" target=\"_blank\" rel=\"noreferrer noopener\"><strong>dolarizaci\u00f3n<\/strong><\/a>&nbsp;de la econom\u00eda argentina, tal como propone el candidato&nbsp;<a href=\"https:\/\/tn.com.ar\/economia\/2023\/10\/11\/analistas-advierten-que-las-reformas-que-propone-javier-milei-traeran-una-maxidevaluacion-y-mas-inflacion\/\" target=\"_blank\" rel=\"noreferrer noopener\"><strong>Javier Milei<\/strong><\/a>. Al respecto, Vald\u00e9s afirm\u00f3: \u201cEl FMI es muy respetuoso de la decisi\u00f3n soberana de cada pa\u00eds sobre cu\u00e1l es el esquema monetario y de tipo de cambio m\u00e1s apropiado. Lo que&nbsp;<strong>nos preocupa<\/strong>&nbsp;y en lo que trabajamos es en asegurar que las condiciones de pol\u00edtica para la&nbsp;<strong>transici\u00f3n<\/strong>&nbsp;hacia un nuevo r\u00e9gimen y para un resultado apropiado est\u00e9n dadas\u201d.<\/p>\n\n\n\n<figure class=\"wp-block-image\"><img decoding=\"async\" src=\"https:\/\/tn.com.ar\/resizer\/CzcsP3MUs8irP_WeGmOlv4TGpWw=\/767x0\/smart\/filters:format(webp)\/cloudfront-us-east-1.images.arcpublishing.com\/artear\/56JZL7TVUZYKKOMQ2RAWOCDJZM.jpg\" alt=\"Javier Milei propone la dolarizaci\u00f3n de la econom\u00eda, sin embargo, el FMI remarc\u00f3 que esa decisi\u00f3n no evita la necesidad de tener una s\u00f3lida pol\u00edtica macroecon\u00f3mica. (Foto: Tomas Cuesta\/Pool via REUTERS)\"\/><figcaption class=\"wp-element-caption\">Javier Milei propone la dolarizaci\u00f3n de la econom\u00eda, sin embargo, el FMI remarc\u00f3 que esa decisi\u00f3n no evita la necesidad de tener una s\u00f3lida pol\u00edtica macroecon\u00f3mica. (Foto: Tomas Cuesta\/Pool via REUTERS)Por:&nbsp;<strong>via REUTERS<\/strong><\/figcaption><\/figure>\n\n\n\n<p>Y agreg\u00f3: \u201cEn el caso de la dolarizaci\u00f3n, hay&nbsp;<strong>precondiciones<\/strong>&nbsp;y pasos de pol\u00edtica muy importantes que se necesitan&nbsp;<strong>para que sea exitosa<\/strong>. Al final del d\u00eda, y este es un mensaje muy importante,&nbsp;<strong>la dolarizaci\u00f3n no es un sustituto de las s\u00f3lidas pol\u00edticas econ\u00f3micas<\/strong>\u201d.<\/p>\n\n\n\n<h2>Las proyecciones del FMI para la Argentina<\/h2>\n\n\n\n<p>El reporte sobre\u00a0<strong>Am\u00e9rica Latina<\/strong>\u00a0y el\u00a0<strong>Caribe<\/strong>\u00a0resalt\u00f3 que\u00a0<strong>la inflaci\u00f3n est\u00e1 bajando en la regi\u00f3n<\/strong>, con excepci\u00f3n\u00a0<strong>Argentina<\/strong>\u00a0y\u00a0<strong>Venezuela<\/strong>. En l\u00ednea con\u00a0<a rel=\"noreferrer noopener\" href=\"https:\/\/tn.com.ar\/economia\/2023\/10\/10\/el-fmi-modifico-sus-pronosticos-para-la-argentina-proyecta-una-inflacion-de-mas-del-135-para-el-2023\/\" target=\"_blank\">las proyecciones difundidas a comienzos de la semana<\/a>, el FMI anticip\u00f3 que \u201cla inflaci\u00f3n promediar\u00e1 122% en 2023, aunque esto depender\u00e1 de la evoluci\u00f3n del traspaso del tipo de cambio y del grado de endurecimiento de las pol\u00edticas\u201d.<\/p>\n\n\n\n<p>Adem\u00e1s, proyect\u00f3 una&nbsp;<strong>contracci\u00f3n del PBI argentino de 2,5%&nbsp;<\/strong>para este a\u00f1o, \u201cdebido a la grave sequ\u00eda\u201d. Y alert\u00f3 que los riesgos bajistas siguen dominando las perspectivas, \u201clo que refleja la&nbsp;<strong>fr\u00e1gil situaci\u00f3n econ\u00f3mica y social<\/strong>, las incertidumbres relacionadas con las&nbsp;<strong>elecciones<\/strong>&nbsp;y la vulnerabilidad a las crisis externas\u201d.<\/p>\n\n\n\n<figure class=\"wp-block-image\"><img decoding=\"async\" src=\"https:\/\/tn.com.ar\/resizer\/T7uiUBlp-oxQnI-0RTHvA-0450s=\/767x0\/smart\/filters:format(webp)\/cloudfront-us-east-1.images.arcpublishing.com\/artear\/ZBSEVDL66VE7FJGAIA6PWJMSLE.jpg\" alt=\"El FMI recomend\u00f3 a la Argentina &quot;hacer propio&quot; el programa vigente con la entidad, de modo de apuntalar la situaci\u00f3n econ\u00f3mica. (Foto: Ministerio de Econom\u00eda).\"\/><figcaption class=\"wp-element-caption\">El FMI recomend\u00f3 a la Argentina &#8220;hacer propio&#8221; el programa vigente con la entidad, de modo de apuntalar la situaci\u00f3n econ\u00f3mica. (Foto: Ministerio de Econom\u00eda).<\/figcaption><\/figure>\n\n\n\n<p>Por eso, el organismo consider\u00f3 que ser\u00e1 fundamental hacer \u201cuna fuerte&nbsp;<strong>implementaci\u00f3n y apropiaci\u00f3n del programa<\/strong>\u201d con el objetivo de \u201csalvaguardar la&nbsp;<strong>estabilidad&nbsp;<\/strong>y abordar los desequilibrios macroecon\u00f3micos persistentes\u201d.<\/p>\n\n\n\n<p>El organismo tambi\u00e9n puntualiz\u00f3 que la Argentina tiene oportunidades en la\u00a0<strong>extracci\u00f3n de minerales<\/strong>\u00a0cr\u00edticos \u201cnecesarios para la transici\u00f3n verde\u201d, como el\u00a0<strong>litio<\/strong>, lo que representa una \u201coportunidad para impulsar el comercio y la producci\u00f3n\u201d. Al mismo tiempo, destac\u00f3 el pa\u00eds se beneficiar\u00e1 con las mayores\u00a0<strong>lluvias<\/strong>\u00a0que traer\u00e1 \u201cEl ni\u00f1o\u201d tras la hist\u00f3rica sequ\u00eda.<\/p>\n\n\n\n<p>Fuente: TN<\/p>\n","protected":false},"excerpt":{"rendered":"<div class=\"mh-excerpt\"><p>El&nbsp;FMI&nbsp;consider\u00f3 que la&nbsp;situaci\u00f3n econ\u00f3mica y social de la Argentina es fr\u00e1gil&nbsp;debido a la incertidumbre electoral y la vulnerabilidad a los shocks externos. A la vez, resalt\u00f3 que el pa\u00eds tiene oportunidades el sector&nbsp;minero&nbsp;y que&nbsp;se beneficiar\u00e1 de las mayores lluvias&nbsp;que traer\u00e1 \u201cEl ni\u00f1o\u201d. Como parte de la reuni\u00f3n anual del\u00a0FMI, el organismo public\u00f3 su informe de perspectivas sobre Am\u00e9rica Latina y el Caribe. El director del departamento para el Hemisferio Occidental,\u00a0Rodrigo Vald\u00e9s, brind\u00f3 una conferencia de prensa. Lo acompa\u00f1aron el subdirector del \u00e1rea,\u00a0Nigel Chalk, y\u00a0Luis Cubeddu, director adjunto de ese departamento y jefe de la misi\u00f3n argentina. Valdes confirm\u00f3 que&nbsp;el FMI <a class=\"mh-excerpt-more\" href=\"http:\/\/dsrmedios.com.ar\/diario\/archivos\/40439\" title=\"El FMI alert\u00f3 que la situaci\u00f3n econ\u00f3mica y social argentina es fr\u00e1gil debido a la incertidumbre electoral\">[Leer m\u00e1s]<\/a><\/p>\n<\/div>","protected":false},"author":8,"featured_media":40440,"comment_status":"open","ping_status":"closed","sticky":false,"template":"","format":"standard","meta":{"_jetpack_newsletter_access":""},"categories":[6],"tags":[],"jetpack_featured_media_url":"http:\/\/dsrmedios.com.ar\/diario\/wp-content\/uploads\/2023\/10\/614e307e20148__420x280.webp","jetpack_sharing_enabled":true,"jetpack_shortlink":"https:\/\/wp.me\/p9fihK-awf","_links":{"self":[{"href":"http:\/\/dsrmedios.com.ar\/diario\/wp-json\/wp\/v2\/posts\/40439"}],"collection":[{"href":"http:\/\/dsrmedios.com.ar\/diario\/wp-json\/wp\/v2\/posts"}],"about":[{"href":"http:\/\/dsrmedios.com.ar\/diario\/wp-json\/wp\/v2\/types\/post"}],"author":[{"embeddable":true,"href":"http:\/\/dsrmedios.com.ar\/diario\/wp-json\/wp\/v2\/users\/8"}],"replies":[{"embeddable":true,"href":"http:\/\/dsrmedios.com.ar\/diario\/wp-json\/wp\/v2\/comments?post=40439"}],"version-history":[{"count":1,"href":"http:\/\/dsrmedios.com.ar\/diario\/wp-json\/wp\/v2\/posts\/40439\/revisions"}],"predecessor-version":[{"id":40441,"href":"http:\/\/dsrmedios.com.ar\/diario\/wp-json\/wp\/v2\/posts\/40439\/revisions\/40441"}],"wp:featuredmedia":[{"embeddable":true,"href":"http:\/\/dsrmedios.com.ar\/diario\/wp-json\/wp\/v2\/media\/40440"}],"wp:attachment":[{"href":"http:\/\/dsrmedios.com.ar\/diario\/wp-json\/wp\/v2\/media?parent=40439"}],"wp:term":[{"taxonomy":"category","embeddable":true,"href":"http:\/\/dsrmedios.com.ar\/diario\/wp-json\/wp\/v2\/categories?post=40439"},{"taxonomy":"post_tag","embeddable":true,"href":"http:\/\/dsrmedios.com.ar\/diario\/wp-json\/wp\/v2\/tags?post=40439"}],"curies":[{"name":"wp","href":"https:\/\/api.w.org\/{rel}","templated":true}]}}