{"id":40436,"date":"2023-10-13T13:21:14","date_gmt":"2023-10-13T16:21:14","guid":{"rendered":"http:\/\/dsrmedios.com.ar\/diario\/?p=40436"},"modified":"2023-10-13T13:21:17","modified_gmt":"2023-10-13T16:21:17","slug":"un-fiscal-imputo-a-javier-milei-y-ramiro-marra-por-la-denuncia-de-alberto-fernandez-por-intimidacion-publica","status":"publish","type":"post","link":"http:\/\/dsrmedios.com.ar\/diario\/archivos\/40436","title":{"rendered":"Un fiscal imput\u00f3 a Javier Milei y Ramiro Marra por la denuncia de Alberto Fern\u00e1ndez por \u201cintimidaci\u00f3n p\u00fablica\u201d"},"content":{"rendered":"\n<p>El fiscal federal&nbsp;<strong>Franco Picardi<\/strong>&nbsp;imput\u00f3 al candidato a presidente de La Libertad Avanza,&nbsp;<a href=\"https:\/\/tn.com.ar\/politica\/2023\/10\/09\/javier-milei-aseguro-que-habra-dolarizacion-y-recomendo-no-renovar-los-plazos-fijos\/\" target=\"_blank\" rel=\"noreferrer noopener\"><strong>Javier Milei<\/strong><\/a>, y al postulante a jefe de Gobierno porte\u00f1o,&nbsp;<strong>Ramiro Marra<\/strong>, tras la denuncia del presidente&nbsp;<strong>Alberto Fern\u00e1ndez<\/strong>&nbsp;a ra\u00edz de las declaraciones que hicieron que&nbsp;<strong>habr\u00edan provocado una corrida del d\u00f3lar.<\/strong><\/p>\n\n\n\n<p>El fiscal decidi\u00f3 iniciar una investigaci\u00f3n formal y pidi\u00f3 los audios. \u201dTeniendo en cuenta lo indicado en la denuncia, resultan imputados en las presentes actuaciones los se\u00f1ores Javier Gerardo Milei (candidato a presidente), Ramiro Marra (candidato a jefe de Gobierno porte\u00f1o) y Agust\u00edn Romo (candidato a diputado de la Provincia de Buenos Aires\u201d, detall\u00f3 el fiscal en el requerimiento que present\u00f3 ante la jueza Mar\u00eda Servini.<\/p>\n\n\n\n<p>En su denuncia, el jefe de Estado pidi\u00f3 que se investigue a los dirigentes libertarios por los delitos previstos en el art\u00edculo 211 del C\u00f3digo Penal, que castiga a quien cometa acciones con el objetivo de \u201cinfundir temor p\u00fablico o suscitar tumultos o des\u00f3rdenes\u201d.<\/p>\n\n\n\n<figure class=\"wp-block-image\"><img decoding=\"async\" src=\"https:\/\/tn.com.ar\/resizer\/cIdLFo5JCBZgC10XvRwN5aGvaxE=\/767x0\/smart\/filters:format(webp)\/thumbs.vodgc.net\/1-398-759e5cd4a505488f8ebaaab9ed1293de-S48fWI1697206825036-1697209230.jpg\" alt=\"Video Placeholder\"\/><\/figure>\n\n\n\n<p>El fiscal Franco Picardi inici\u00f3 una investigaci\u00f3n sobre las declaraciones de Javier Milei (Foto: AFP).<\/p>\n\n\n\n<h2>Qu\u00e9 hab\u00edan dicho Milei y Marra<\/h2>\n\n\n\n<p>Alberto Fern\u00e1ndez denunci\u00f3 a Milei despu\u00e9s que el candidato de La Libertad Avanza contestara a una pregunta sobre qu\u00e9 le recomendar\u00eda a alguien al que en estos d\u00edas le vence un plazo fijo:&nbsp;<strong>\u201cJam\u00e1s en pesos, jam\u00e1s en pesos \u2013respondi\u00f3-. El peso es la moneda que emite el pol\u00edtico argentino, por ende, no puede valer ni excremento, porque esas basuras no sirven ni para abono\u201d.<\/strong><\/p>\n\n\n\n<p>Al d\u00eda siguiente, seg\u00fan se apunt\u00f3 en la denuncia,&nbsp;<strong>Marra tuite\u00f3: \u201cHoy m\u00e1s que nunca: NO AHORRES EN PESOS. Cuid\u00e1 tu dinero, te cost\u00f3 mucho ganarlo\u201d.<\/strong><\/p>\n\n\n\n<p>Seg\u00fan Alberto Fern\u00e1ndez, \u201cel movimiento financiero inducido por la actividad premeditada y tendenciosa de estas personas, ha generado en el pa\u00eds un da\u00f1o incalculable; no ya en t\u00e9rminos econ\u00f3micos solamente, sino a nivel confianza p\u00fablica principalmente\u201d.<\/p>\n\n\n\n<figure class=\"wp-block-image\"><img decoding=\"async\" src=\"https:\/\/tn.com.ar\/resizer\/BeGneG8d_Ti-Q8GfarPivya_x4I=\/767x0\/smart\/filters:format(webp)\/cloudfront-us-east-1.images.arcpublishing.com\/artear\/OELFK3VFYCFGDCIWMNMY7OOVKA.jpg\" alt=\"Javier Milei tiene como una de sus banderas de campa\u00f1a la dolarizaci\u00f3n (Foto: Reuters)\n\"\/><figcaption class=\"wp-element-caption\">Javier Milei tiene como una de sus banderas de campa\u00f1a la dolarizaci\u00f3n (Foto: Reuters)Por:&nbsp;<strong>REUTERS<\/strong><\/figcaption><\/figure>\n\n\n\n<p>Tras la denuncia, Milei dio una conferencia de prensa en la que fustig\u00f3 en duros t\u00e9rminos al Presidente y se\u00f1al\u00f3 que la suba del d\u00f3lar se debi\u00f3 a su mala gesti\u00f3n econ\u00f3mica y no a las declaraciones que \u00e9l o gente de su espacio realizaron.<\/p>\n\n\n\n<h2>El enojo de Sergio Massa con Alberto Fern\u00e1ndez por la denuncia a Milei<\/h2>\n\n\n\n<p>La denuncia de Alberto Fern\u00e1ndez a Milei provoc\u00f3 el&nbsp;<strong>enojo del ministro de Econom\u00eda<\/strong>&nbsp;y candidato presidencial del oficialismo,&nbsp;<a href=\"https:\/\/tn.com.ar\/politica\/2023\/10\/11\/interna-en-el-oficialismo-cruces-entre-alberto-fernandez-y-sergio-massa-por-la-denuncia-contra-javier-milei\/\" target=\"_blank\" rel=\"noreferrer noopener\"><strong>Sergio Massa<\/strong><\/a><strong>.<\/strong><\/p>\n\n\n\n<p><strong>\u201cAlberto se cort\u00f3 solo<\/strong>, fue una decisi\u00f3n suya. [Massa] se enter\u00f3 con la denuncia presentada y hay malestar por este tema\u201d, dijeron a&nbsp;<strong>TN&nbsp;<\/strong>fuentes de la campa\u00f1a de Uni\u00f3n por la Patria.<\/p>\n\n\n\n<p>Para Massa, la denuncia presidencial le permiti\u00f3 a Milei plantarse en el centro de la escena y\u00a0<strong>sostener que el Gobierno quiere proscribirlo.<\/strong><\/p>\n\n\n\n<p>Fuente: TN<\/p>\n","protected":false},"excerpt":{"rendered":"<div class=\"mh-excerpt\"><p>El fiscal federal&nbsp;Franco Picardi&nbsp;imput\u00f3 al candidato a presidente de La Libertad Avanza,&nbsp;Javier Milei, y al postulante a jefe de Gobierno porte\u00f1o,&nbsp;Ramiro Marra, tras la denuncia del presidente&nbsp;Alberto Fern\u00e1ndez&nbsp;a ra\u00edz de las declaraciones que hicieron que&nbsp;habr\u00edan provocado una corrida del d\u00f3lar. El fiscal decidi\u00f3 iniciar una investigaci\u00f3n formal y pidi\u00f3 los audios. \u201dTeniendo en cuenta lo indicado en la denuncia, resultan imputados en las presentes actuaciones los se\u00f1ores Javier Gerardo Milei (candidato a presidente), Ramiro Marra (candidato a jefe de Gobierno porte\u00f1o) y Agust\u00edn Romo (candidato a diputado de la Provincia de Buenos Aires\u201d, detall\u00f3 el fiscal en el requerimiento que <a class=\"mh-excerpt-more\" href=\"http:\/\/dsrmedios.com.ar\/diario\/archivos\/40436\" title=\"Un fiscal imput\u00f3 a Javier Milei y Ramiro Marra por la denuncia de Alberto Fern\u00e1ndez por \u201cintimidaci\u00f3n p\u00fablica\u201d\">[Leer m\u00e1s]<\/a><\/p>\n<\/div>","protected":false},"author":8,"featured_media":40443,"comment_status":"open","ping_status":"closed","sticky":false,"template":"","format":"standard","meta":{"_jetpack_newsletter_access":""},"categories":[6],"tags":[],"jetpack_featured_media_url":"http:\/\/dsrmedios.com.ar\/diario\/wp-content\/uploads\/2023\/10\/UPQTKCTVTVHPBJNAA67WJFY44I.webp","jetpack_sharing_enabled":true,"jetpack_shortlink":"https:\/\/wp.me\/p9fihK-awc","_links":{"self":[{"href":"http:\/\/dsrmedios.com.ar\/diario\/wp-json\/wp\/v2\/posts\/40436"}],"collection":[{"href":"http:\/\/dsrmedios.com.ar\/diario\/wp-json\/wp\/v2\/posts"}],"about":[{"href":"http:\/\/dsrmedios.com.ar\/diario\/wp-json\/wp\/v2\/types\/post"}],"author":[{"embeddable":true,"href":"http:\/\/dsrmedios.com.ar\/diario\/wp-json\/wp\/v2\/users\/8"}],"replies":[{"embeddable":true,"href":"http:\/\/dsrmedios.com.ar\/diario\/wp-json\/wp\/v2\/comments?post=40436"}],"version-history":[{"count":1,"href":"http:\/\/dsrmedios.com.ar\/diario\/wp-json\/wp\/v2\/posts\/40436\/revisions"}],"predecessor-version":[{"id":40444,"href":"http:\/\/dsrmedios.com.ar\/diario\/wp-json\/wp\/v2\/posts\/40436\/revisions\/40444"}],"wp:featuredmedia":[{"embeddable":true,"href":"http:\/\/dsrmedios.com.ar\/diario\/wp-json\/wp\/v2\/media\/40443"}],"wp:attachment":[{"href":"http:\/\/dsrmedios.com.ar\/diario\/wp-json\/wp\/v2\/media?parent=40436"}],"wp:term":[{"taxonomy":"category","embeddable":true,"href":"http:\/\/dsrmedios.com.ar\/diario\/wp-json\/wp\/v2\/categories?post=40436"},{"taxonomy":"post_tag","embeddable":true,"href":"http:\/\/dsrmedios.com.ar\/diario\/wp-json\/wp\/v2\/tags?post=40436"}],"curies":[{"name":"wp","href":"https:\/\/api.w.org\/{rel}","templated":true}]}}