{"id":40430,"date":"2023-10-13T13:14:54","date_gmt":"2023-10-13T16:14:54","guid":{"rendered":"http:\/\/dsrmedios.com.ar\/diario\/?p=40430"},"modified":"2023-10-13T13:15:21","modified_gmt":"2023-10-13T16:15:21","slug":"muestra-con-visitas-guiadas-un-archivo-todas-las-luchas-de-adelina-dematti","status":"publish","type":"post","link":"http:\/\/dsrmedios.com.ar\/diario\/archivos\/40430","title":{"rendered":"<strong>Muestra con visitas guiadas:&nbsp;<\/strong><strong>&#8220;Un Archivo, todas las Luchas&#8221; de Adelina Dematti<\/strong>"},"content":{"rendered":"\n<p>El Martes 17 de octubre a las 9:30 y a las 11 hs. y el Jueves 19 a las 9:00 y 10:30 y, por la tarde, a las 14:00 y a las 15 hs. Se realizar\u00e1n en casa de la Cultura de Carhu\u00e9, Mitre y Urquiza, visitas guiadas abiertas a todo p\u00fablico y gratuitas, visitas guiadas por la muestra&nbsp;&#8220;Un Archivo, todas las Luchas&#8221; de Adelina Dematti de Alaye.&nbsp;En 2007, la&nbsp;<strong>UNESCO reconoci\u00f3 al Archivo de Adelina como Memoria del Mundo<\/strong>, dando cuenta de su incalculable valor patrimonial y pedag\u00f3gico.<br>&nbsp;<\/p>\n\n\n\n<p>La exposici\u00f3n, organizada por la Municipalidad de Adolfo Alsina, a trav\u00e9s de la Secretar\u00eda de Cultura y Educaci\u00f3n, junto a la Comisi\u00f3n de Memoria, Verdad y Justicia de Adolfo Alsina,presenta la producci\u00f3n del Archivo Hist\u00f3rico de la provincia de Buenos Aires. Est\u00e1 basada en el archivo de fotograf\u00edas y documentos que esta Madre &#8211; Adelina Dematti de Alaye &#8211; construy\u00f3 a trav\u00e9s de su vida, para dejar testimonio de las luchas en pos de la Memoria, la Verdad y la Justicia.<\/p>\n","protected":false},"excerpt":{"rendered":"<div class=\"mh-excerpt\"><p>El Martes 17 de octubre a las 9:30 y a las 11 hs. y el Jueves 19 a las 9:00 y 10:30 y, por la tarde, a las 14:00 y a las 15 hs. Se realizar\u00e1n en casa de la Cultura de Carhu\u00e9, Mitre y Urquiza, visitas guiadas abiertas a todo p\u00fablico y gratuitas, visitas guiadas por la muestra&nbsp;&#8220;Un Archivo, todas las Luchas&#8221; de Adelina Dematti de Alaye.&nbsp;En 2007, la&nbsp;UNESCO reconoci\u00f3 al Archivo de Adelina como Memoria del Mundo, dando cuenta de su incalculable valor patrimonial y pedag\u00f3gico.&nbsp; La exposici\u00f3n, organizada por la Municipalidad de Adolfo Alsina, a trav\u00e9s de <a class=\"mh-excerpt-more\" href=\"http:\/\/dsrmedios.com.ar\/diario\/archivos\/40430\" title=\"Muestra con visitas guiadas:&nbsp;&#8220;Un Archivo, todas las Luchas&#8221; de Adelina Dematti\">[Leer m\u00e1s]<\/a><\/p>\n<\/div>","protected":false},"author":8,"featured_media":40434,"comment_status":"open","ping_status":"closed","sticky":false,"template":"","format":"standard","meta":{"_jetpack_newsletter_access":""},"categories":[18,31,5],"tags":[],"jetpack_featured_media_url":"http:\/\/dsrmedios.com.ar\/diario\/wp-content\/uploads\/2023\/10\/Muestra-Adelina-9-scaled.jpg","jetpack_sharing_enabled":true,"jetpack_shortlink":"https:\/\/wp.me\/p9fihK-aw6","_links":{"self":[{"href":"http:\/\/dsrmedios.com.ar\/diario\/wp-json\/wp\/v2\/posts\/40430"}],"collection":[{"href":"http:\/\/dsrmedios.com.ar\/diario\/wp-json\/wp\/v2\/posts"}],"about":[{"href":"http:\/\/dsrmedios.com.ar\/diario\/wp-json\/wp\/v2\/types\/post"}],"author":[{"embeddable":true,"href":"http:\/\/dsrmedios.com.ar\/diario\/wp-json\/wp\/v2\/users\/8"}],"replies":[{"embeddable":true,"href":"http:\/\/dsrmedios.com.ar\/diario\/wp-json\/wp\/v2\/comments?post=40430"}],"version-history":[{"count":1,"href":"http:\/\/dsrmedios.com.ar\/diario\/wp-json\/wp\/v2\/posts\/40430\/revisions"}],"predecessor-version":[{"id":40433,"href":"http:\/\/dsrmedios.com.ar\/diario\/wp-json\/wp\/v2\/posts\/40430\/revisions\/40433"}],"wp:featuredmedia":[{"embeddable":true,"href":"http:\/\/dsrmedios.com.ar\/diario\/wp-json\/wp\/v2\/media\/40434"}],"wp:attachment":[{"href":"http:\/\/dsrmedios.com.ar\/diario\/wp-json\/wp\/v2\/media?parent=40430"}],"wp:term":[{"taxonomy":"category","embeddable":true,"href":"http:\/\/dsrmedios.com.ar\/diario\/wp-json\/wp\/v2\/categories?post=40430"},{"taxonomy":"post_tag","embeddable":true,"href":"http:\/\/dsrmedios.com.ar\/diario\/wp-json\/wp\/v2\/tags?post=40430"}],"curies":[{"name":"wp","href":"https:\/\/api.w.org\/{rel}","templated":true}]}}