{"id":40425,"date":"2023-10-13T13:13:53","date_gmt":"2023-10-13T16:13:53","guid":{"rendered":"http:\/\/dsrmedios.com.ar\/diario\/?p=40425"},"modified":"2023-10-13T13:13:54","modified_gmt":"2023-10-13T16:13:54","slug":"devolucion-de-iva-el-gobierno-incluira-en-el-reintegro-a-los-trabajadores-informales-que-cobren-el-bono-ife","status":"publish","type":"post","link":"http:\/\/dsrmedios.com.ar\/diario\/archivos\/40425","title":{"rendered":"Devoluci\u00f3n de IVA: el Gobierno incluir\u00e1 en el reintegro a los trabajadores informales que cobren el bono IFE"},"content":{"rendered":"\n<p>Los<strong>&nbsp;2 millones de beneficiarios<\/strong>&nbsp;del&nbsp;<a href=\"https:\/\/tn.com.ar\/economia\/2023\/10\/11\/la-anses-anuncio-una-nueva-fecha-de-pago-del-bono-de-94000-para-un-grupo-de-trabajadores-informales\/\" target=\"_blank\" rel=\"noreferrer noopener\"><strong>refuerzo de $94.000<\/strong><\/a>para&nbsp;<strong>trabajadores informales<\/strong>&nbsp;ser\u00e1n incorporados al&nbsp;<a href=\"https:\/\/tn.com.ar\/economia\/2023\/10\/11\/que-dice-el-proyecto-de-ley-de-devolucion-del-iva-que-tiene-media-sancion-en-el-congreso\/\" target=\"_blank\" rel=\"noreferrer noopener\">programa&nbsp;<strong>Compre sin IVA<\/strong><\/a>, que reintegra el&nbsp;<strong>21%<\/strong>&nbsp;en la adquisici\u00f3n con tarjeta de d\u00e9bito de productos de la canasta b\u00e1sica, as\u00ed lo inform\u00f3 el Ministerio de Econom\u00eda.<\/p>\n\n\n\n<p>De esta manera, los&nbsp;<strong>empleados no registrados<\/strong>&nbsp;se suman al grupo de beneficiarios que incluye a<strong>&nbsp;jubilados y pensionados&nbsp;<\/strong>con ingresos de hasta $524.754;&nbsp;<strong>monotributistas<\/strong>,&nbsp;<strong>trabajadores registrados<\/strong>&nbsp;con ingresos de hasta&nbsp;<strong>$792.000&nbsp;<\/strong>(seis salarios m\u00ednimos); personal de&nbsp;<strong>Casas Particulares<\/strong>; titulares de&nbsp;<strong>AUH, Tarjeta Alimentar y Potenciar Trabajo<\/strong>.<\/p>\n\n\n\n<p>El&nbsp;<a href=\"https:\/\/tn.com.ar\/economia\/2023\/09\/29\/devolucion-del-iva-las-tres-razones-por-las-que-se-puede-perder-el-reintegro-del-21\/\" target=\"_blank\" rel=\"noreferrer noopener\"><strong>reintegro<\/strong><\/a>, que tiene un tope mensual de $18.800, ser\u00e1&nbsp;<strong>acreditado<\/strong>&nbsp;de&nbsp;<strong>forma autom\u00e1tica<\/strong>&nbsp;en la&nbsp;<strong>cuenta bancaria<\/strong>&nbsp;donde la persona percibe sus&nbsp;<strong>ingresos<\/strong>,&nbsp;<strong>asignaci\u00f3n<\/strong>,&nbsp;<strong>pensi\u00f3n<\/strong>&nbsp;o&nbsp;<strong>jubilaci\u00f3n<\/strong>. La devoluci\u00f3n&nbsp;<strong>puede tardar hasta 48 horas<\/strong>&nbsp;despu\u00e9s de la compra.<\/p>\n\n\n\n<p>El programa comenz\u00f3 a funcionar a mediados de septiembre y rige hasta el 31 de diciembre. Desde el inicio de&nbsp;<strong>6 millones y medio de personas<\/strong>&nbsp;ya recibieron el reintegro del 21%, lo que equivale a operaciones por m\u00e1s de $128.000 millones y devoluciones por m\u00e1s de $26.500 millones.<\/p>\n\n\n\n<p>Por su parte, este mi\u00e9rcoles la C\u00e1mara de Diputados dio media sanci\u00f3n al&nbsp;<a href=\"https:\/\/tn.com.ar\/economia\/2023\/10\/11\/que-dice-el-proyecto-de-ley-de-devolucion-del-iva-que-tiene-media-sancion-en-el-congreso\/\" target=\"_blank\" rel=\"noreferrer noopener\"><strong>proyecto de ley<\/strong><\/a>que busca darle continuidad al programa de&nbsp;<strong>devoluci\u00f3n del IVA<\/strong>. Uno de los puntos importantes es la&nbsp;<strong>ampliaci\u00f3n de medios de pago<\/strong>, como el uso de la tarjeta de cr\u00e9dito.<\/p>\n\n\n\n<h2>Qui\u00e9nes pueden acceder a la devoluci\u00f3n del IVA<\/h2>\n\n\n\n<ul>\n<li><strong>Jubilados y pensionados.<\/strong><\/li>\n\n\n\n<li>Titulares de&nbsp;<strong>AUH<\/strong>,&nbsp;<strong>AUE<\/strong>,&nbsp;<strong>Tarjeta Alimentar<\/strong>,<strong>&nbsp;Potenciar Trabajo<\/strong>&nbsp;y de pensiones no contributivas.<\/li>\n\n\n\n<li><strong>Monotributistas \u201cpuros\u201d.<\/strong><\/li>\n\n\n\n<li>Empleados en&nbsp;<strong>relaci\u00f3n de dependencia con ingresos de hasta seis salarios m\u00ednimos.<\/strong><\/li>\n\n\n\n<li>Personal de&nbsp;<strong>Casas Particulares<\/strong>.<\/li>\n\n\n\n<li><strong>Trabajadores informales&nbsp;<\/strong>que cobraron el bono de $94.000<\/li>\n<\/ul>\n\n\n\n<figure class=\"wp-block-image\"><img decoding=\"async\" src=\"https:\/\/tn.com.ar\/resizer\/LLdBTAxXzjDrkjlZaQg3XZxYvao=\/767x0\/smart\/filters:format(webp)\/cloudfront-us-east-1.images.arcpublishing.com\/artear\/AQ77ZVZOWBFHTNEDWDKOWXO2II.jpg\" alt=\"(Foto: AFIP)\"\/><figcaption class=\"wp-element-caption\">(Foto: AFIP)<\/figcaption><\/figure>\n\n\n\n<h2>Qu\u00e9 compras est\u00e1n alcanzadas por la devoluci\u00f3n del IVA<\/h2>\n\n\n\n<p>El programa&nbsp;<strong>Compre sin IVA<\/strong>&nbsp;que reintegra el 21% para compras con tarjeta de d\u00e9bito, Cuenta DNI y BNA+&nbsp;<strong>alcanza<\/strong>&nbsp;\u00fanicamente a&nbsp;<strong>productos de la canasta b\u00e1sica<\/strong>. Rige para<strong>&nbsp;comercios mayoristas y minoristas de alimentos, art\u00edculos de higiene personal y medicamentos.<\/strong><\/p>\n\n\n\n<p>Por su parte, AFIP desminti\u00f3 que el programa \u201cCompre sin IVA\u201d incluya reintegros al dinero retirado en l\u00ednea de cajas de los supermercados. A su vez, remarc\u00f3 que desde la implementaci\u00f3n del programa,<strong>&nbsp;el organismo verifica el cumplimiento del reintegro&nbsp;<\/strong>acorde a la normativa vigente&nbsp;<strong>para evitar eventuales maniobras fraudulenta<\/strong>s.<\/p>\n\n\n\n<p>Las acciones permanentes de fiscalizaci\u00f3n pueden dar lugar a multas sobre los establecimientos, usuarios y la suspensi\u00f3n de sus respectivos CUIT o CUIL.<\/p>\n\n\n\n<h2>C\u00f3mo reclamar ante AFIP si no recib\u00ed el reintegro del 21%<\/h2>\n\n\n\n<p>El reintegro&nbsp;<strong>se deposita hasta 48 horas despu\u00e9s de la compra<\/strong>, de forma autom\u00e1tica y&nbsp;<strong>en la cuenta bancaria<\/strong>&nbsp;de la tarjeta de d\u00e9bito asociada. Para&nbsp;<strong>iniciar el reclamo<\/strong>&nbsp;por la falta del reembolso del 21%, se debe:<\/p>\n\n\n\n<ul>\n<li>Ingresar a la web de AFIP con&nbsp;<strong>Clave Fiscal&nbsp;<\/strong>y&nbsp;<strong>CUIT\/CUIL<\/strong>;<\/li>\n\n\n\n<li>En la secci\u00f3n Reclamos y Sugerencias hacer click en \u201c<strong>Programa de Asistencia al Ciudadano<\/strong>\u201d;<\/li>\n\n\n\n<li>Completar el formulario con&nbsp;<strong>datos personales<\/strong>,&nbsp;<strong>n\u00famero de tel\u00e9fono&nbsp;<\/strong>y&nbsp;<strong>mail<\/strong>;<\/li>\n\n\n\n<li>Detallar los&nbsp;<strong>motivos del reclamo<\/strong>, en este caso, la no devoluci\u00f3n del IVA.<\/li>\n<\/ul>\n\n\n\n<p>Fuente: TN<\/p>\n","protected":false},"excerpt":{"rendered":"<div class=\"mh-excerpt\"><p>Los&nbsp;2 millones de beneficiarios&nbsp;del&nbsp;refuerzo de $94.000para&nbsp;trabajadores informales&nbsp;ser\u00e1n incorporados al&nbsp;programa&nbsp;Compre sin IVA, que reintegra el&nbsp;21%&nbsp;en la adquisici\u00f3n con tarjeta de d\u00e9bito de productos de la canasta b\u00e1sica, as\u00ed lo inform\u00f3 el Ministerio de Econom\u00eda. De esta manera, los&nbsp;empleados no registrados&nbsp;se suman al grupo de beneficiarios que incluye a&nbsp;jubilados y pensionados&nbsp;con ingresos de hasta $524.754;&nbsp;monotributistas,&nbsp;trabajadores registrados&nbsp;con ingresos de hasta&nbsp;$792.000&nbsp;(seis salarios m\u00ednimos); personal de&nbsp;Casas Particulares; titulares de&nbsp;AUH, Tarjeta Alimentar y Potenciar Trabajo. El&nbsp;reintegro, que tiene un tope mensual de $18.800, ser\u00e1&nbsp;acreditado&nbsp;de&nbsp;forma autom\u00e1tica&nbsp;en la&nbsp;cuenta bancaria&nbsp;donde la persona percibe sus&nbsp;ingresos,&nbsp;asignaci\u00f3n,&nbsp;pensi\u00f3n&nbsp;o&nbsp;jubilaci\u00f3n. La devoluci\u00f3n&nbsp;puede tardar hasta 48 horas&nbsp;despu\u00e9s de la compra. El programa comenz\u00f3 a funcionar a <a class=\"mh-excerpt-more\" href=\"http:\/\/dsrmedios.com.ar\/diario\/archivos\/40425\" title=\"Devoluci\u00f3n de IVA: el Gobierno incluir\u00e1 en el reintegro a los trabajadores informales que cobren el bono IFE\">[Leer m\u00e1s]<\/a><\/p>\n<\/div>","protected":false},"author":8,"featured_media":40431,"comment_status":"open","ping_status":"closed","sticky":false,"template":"","format":"standard","meta":{"_jetpack_newsletter_access":""},"categories":[6],"tags":[],"jetpack_featured_media_url":"http:\/\/dsrmedios.com.ar\/diario\/wp-content\/uploads\/2023\/10\/ESDU7LZ4B5A7PAQCNZ4DWWX7AM.jpg","jetpack_sharing_enabled":true,"jetpack_shortlink":"https:\/\/wp.me\/p9fihK-aw1","_links":{"self":[{"href":"http:\/\/dsrmedios.com.ar\/diario\/wp-json\/wp\/v2\/posts\/40425"}],"collection":[{"href":"http:\/\/dsrmedios.com.ar\/diario\/wp-json\/wp\/v2\/posts"}],"about":[{"href":"http:\/\/dsrmedios.com.ar\/diario\/wp-json\/wp\/v2\/types\/post"}],"author":[{"embeddable":true,"href":"http:\/\/dsrmedios.com.ar\/diario\/wp-json\/wp\/v2\/users\/8"}],"replies":[{"embeddable":true,"href":"http:\/\/dsrmedios.com.ar\/diario\/wp-json\/wp\/v2\/comments?post=40425"}],"version-history":[{"count":1,"href":"http:\/\/dsrmedios.com.ar\/diario\/wp-json\/wp\/v2\/posts\/40425\/revisions"}],"predecessor-version":[{"id":40432,"href":"http:\/\/dsrmedios.com.ar\/diario\/wp-json\/wp\/v2\/posts\/40425\/revisions\/40432"}],"wp:featuredmedia":[{"embeddable":true,"href":"http:\/\/dsrmedios.com.ar\/diario\/wp-json\/wp\/v2\/media\/40431"}],"wp:attachment":[{"href":"http:\/\/dsrmedios.com.ar\/diario\/wp-json\/wp\/v2\/media?parent=40425"}],"wp:term":[{"taxonomy":"category","embeddable":true,"href":"http:\/\/dsrmedios.com.ar\/diario\/wp-json\/wp\/v2\/categories?post=40425"},{"taxonomy":"post_tag","embeddable":true,"href":"http:\/\/dsrmedios.com.ar\/diario\/wp-json\/wp\/v2\/tags?post=40425"}],"curies":[{"name":"wp","href":"https:\/\/api.w.org\/{rel}","templated":true}]}}