{"id":40423,"date":"2023-10-12T14:18:36","date_gmt":"2023-10-12T17:18:36","guid":{"rendered":"http:\/\/dsrmedios.com.ar\/diario\/?p=40423"},"modified":"2023-10-12T14:18:39","modified_gmt":"2023-10-12T17:18:39","slug":"el-gobierno-difunde-la-inflacion-de-septiembre-y-espera-un-dato-de-dos-cifras-antes-de-las-elecciones","status":"publish","type":"post","link":"http:\/\/dsrmedios.com.ar\/diario\/archivos\/40423","title":{"rendered":"El Gobierno difunde la inflaci\u00f3n de septiembre y espera un dato de dos cifras antes de las elecciones"},"content":{"rendered":"\n<p><strong>El Instituto Nacional de Estad\u00edstica y Censos<\/strong>&nbsp;(INDEC)&nbsp;<strong>dar\u00e1 a conocer este jueves el<\/strong><a href=\"https:\/\/tn.com.ar\/economia\/2023\/09\/13\/la-inflacion-de-agosto-fue-de-124-la-mas-alta-de-los-ultimos-32-anos\/\"><strong>&nbsp;dato de la inflaci\u00f3n de septiembre<\/strong><\/a><strong>.&nbsp;<\/strong>Se trata de la \u00faltima cifra del \u00cdndice de Precios al Consumidor que se difunda antes de las&nbsp;<strong>elecciones presidenciales<\/strong>&nbsp;y estiman que sea del 11%.<\/p>\n\n\n\n<p>Seg\u00fan las estimaciones privadas, se espera que la cifra alcance los dos d\u00edgitos\u00a0<strong>por segundo mes consecutivo<\/strong>\u00a0y supere el 11%; mientras que el\u00a0<strong>Relevamiento de Expectativas del Mercado (REM)\u00a0<\/strong>de agosto, de acuerdo al \u00faltimo informe disponible, los especialistas esperan que<strong>\u00a0promedie el 12%.<\/strong><\/p>\n\n\n\n<p>El&nbsp;<a href=\"https:\/\/tn.com.ar\/economia\/2023\/08\/14\/tras-la-devaluacion-el-gobierno-admite-que-la-inflacion-puede-llegar-a-dos-digitos-desde-agosto\/\"><strong>salto del 22% del d\u00f3lar oficial<\/strong><\/a><strong>&nbsp;tras la devaluaci\u00f3n&nbsp;<\/strong>posterior a las PASO y su traslado a precios presion\u00f3 sobre la cifra de&nbsp;<strong>inflaci\u00f3n de agosto<\/strong>, que trep\u00f3 al 12,4%, la medici\u00f3n m\u00e1s alta desde 1991; algo que tambi\u00e9n consideran que se ver\u00e1 reflejado en el dato del noveno mes del a\u00f1o.<\/p>\n\n\n\n<p>\u201cLa devaluaci\u00f3n impact\u00f3 de lleno en la inflaci\u00f3n de agosto, pero tambi\u00e9n&nbsp;<strong>dej\u00f3 un arrastre para septiembre<\/strong>, por lo que sus efectos se seguir\u00e1n sintiendo a pesar de una desaceleraci\u00f3n de la inflaci\u00f3n semanal hacia finales de mes. Por otro lado, septiembre vino acompa\u00f1ado de&nbsp;<strong>subas de precios regulados&nbsp;<\/strong>como colegios, combustibles y prepagas\u201d, detallaron en la consultora&nbsp;<em>LCG<\/em>.<\/p>\n\n\n\n<p>\u201cEn este contexto, de acuerdo con la inflaci\u00f3n declarada por la Secretar\u00eda de Pol\u00edtica Econ\u00f3mica, septiembre se sostendr\u00eda&nbsp;<strong>por encima de los dos d\u00edgitos mensuales<\/strong>. Nuestra estimaci\u00f3n la ubica cercana al&nbsp;<strong>12%<\/strong>&nbsp;mensual, consistente con un&nbsp;<strong>136% anual<\/strong>\u201d, precisaron.<\/p>\n\n\n\n<figure class=\"wp-block-image\"><img decoding=\"async\" src=\"https:\/\/tn.com.ar\/resizer\/i4zDG7Rx0qni8rpmx3n_0t_OgXw=\/767x0\/smart\/filters:format(webp)\/cloudfront-us-east-1.images.arcpublishing.com\/artear\/NZBGX6XIDNGSHFTXHVEMJVIKGE.jpg\" alt=\"La nueva lista de Precios Cuidados con 317 productos\"\/><figcaption class=\"wp-element-caption\">La nueva lista de Precios Cuidados con 317 productos<\/figcaption><\/figure>\n\n\n\n<p>Por su parte, el relevamiento de precios minoristas de<em>&nbsp;C&amp;T&nbsp;<\/em>mostr\u00f3 un&nbsp;<strong>incremento mensual de 11% en septiembre.<\/strong>&nbsp;\u201cLa fuerte variaci\u00f3n mensual estuvo muy influida por el arrastre que dej\u00f3 el aumento de precios generalizado que tuvo lugar en la segunda quincena de agosto\u201d, indicaron las estimaciones.<\/p>\n\n\n\n<p>\u201cEn el&nbsp;<strong>comportamiento semanal<\/strong>&nbsp;se detect\u00f3 una&nbsp;<strong>moderaci\u00f3n&nbsp;<\/strong>a lo largo del mes, reflejando que hubo un reacomodamiento puntual a la modificaci\u00f3n de los tipos de cambio\u201d, se\u00f1alaron en&nbsp;<em>C&amp;T<\/em>.<\/p>\n\n\n\n<h2>La inflaci\u00f3n en CABA fue de 12% en septiembre<\/h2>\n\n\n\n<p>La Direcci\u00f3n de Estad\u00edsticas y Censos de la Ciudad de Buenos Aires inform\u00f3 que<strong>\u00a0el\u00a0<\/strong><a rel=\"noreferrer noopener\" href=\"https:\/\/tn.com.ar\/economia\/2023\/10\/06\/la-inflacion-en-caba-fue-de-12-en-septiembre-y-marco-el-registro-mas-alto-en-11-anos\/\" target=\"_blank\"><strong>\u00cdndice de Precios al Consumidor fue de 12% en septiembre<\/strong>.<\/a>\u00a0El registro super\u00f3 el\u00a0<strong>de agosto<\/strong>,que hab\u00eda marcado 10,8%, y anota el<strong>\u00a0dato m\u00e1s alto en 11 a\u00f1os<\/strong>, cuando empez\u00f3 a relevar el dato el organismo porte\u00f1o.<\/p>\n\n\n\n<p>El dato de septiembre mostr\u00f3 una<strong>&nbsp;aceleraci\u00f3n de 1,2 puntos porcentuales contra agosto<\/strong>, que hab\u00eda sido de 10,8%. El alza de precios en la Ciudad respondi\u00f3 principalmente a los aumentos en los rubros: prendas de vestir; alimentos y bebidas no alcoh\u00f3licas, transporte, restaurantes que quedaron<strong>&nbsp;por encima del \u00edndice general<\/strong>.<\/p>\n\n\n\n<figure class=\"wp-block-image\"><img decoding=\"async\" src=\"https:\/\/tn.com.ar\/resizer\/GUMEXG_LOZF8q7mSbfPFifsdkXc=\/767x0\/smart\/filters:format(webp)\/cloudfront-us-east-1.images.arcpublishing.com\/artear\/KENQSPFF3FACLNHUQQPC4UIXAA.PNG\" alt=\"La inflaci\u00f3n de CABA fue del 12% en septiembre. (Foto: Direcci\u00f3n General de Estad\u00edstica y Censos porte\u00f1a)\"\/><figcaption class=\"wp-element-caption\">La inflaci\u00f3n de CABA fue del 12% en septiembre. (Foto: Direcci\u00f3n General de Estad\u00edstica y Censos porte\u00f1a)<\/figcaption><\/figure>\n\n\n\n<p>Esos rubros, junto con&nbsp;<strong>Restaurantes y hoteles, Salud y prendas de vestir<\/strong>, en conjunto,&nbsp;<strong>explicaron el 67,2% del alza<\/strong>&nbsp;del nivel general.<\/p>\n\n\n\n<p>El dato que dio a conocer este viernes la Direcci\u00f3n de Estad\u00edstica y Censos porte\u00f1a es el segundo \u00edndice consecutivo que da\u00a0<strong>por encima de los 2 d\u00edgitos<\/strong>,\u00a0<strong>tras la devaluaci\u00f3n<\/strong>\u00a0que dispuso el gobierno nacional el d\u00eda posterior a las PASO.<\/p>\n\n\n\n<p>Fuente: TN<\/p>\n","protected":false},"excerpt":{"rendered":"<div class=\"mh-excerpt\"><p>El Instituto Nacional de Estad\u00edstica y Censos&nbsp;(INDEC)&nbsp;dar\u00e1 a conocer este jueves el&nbsp;dato de la inflaci\u00f3n de septiembre.&nbsp;Se trata de la \u00faltima cifra del \u00cdndice de Precios al Consumidor que se difunda antes de las&nbsp;elecciones presidenciales&nbsp;y estiman que sea del 11%. Seg\u00fan las estimaciones privadas, se espera que la cifra alcance los dos d\u00edgitos\u00a0por segundo mes consecutivo\u00a0y supere el 11%; mientras que el\u00a0Relevamiento de Expectativas del Mercado (REM)\u00a0de agosto, de acuerdo al \u00faltimo informe disponible, los especialistas esperan que\u00a0promedie el 12%. El&nbsp;salto del 22% del d\u00f3lar oficial&nbsp;tras la devaluaci\u00f3n&nbsp;posterior a las PASO y su traslado a precios presion\u00f3 sobre la cifra <a class=\"mh-excerpt-more\" href=\"http:\/\/dsrmedios.com.ar\/diario\/archivos\/40423\" title=\"El Gobierno difunde la inflaci\u00f3n de septiembre y espera un dato de dos cifras antes de las elecciones\">[Leer m\u00e1s]<\/a><\/p>\n<\/div>","protected":false},"author":8,"featured_media":33099,"comment_status":"open","ping_status":"closed","sticky":false,"template":"","format":"standard","meta":{"_jetpack_newsletter_access":""},"categories":[6],"tags":[],"jetpack_featured_media_url":"http:\/\/dsrmedios.com.ar\/diario\/wp-content\/uploads\/2023\/05\/1010x567_supermercado-442769-181904.jpg","jetpack_sharing_enabled":true,"jetpack_shortlink":"https:\/\/wp.me\/p9fihK-avZ","_links":{"self":[{"href":"http:\/\/dsrmedios.com.ar\/diario\/wp-json\/wp\/v2\/posts\/40423"}],"collection":[{"href":"http:\/\/dsrmedios.com.ar\/diario\/wp-json\/wp\/v2\/posts"}],"about":[{"href":"http:\/\/dsrmedios.com.ar\/diario\/wp-json\/wp\/v2\/types\/post"}],"author":[{"embeddable":true,"href":"http:\/\/dsrmedios.com.ar\/diario\/wp-json\/wp\/v2\/users\/8"}],"replies":[{"embeddable":true,"href":"http:\/\/dsrmedios.com.ar\/diario\/wp-json\/wp\/v2\/comments?post=40423"}],"version-history":[{"count":1,"href":"http:\/\/dsrmedios.com.ar\/diario\/wp-json\/wp\/v2\/posts\/40423\/revisions"}],"predecessor-version":[{"id":40426,"href":"http:\/\/dsrmedios.com.ar\/diario\/wp-json\/wp\/v2\/posts\/40423\/revisions\/40426"}],"wp:featuredmedia":[{"embeddable":true,"href":"http:\/\/dsrmedios.com.ar\/diario\/wp-json\/wp\/v2\/media\/33099"}],"wp:attachment":[{"href":"http:\/\/dsrmedios.com.ar\/diario\/wp-json\/wp\/v2\/media?parent=40423"}],"wp:term":[{"taxonomy":"category","embeddable":true,"href":"http:\/\/dsrmedios.com.ar\/diario\/wp-json\/wp\/v2\/categories?post=40423"},{"taxonomy":"post_tag","embeddable":true,"href":"http:\/\/dsrmedios.com.ar\/diario\/wp-json\/wp\/v2\/tags?post=40423"}],"curies":[{"name":"wp","href":"https:\/\/api.w.org\/{rel}","templated":true}]}}