{"id":40419,"date":"2023-10-12T14:17:25","date_gmt":"2023-10-12T17:17:25","guid":{"rendered":"http:\/\/dsrmedios.com.ar\/diario\/?p=40419"},"modified":"2023-10-12T14:17:28","modified_gmt":"2023-10-12T17:17:28","slug":"el-banco-central-define-un-aumento-de-la-tasa-de-interes-que-paga-el-plazo-fijo","status":"publish","type":"post","link":"http:\/\/dsrmedios.com.ar\/diario\/archivos\/40419","title":{"rendered":"El Banco Central define un aumento de la tasa de inter\u00e9s que paga el plazo fijo"},"content":{"rendered":"\n<p>El&nbsp;<strong>Banco Central (BCRA) aumentar\u00e1 a la tasa<\/strong>&nbsp;de referencia y la que pagan los dep\u00f3sitos a&nbsp;<strong>plazo fijo<\/strong>. La reuni\u00f3n de directorio se produjo cuando faltan 10 d\u00edas para las elecciones generales, en medio de la creciente tensi\u00f3n cambiaria, con el<a href=\"https:\/\/tn.com.ar\/economia\/2023\/10\/12\/dolar-blue-y-dolar-hoy-todas-las-cotizaciones-de-este-jueves-12-de-octubre\/\" target=\"_blank\" rel=\"noreferrer noopener\"><strong>tensi\u00f3n por la subida del d\u00f3lar blue<\/strong>,<\/a>&nbsp;y acusaciones cruzadas entre el oficialismo y Javier Milei sobre la responsabilidad de la escalada.<\/p>\n\n\n\n<p>La\u00a0<strong>\u00faltima vez que elev\u00f3 ese rendimiento fue<\/strong>\u00a0el 14 de agosto,\u00a0<strong>luego de las PASO y la devaluaci\u00f3n<\/strong>\u00a0oficial. La llev\u00f3 a un nivel r\u00e9cord de<strong>\u00a0118% nominal\u00a0<\/strong>anual, lo que implica un rendimiento de<strong>\u00a09,7% efectiva mensual<\/strong>\u00a0en los dep\u00f3sitos con vencimiento a 30 d\u00edas.<\/p>\n\n\n\n<p>Pese a que a inflaci\u00f3n de agosto fue de 12,4%, la mayor en tres d\u00e9cadas, la autoridad monetaria que preside Miguel Pesce, mantuvo sin cambios la tasa de referencia. Pero desde fines de septiembre, como inform\u00f3&nbsp;<strong>TN<\/strong>,&nbsp;<a href=\"https:\/\/tn.com.ar\/economia\/2023\/10\/05\/efecto-elecciones-para-resguardarse-los-ahorristas-van-al-dolar-y-no-renuevan-los-plazos-fijos\/\" target=\"_blank\" rel=\"noreferrer noopener\">se par\u00f3 la renovaci\u00f3n de dep\u00f3sitos<\/a>: comenz\u00f3 a sentirse el efecto elecciones en las que los ahorristas desarman posiciones en pesos y buscan cubrirse en d\u00f3lares, lo que reforz\u00f3 las cotizaciones paralelas.<\/p>\n\n\n\n<h2>Plazo fijo: qu\u00e9 har\u00e1 el BCRA con las tasas en octubre<\/h2>\n\n\n\n<p>Seg\u00fan pudo saber&nbsp;<strong>TN<\/strong>, los directores del BCRA se inclinar\u00e1n esta vez por&nbsp;<strong>incrementar la tasa de los&nbsp;<\/strong><a href=\"https:\/\/tn.com.ar\/economia\/2023\/09\/07\/plazo-fijo-cuanto-se-puede-obtener-al-depositar-330000-a-30-dias\/\"><strong>plazos fijos<\/strong><\/a><strong>.<\/strong><\/p>\n\n\n\n<p>El Gobierno tiene el compromiso con el FMI de mantener las tasas positivas ante el organismo, pero suele administrar cada punto de tasa que sube porque&nbsp;<strong>encarece su propia deuda, aumenta la emisi\u00f3n<\/strong>&nbsp;monetaria y&nbsp;<strong>puede derivar en una recesi\u00f3n<\/strong>&nbsp;de la econom\u00eda.<\/p>\n\n\n\n<p>En esta oportunidad, al dato de&nbsp;<strong>inflaci\u00f3n del INDEC&nbsp;<\/strong>que superar\u00e1 en<a href=\"https:\/\/tn.com.ar\/economia\/2023\/10\/12\/el-indec-difunde-la-inflacion-de-septiembre-estiman-que-superara-los-dos-digitos-por-segundo-mes-consecutivo\/\" target=\"_blank\" rel=\"noreferrer noopener\">&nbsp;septiembre y por<strong>&nbsp;segundo mes consecutivo<\/strong><\/a><strong>&nbsp;los dos d\u00edgitos<\/strong>, como estiman las consultoras privadas<strong>, se le sum\u00f3 el \u201cruido pol\u00edtico\u201d,<\/strong>&nbsp;con Javier Milei recomendando salir de los pesos y ratificando su plan de dolarizaci\u00f3n y cierre del Banco Central, que deriv\u00f3 en&nbsp;<strong>la escalada del d\u00f3lar blue<\/strong>.<\/p>\n\n\n\n<p>La situaci\u00f3n llev\u00f3 al equipo econ\u00f3mico a analizar&nbsp;<a href=\"https:\/\/tn.com.ar\/economia\/2023\/10\/10\/con-el-dolar-blue-arriba-de-1000-el-banco-central-analiza-si-sube-la-tasa-de-interes\/\" target=\"_blank\" rel=\"noreferrer noopener\">una suba de las tasas que permita evitar un desarme generalizado de los dep\u00f3sitos a plazo y&nbsp;<strong>quitarle algo de demanda al d\u00f3lar blue<\/strong>&nbsp;<\/a>y que su cotizaci\u00f3n vuelva a moverse m\u00e1s cerca de los financieros (el MEP y el CCL), algo que era lo m\u00e1s habitual y que hoy est\u00e1 intervenidos en distinto grado.<\/p>\n\n\n\n<p>En voz baja, algunos directores&nbsp;<strong>alertaron que<\/strong>&nbsp;<strong>subir ahora la tasa ser\u00eda inconveniente, porque puede exacerbar la incertidumbre<\/strong>&nbsp;y acelerar el desarme de dep\u00f3sitos y la tensi\u00f3n, en la recta final hacia las elecciones.<\/p>\n\n\n\n<h2>Cu\u00e1ntas veces subi\u00f3 las tasas el Banco Central en lo que va de 2023<\/h2>\n\n\n\n<p>En marzo, el<strong>&nbsp;Banco Central&nbsp;<\/strong>subi\u00f3 por primera vez desde septiembre de 2022, la tasa de inter\u00e9s para los<strong>&nbsp;plazos fijos<\/strong>&nbsp;tradicionales al&nbsp;<strong>78%<\/strong>&nbsp;nominal.<\/p>\n\n\n\n<p>Un mes despu\u00e9s, el 17 de abril, volvi\u00f3 a actualizarla por segunda vez en el a\u00f1o. En ese entonces, la tasa de pol\u00edtica monetaria ascendi\u00f3 300 puntos b\u00e1sicos. El retorno de referencia para las Leliq y los plazos fijos minoritas pas\u00f3 de 78% a&nbsp;<strong>81%<\/strong>.<\/p>\n\n\n\n<p>Diez d\u00edas despu\u00e9s, el 27 de abril, el BCRA llev\u00f3 las tasas nominal anual (<strong>TNA<\/strong>) al 91%, un&nbsp;<strong>incremento<\/strong>&nbsp;de&nbsp;<strong>10<\/strong>&nbsp;<strong>puntos<\/strong>&nbsp;porcentuales y para amplificar el efecto de la suba de tasas, el organismo&nbsp;<strong>aument\u00f3 a $30 millones<\/strong>&nbsp;el monto m\u00e1ximo hasta el cual los plazos fijos tienen&nbsp;<strong>tasa regulada<\/strong>.<\/p>\n\n\n\n<p>En\u00a0<strong>mayo<\/strong>, con tal solo d\u00edas de diferencia y e<\/p>\n\n\n\n<p>n medio de un fuerte salto cambiario, el equipo econ\u00f3mico decidi\u00f3 volver a incrementarla y llev\u00f3 el rendimiento de las colocaciones tradicionales al\u00a0<strong>97%<\/strong>.<\/p>\n\n\n\n<p>La quinta y, hasta el momento, \u00faltima<strong>\u00a0suba de tasas\u00a0<\/strong>se dio luego de la\u00a0<strong>devaluaci\u00f3n<\/strong>\u00a0del 22,45% del 14 de agosto, cuando el directorio del BCRA opt\u00f3 por subir otros<strong>\u00a021 puntos\u00a0<\/strong>llev\u00e1ndola al<strong>\u00a0118% nominal\u00a0<\/strong>\u201cen l\u00ednea con la recalibraci\u00f3n del nivel del tipo de cambio oficial\u201d que se fij\u00f3 en $350 hasta finales de octubre.<\/p>\n\n\n\n<p>fuente: tn<\/p>\n","protected":false},"excerpt":{"rendered":"<div class=\"mh-excerpt\"><p>El&nbsp;Banco Central (BCRA) aumentar\u00e1 a la tasa&nbsp;de referencia y la que pagan los dep\u00f3sitos a&nbsp;plazo fijo. La reuni\u00f3n de directorio se produjo cuando faltan 10 d\u00edas para las elecciones generales, en medio de la creciente tensi\u00f3n cambiaria, con eltensi\u00f3n por la subida del d\u00f3lar blue,&nbsp;y acusaciones cruzadas entre el oficialismo y Javier Milei sobre la responsabilidad de la escalada. La\u00a0\u00faltima vez que elev\u00f3 ese rendimiento fue\u00a0el 14 de agosto,\u00a0luego de las PASO y la devaluaci\u00f3n\u00a0oficial. La llev\u00f3 a un nivel r\u00e9cord de\u00a0118% nominal\u00a0anual, lo que implica un rendimiento de\u00a09,7% efectiva mensual\u00a0en los dep\u00f3sitos con vencimiento a 30 d\u00edas. Pese a <a class=\"mh-excerpt-more\" href=\"http:\/\/dsrmedios.com.ar\/diario\/archivos\/40419\" title=\"El Banco Central define un aumento de la tasa de inter\u00e9s que paga el plazo fijo\">[Leer m\u00e1s]<\/a><\/p>\n<\/div>","protected":false},"author":8,"featured_media":35036,"comment_status":"open","ping_status":"closed","sticky":false,"template":"","format":"standard","meta":{"_jetpack_newsletter_access":""},"categories":[6],"tags":[],"jetpack_featured_media_url":"http:\/\/dsrmedios.com.ar\/diario\/wp-content\/uploads\/2023\/06\/banco-central-a-1024x585-1.jpg","jetpack_sharing_enabled":true,"jetpack_shortlink":"https:\/\/wp.me\/p9fihK-avV","_links":{"self":[{"href":"http:\/\/dsrmedios.com.ar\/diario\/wp-json\/wp\/v2\/posts\/40419"}],"collection":[{"href":"http:\/\/dsrmedios.com.ar\/diario\/wp-json\/wp\/v2\/posts"}],"about":[{"href":"http:\/\/dsrmedios.com.ar\/diario\/wp-json\/wp\/v2\/types\/post"}],"author":[{"embeddable":true,"href":"http:\/\/dsrmedios.com.ar\/diario\/wp-json\/wp\/v2\/users\/8"}],"replies":[{"embeddable":true,"href":"http:\/\/dsrmedios.com.ar\/diario\/wp-json\/wp\/v2\/comments?post=40419"}],"version-history":[{"count":1,"href":"http:\/\/dsrmedios.com.ar\/diario\/wp-json\/wp\/v2\/posts\/40419\/revisions"}],"predecessor-version":[{"id":40424,"href":"http:\/\/dsrmedios.com.ar\/diario\/wp-json\/wp\/v2\/posts\/40419\/revisions\/40424"}],"wp:featuredmedia":[{"embeddable":true,"href":"http:\/\/dsrmedios.com.ar\/diario\/wp-json\/wp\/v2\/media\/35036"}],"wp:attachment":[{"href":"http:\/\/dsrmedios.com.ar\/diario\/wp-json\/wp\/v2\/media?parent=40419"}],"wp:term":[{"taxonomy":"category","embeddable":true,"href":"http:\/\/dsrmedios.com.ar\/diario\/wp-json\/wp\/v2\/categories?post=40419"},{"taxonomy":"post_tag","embeddable":true,"href":"http:\/\/dsrmedios.com.ar\/diario\/wp-json\/wp\/v2\/tags?post=40419"}],"curies":[{"name":"wp","href":"https:\/\/api.w.org\/{rel}","templated":true}]}}