{"id":40418,"date":"2023-10-12T14:14:42","date_gmt":"2023-10-12T17:14:42","guid":{"rendered":"http:\/\/dsrmedios.com.ar\/diario\/?p=40418"},"modified":"2023-10-12T14:15:30","modified_gmt":"2023-10-12T17:15:30","slug":"un-exjugador-de-brasil-dijo-que-la-libertadores-ya-tiene-ganador-y-lanzo-una-frase-que-enfurecio-a-todo-boca","status":"publish","type":"post","link":"http:\/\/dsrmedios.com.ar\/diario\/archivos\/40418","title":{"rendered":"Un exjugador de Brasil dijo que la Libertadores ya tiene ganador y lanz\u00f3 una frase que enfureci\u00f3 a todo Boca"},"content":{"rendered":"\n<p>Aunque todav\u00eda falta para el 4 de noviembre, en\u00a0<a rel=\"noreferrer noopener\" href=\"https:\/\/tn.com.ar\/deportes\/futbol\/2023\/10\/12\/un-historico-de-boca-estallo-de-risa-cuando-le-preguntaron-por-demichelis-y-hablo-de-superclasicos-viciados\/\" target=\"_blank\"><strong>Boca<\/strong>\u00a0<\/a>no paran de pensar en lo que se viene y est\u00e1n obsesionados con\u00a0<strong>levantar la s\u00e9ptima Copa Libertadores<\/strong>\u00a0de su historia cuando enfrenten a\u00a0<a rel=\"noreferrer noopener\" href=\"https:\/\/tn.com.ar\/deportes\/futbol\/2023\/10\/11\/la-conmebol-hizo-una-aclaracion-sobre-las-entradas-de-la-final-de-la-copa-libertadores-entre-boca-y-fluminense\/\" target=\"_blank\"><strong>Fluminense en el Maracan\u00e1<\/strong><\/a>. Saben que est\u00e1n ante la gran oportunidad que esperaron durante tanto tiempo.<\/p>\n\n\n\n<p>Pero, claro, tambi\u00e9n entienden que ser\u00e1 todo un desaf\u00edo. Fluminense es un equipo que lastima en ataque y que conoce al detalle el Maracan\u00e1, por lo que ser\u00e1 una final de alto voltaje. En Brasil, de hecho, algunos consideran que&nbsp;<strong>el local es el gran favorito&nbsp;<\/strong>a quedarse con el certamen m\u00e1s importante del continente.<\/p>\n\n\n\n<h2>Luis Fabiano: \u201cVa a ganar Fluminense\u201d<\/h2>\n\n\n\n<p>Ese es el caso del exfutbolista de la selecci\u00f3n de Brasil&nbsp;<strong>Luis Fabiano<\/strong>, campe\u00f3n de Am\u00e9rica con la Verdeamarela. \u201cCreo que esta vez no se le va a escapar el t\u00edtulo en el Maracan\u00e1.&nbsp;<strong>Fluminense juega mucho mejor que Boca<\/strong>. Palmeiras ya merec\u00eda eliminarlo, en mi opini\u00f3n\u201d, afirm\u00f3<\/p>\n\n\n\n<figure class=\"wp-block-image\"><img decoding=\"async\" src=\"https:\/\/tn.com.ar\/resizer\/VXwMO7-qToqzYekJIni_ahEP0yo=\/767x0\/smart\/filters:format(webp)\/thumbs.vodgc.net\/1-14-KXcGQl1697123488663_1080P.jpg\" alt=\"Video Placeholder\"\/><\/figure>\n\n\n\n<p>Luis Fabiano ni siquiera tiene dudas:<strong>&nbsp;\u201cFluminense en el Maracan\u00e1, como hablamos con el maestro Silas, va a ganar. Boca no lo va a poder aguantar\u201d<\/strong>.<\/p>\n\n\n\n<h2>La Conmebol hizo una aclaraci\u00f3n sobre las entradas de la final de la Copa Libertadores entre Boca y Fluminense<\/h2>\n\n\n\n<p>La expectativa por la final de la Copa Libertadores entre&nbsp;<a href=\"https:\/\/tn.com.ar\/deportes\/futbol\/2023\/10\/11\/scaloni-defendio-a-boca-lo-comparo-con-la-seleccion-en-el-mundial-y-dijo-que-quiere-que-gane-la-copa\/\"><strong>Boca&nbsp;<\/strong><\/a>y&nbsp;<strong>Fluminense<\/strong>&nbsp;es enorme. Los hinchas de ambos equipos quieren estar como sea&nbsp;<strong>el pr\u00f3ximo 4 de noviembre en el Maracan\u00e1<\/strong>&nbsp;y est\u00e1n dispuestos a hacer cualquier locura para conseguir un ticket.&nbsp;<a href=\"https:\/\/tn.com.ar\/deportes\/futbol\/2023\/10\/10\/se-agotaron-las-entradas-generales-para-la-final-de-la-copa-libertadores-entre-boca-y-fluminense\/\">Las entradas para el p\u00fablico general ya se agotaron&nbsp;<\/a>y<strong>&nbsp;la Conmebol tuvo que hacer una aclaraci\u00f3n para llevar tranquilidad a los fan\u00e1ticos<\/strong>.<\/p>\n\n\n\n<p>En este tipo de eventos, la demanda es muy grande y no hay estadio que aguante la cantidad de personas que quieren estar presentes. Las primeras entradas que se pusieron a la venta fueron para el p\u00fablico neutral, en las categor\u00edas 1 y 2, que ocupar\u00e1 las tribunas laterales del Maracan\u00e1.&nbsp;<strong>Las cabeceras se vender\u00e1n a trav\u00e9s de los clubes.<\/strong><\/p>\n\n\n\n<figure class=\"wp-block-image\"><img decoding=\"async\" src=\"https:\/\/tn.com.ar\/resizer\/HJQMODUd_pzsFULefetwVN_JhdU=\/767x0\/smart\/filters:format(webp)\/cloudfront-us-east-1.images.arcpublishing.com\/artear\/I5GUI2BJNNDUFKEYF53H7SW64A.jpg\" alt=\"Los hinchas de Boca est\u00e1n atentos a la venta de entradas de la final de la Copa Libertadores. (Foto: AFP)\"\/><figcaption class=\"wp-element-caption\">Los hinchas de Boca est\u00e1n atentos a la venta de entradas de la final de la Copa Libertadores. (Foto: AFP)<\/figcaption><\/figure>\n\n\n\n<p>En este marco, desde la Conmebol tuvieron que aclarar un tema que estaba generando un gran revuelo. A trav\u00e9s de un comunicado oficial, la casa madre del f\u00fatbol sudamericano<strong>&nbsp;explic\u00f3 c\u00f3mo ser\u00e1 la venta de palcos para este encuentro<\/strong>.<\/p>\n\n\n\n<p>\u201cLos camarotes (palcos) situados en el estadio Maracan\u00e1,&nbsp;<strong>no forman parte del inventario de ventas de la CONMEBOL<\/strong>, y por tanto son de responsabilidad exclusiva de la Concesionaria del Estadio, quien define los valores por asiento en cada camarote y tambi\u00e9n los servicios incluidos en la venta para el espectador.&nbsp;<strong>CONMEBOL en ning\u00fan caso es responsable por la venta de dichas entradas<\/strong>, ni por los servicios comprometidos en ellas\u201d, afirmaron.<\/p>\n\n\n\n<h2>La final de la Copa Libertadores: c\u00f3mo ser\u00e1 la venta para los hinchas de Boca y Fluminense<\/h2>\n\n\n\n<p>Adem\u00e1s, brindaron una informaci\u00f3n m\u00e1s que importante sobre la venta de entradas para los hinchas de Boca y Fluminense. Si bien&nbsp;<strong>no dieron precisiones sobre fechas<\/strong>, se desligaron completamente de los m\u00e9todos y criterios que use cada equipo para la correspondiente venta.<\/p>\n\n\n\n<p>\u201c<strong>En los pr\u00f3ximos d\u00edas, los clubes finalistas realizar\u00e1n la venta de entradas para la Categor\u00eda 3<\/strong>&nbsp;con un costo de USD 50\/R$ 260,00, en el sector dedicado exclusivamente para los hinchas pertenecientes a Boca Juniors y Fluminense.&nbsp;<strong>El proceso de venta, distribuci\u00f3n son responsabilidad exclusiva de cada club<\/strong>, no teniendo la CONMEBOL injerencia alguna en el proceso de venta\u201d, escribieron.<\/p>\n\n\n\n<p>De esta manera, los hinchas de Boca deber\u00e1n estar atentos a las novedades que surjan para adquirir sus tickets. Por el momento, desde el Xeneize no dieron informaci\u00f3n oficial.<\/p>\n\n\n\n<p>FUENTE: TN<\/p>\n","protected":false},"excerpt":{"rendered":"<div class=\"mh-excerpt\"><p>Aunque todav\u00eda falta para el 4 de noviembre, en\u00a0Boca\u00a0no paran de pensar en lo que se viene y est\u00e1n obsesionados con\u00a0levantar la s\u00e9ptima Copa Libertadores\u00a0de su historia cuando enfrenten a\u00a0Fluminense en el Maracan\u00e1. Saben que est\u00e1n ante la gran oportunidad que esperaron durante tanto tiempo. Pero, claro, tambi\u00e9n entienden que ser\u00e1 todo un desaf\u00edo. Fluminense es un equipo que lastima en ataque y que conoce al detalle el Maracan\u00e1, por lo que ser\u00e1 una final de alto voltaje. En Brasil, de hecho, algunos consideran que&nbsp;el local es el gran favorito&nbsp;a quedarse con el certamen m\u00e1s importante del continente. Luis Fabiano: <a class=\"mh-excerpt-more\" href=\"http:\/\/dsrmedios.com.ar\/diario\/archivos\/40418\" title=\"Un exjugador de Brasil dijo que la Libertadores ya tiene ganador y lanz\u00f3 una frase que enfureci\u00f3 a todo Boca\">[Leer m\u00e1s]<\/a><\/p>\n<\/div>","protected":false},"author":8,"featured_media":40420,"comment_status":"open","ping_status":"closed","sticky":false,"template":"","format":"standard","meta":{"_jetpack_newsletter_access":""},"categories":[2],"tags":[],"jetpack_featured_media_url":"http:\/\/dsrmedios.com.ar\/diario\/wp-content\/uploads\/2023\/10\/descarga-35.jpeg","jetpack_sharing_enabled":true,"jetpack_shortlink":"https:\/\/wp.me\/p9fihK-avU","_links":{"self":[{"href":"http:\/\/dsrmedios.com.ar\/diario\/wp-json\/wp\/v2\/posts\/40418"}],"collection":[{"href":"http:\/\/dsrmedios.com.ar\/diario\/wp-json\/wp\/v2\/posts"}],"about":[{"href":"http:\/\/dsrmedios.com.ar\/diario\/wp-json\/wp\/v2\/types\/post"}],"author":[{"embeddable":true,"href":"http:\/\/dsrmedios.com.ar\/diario\/wp-json\/wp\/v2\/users\/8"}],"replies":[{"embeddable":true,"href":"http:\/\/dsrmedios.com.ar\/diario\/wp-json\/wp\/v2\/comments?post=40418"}],"version-history":[{"count":1,"href":"http:\/\/dsrmedios.com.ar\/diario\/wp-json\/wp\/v2\/posts\/40418\/revisions"}],"predecessor-version":[{"id":40421,"href":"http:\/\/dsrmedios.com.ar\/diario\/wp-json\/wp\/v2\/posts\/40418\/revisions\/40421"}],"wp:featuredmedia":[{"embeddable":true,"href":"http:\/\/dsrmedios.com.ar\/diario\/wp-json\/wp\/v2\/media\/40420"}],"wp:attachment":[{"href":"http:\/\/dsrmedios.com.ar\/diario\/wp-json\/wp\/v2\/media?parent=40418"}],"wp:term":[{"taxonomy":"category","embeddable":true,"href":"http:\/\/dsrmedios.com.ar\/diario\/wp-json\/wp\/v2\/categories?post=40418"},{"taxonomy":"post_tag","embeddable":true,"href":"http:\/\/dsrmedios.com.ar\/diario\/wp-json\/wp\/v2\/tags?post=40418"}],"curies":[{"name":"wp","href":"https:\/\/api.w.org\/{rel}","templated":true}]}}