{"id":40413,"date":"2023-10-12T13:53:56","date_gmt":"2023-10-12T16:53:56","guid":{"rendered":"http:\/\/dsrmedios.com.ar\/diario\/?p=40413"},"modified":"2023-10-12T13:53:58","modified_gmt":"2023-10-12T16:53:58","slug":"javier-milei-pidio-que-se-cierre-la-denuncia-que-le-inicio-alberto-fernandez-por-la-suba-del-dolar","status":"publish","type":"post","link":"http:\/\/dsrmedios.com.ar\/diario\/archivos\/40413","title":{"rendered":"Javier Milei pidi\u00f3 que se cierre la denuncia que le inici\u00f3 Alberto Fern\u00e1ndez por la suba del d\u00f3lar"},"content":{"rendered":"\n<p>El candidato presidencial\u00a0<strong>Javier Milei<\/strong>\u00a0pidi\u00f3 hoy su sobreseimiento\u00a0<strong>\u201cpor inexistencia de delito\u201d<\/strong>\u00a0en<a rel=\"noreferrer noopener\" href=\"https:\/\/www.infobae.com\/judiciales\/2023\/10\/11\/alberto-fernandez-denuncio-a-milei-y-a-marra-por-la-suba-del-dolar-a-mas-de-mil-pesos\/\" target=\"_blank\">\u00a0la denuncia que ayer present\u00f3 el jefe de Estado,\u00a0<strong>Alberto Fern\u00e1ndez<\/strong><\/a>, por el delito de intimidaci\u00f3n p\u00fablica a ra\u00edz de sus manifestaciones en contra del peso, algo que, a su criterio, gener\u00f3 que el d\u00f3lar aumente en un d\u00eda de 870 pesos a 1.010.<a rel=\"noreferrer noopener\" href=\"https:\/\/www.infobae.com\/judiciales\/2023\/06\/22\/multas-de-transito-declararon-inconstitucional-el-plazo-de-prescripcion-de-5-anos-en-la-ciudad-de-buenos-aires\/\" target=\"_blank\"><\/a><\/p>\n\n\n\n<p>\u201cNuestro asistido profiri\u00f3 sus afirmaciones en ejercicio de la m\u00e1s b\u00e1sica libertad de expresi\u00f3n, y sin ninguna intencionalidad ni pol\u00edtica ni electoral, pues, en esencia, es lo que viene afirmando desde sus primeras apariciones p\u00fablicas, aun de haberlo hecho con alguna intencionalidad, el sentido com\u00fan indica que la \u00fanica posible es la de favorecer su caudal de votos, y tal intencionalidad impide tener por configurados los delitos denunciados, por lo cual la falta de acci\u00f3n aparece procedente\u201d, se\u00f1alaron los abogados sobre el candidato de La Libertad Avanza en su presentaci\u00f3n de 12 p\u00e1ginas a la que accedi\u00f3 este medio.<\/p>\n\n\n\n<p><strong>\u201cJam\u00e1s en pesos, jam\u00e1s en pesos. El peso es la moneda que emite el pol\u00edtico argentino, por ende no puede valer ni excremento, porque esas basuras no sirven ni para abono\u201d,<\/strong>\u00a0dijo Milei en una entrevista con\u00a0<em>radio Mitre<\/em>.<a rel=\"noreferrer noopener\" href=\"https:\/\/www.infobae.com\/politica\/2023\/10\/12\/javier-milei-minimiza-las-denuncias-en-su-contra-y-las-toma-de-impulso-para-instalar-que-gana-en-primera-vuelta\/\" target=\"_blank\">\u00a0La frase fue lo que llev\u00f3 a Fern\u00e1ndez a denunciar al candidato por intimidaci\u00f3n p\u00fablica<\/a>. Tambi\u00e9n denunci\u00f3 a al candidato a jefe de gobierno de la ciudad de Buenos Aires,\u00a0<strong>Ramiro Marra,\u00a0<\/strong>y al candidato a diputado provincial por la provincia de Buenos Aires,\u00a0<strong>Agust\u00edn Romo,\u00a0<\/strong>porque en sus cuentas de la red social Twitter se pronunciaron en el mismo sentido.<\/p>\n\n\n\n<p>Para el Presidente,&nbsp;<strong>\u201c<\/strong>la poblaci\u00f3n se atemoriz\u00f3 respecto de la real posibilidad de que nuestra moneda, el peso, no mantenga su valor y contin\u00fae siendo el signo monetario del pa\u00eds\u201d.<\/p>\n\n\n\n<p>Los abogados de Milei plantearon que los dichos del candidato no cumplen con los requisitos legales para configurar el delito de intimidaci\u00f3n p\u00fablica y que por eso no hay un hecho a investigar y la causa deber ser cerrada. \u201cSe trata de un delito doloso que por su estructura solamente admite el dolo directo. El autor debe haber conocido la idoneidad del medio elegido para alarmar y haber querido la provocaci\u00f3n de la intranquilidad como que esta fuese p\u00fablica\u201d, explicaron.<\/p>\n\n\n\n<p>La presentaci\u00f3n judicial tambi\u00e9n critica pol\u00edticamente a Fern\u00e1ndez. Dice que el Presidente sali\u00f3&nbsp;<strong>\u201cde su letargo y que gracias a esta denuncia sabemos que a\u00fan sigue ah\u00ed\u201d<\/strong>. \u201cClaramente, el Presidente de La Naci\u00f3n ya nos tiene acostumbrados a afirmaciones con las que busca desentenderse de su responsabilidad institucional. As\u00ed no es posible olvidar que al momento de ser intimado p\u00fablicamente para que de precisiones acerca de porque motivo hab\u00eda hecho una fiesta de cumplea\u00f1os durante las restricciones de pandemia por el mismo decretadas, la culpa en aquella ocasi\u00f3n fue de \u00b4su querida Fabiola\u00b4\u201d, agregaron.<\/p>\n\n\n\n<p><img decoding=\"async\" loading=\"lazy\" alt=\"Milei tambi\u00e9n pidi\u00f3 el archivo de la denuncia de Bullrich (T\u00e9lam)\" height=\"1080\" width=\"1920\" src=\"https:\/\/www.infobae.com\/new-resizer\/umtGukzKCIpeWJv4U0YmggH3nIA=\/arc-anglerfish-arc2-prod-infobae\/public\/GISYJINHRRATRIUQQ5FZ7PYT2Q.jpg\" srcset=\"https:\/\/www.infobae.com\/new-resizer\/ck5Yozm3PvDxlDwi0l9pe52A49Q=\/420x236\/filters:format(webp):quality(85)\/cloudfront-us-east-1.images.arcpublishing.com\/infobae\/GISYJINHRRATRIUQQ5FZ7PYT2Q.jpg 420w,https:\/\/www.infobae.com\/new-resizer\/Tk1M6gCqxl5aSNEZOaHlVgLSd7g=\/768x432\/filters:format(webp):quality(85)\/cloudfront-us-east-1.images.arcpublishing.com\/infobae\/GISYJINHRRATRIUQQ5FZ7PYT2Q.jpg 768w,https:\/\/www.infobae.com\/new-resizer\/dOFqIzK-DmWFQhQhUCbyHP0PyHI=\/992x558\/filters:format(webp):quality(85)\/cloudfront-us-east-1.images.arcpublishing.com\/infobae\/GISYJINHRRATRIUQQ5FZ7PYT2Q.jpg 992w,https:\/\/www.infobae.com\/new-resizer\/TafWaRD10gMih1mccB1rScz4jN8=\/1200x675\/filters:format(webp):quality(85)\/cloudfront-us-east-1.images.arcpublishing.com\/infobae\/GISYJINHRRATRIUQQ5FZ7PYT2Q.jpg 1200w,https:\/\/www.infobae.com\/new-resizer\/R3CWGzInQMhX9Ci8_-5d8h1eVIo=\/1440x810\/filters:format(webp):quality(85)\/cloudfront-us-east-1.images.arcpublishing.com\/infobae\/GISYJINHRRATRIUQQ5FZ7PYT2Q.jpg 1440w\">Milei tambi\u00e9n pidi\u00f3 el archivo de la denuncia de Bullrich (T\u00e9lam)<\/p>\n\n\n\n<p>Tambi\u00e9n se pronunciaron en<a rel=\"noreferrer noopener\" href=\"https:\/\/www.infobae.com\/politica\/2023\/10\/11\/javier-milei-le-respondio-a-alberto-fernandez-esta-intentando-proscribir-a-la-fuerza-politica-mas-votada\/\" target=\"_blank\">&nbsp;la misma l\u00ednea que lo hizo ayer Milei en una conferencia de prensa para responder a la denuncia<\/a>. \u201cClaramente, de haber existido un peligro, creado por los dichos de nuestro prohijado, lo cierto es que tal peligro no es la consecuencia directa de dicha conducta, sino la consecuencia directa de que, el Presidente, parad\u00f3jico denunciante en esta causa, asumi\u00f3 en 2019 con un d\u00f3lar de $ 100, y hoy cuatro a\u00f1os despu\u00e9s, se encuentra en ejercicio con un d\u00f3lar de $ 1000. Es decir, la gesti\u00f3n de Alberto Fern\u00e1ndez, por s\u00ed sola, sin necesidad de ayudas ex\u00f3genas, aument\u00f3 ni m\u00e1s ni menos que 10 veces el precio del d\u00f3lar\u201d, se\u00f1ala la denuncia que ingres\u00f3 hoy a Comodoro Py y en la que se responsabiliza de la inflaci\u00f3n d\u00e9ficit fiscal y a la descontrolada emisi\u00f3n monetaria.<\/p>\n\n\n\n<p>Los abogados tambi\u00e9n pidieron el cierre de la denuncia que hizo la abogada&nbsp;<strong>Valeria Carreras&nbsp;<\/strong>que lo denunci\u00f3 a Milei por delitos financieros. \u201cNo se desprende que nuestro prohijado haya realizado transacci\u00f3n u operaci\u00f3n alguna, y simplemente se le atribuye la exteriorizaci\u00f3n de manifestaciones que, seg\u00fan el particular punto de vista de la denunciante, tienen entidad suficiente para afectar la cotizaci\u00f3n de la divisa norteamericana\u201d, se\u00f1al\u00f3 la defensa. Esa presentaci\u00f3n fue hecha ante el juez federal&nbsp;<strong>Juli\u00e1n Ercolini<\/strong>.<\/p>\n\n\n\n<p>En otra presentaci\u00f3n, la defensa tambi\u00e9n pidi\u00f3 el cierre de la denuncia que&nbsp;<strong>Patricia Bullrich,<\/strong>&nbsp;contendiente de Milei en las elecciones presidenciales del 22 de octubre, present\u00f3 por intimidaci\u00f3n p\u00fablica e incitaci\u00f3n al odio.&nbsp;<strong>\u201cElla, digamos, era era una montonera tira bombas, o sea, digamos, ha puesto bombas en jardines de infantes, eh digamos, participaba, era parte de una de una organizaci\u00f3n terrorista\u201d<\/strong>, hab\u00eda dicho Milei en el programa \u201cLa Cruel Vedad\u201d de A24. Bullrich neg\u00f3 las acusaciones y lo denunci\u00f3 penalmente y tambi\u00e9n le inici\u00f3 una querella por calumnias e injurias.<\/p>\n\n\n\n<p>Los abogados de Milei se\u00f1alaron en la presentaci\u00f3n ante el juzgado federal 9 de Comodoro Py, a cargo hoy de\u00a0<strong>Mar\u00eda Eugenia Capuchetti\u00a0<\/strong>como jueza subrogante, que esos delitos requieren que se concrete el fin que se busca. \u201cEl Sr. Milei con sus expresiones nada de esto hizo, y la prueba m\u00e1s evidente es que luego de transcurrido ciertos d\u00edas, no se materializ\u00f3 ning\u00fan acto de persecuci\u00f3n u odio contra la denunciante\u201d, plantearon para pedir el cierre de la denuncia.<\/p>\n\n\n\n<p>Fuente: Infobae<\/p>\n","protected":false},"excerpt":{"rendered":"<div class=\"mh-excerpt\"><p>El candidato presidencial\u00a0Javier Milei\u00a0pidi\u00f3 hoy su sobreseimiento\u00a0\u201cpor inexistencia de delito\u201d\u00a0en\u00a0la denuncia que ayer present\u00f3 el jefe de Estado,\u00a0Alberto Fern\u00e1ndez, por el delito de intimidaci\u00f3n p\u00fablica a ra\u00edz de sus manifestaciones en contra del peso, algo que, a su criterio, gener\u00f3 que el d\u00f3lar aumente en un d\u00eda de 870 pesos a 1.010. \u201cNuestro asistido profiri\u00f3 sus afirmaciones en ejercicio de la m\u00e1s b\u00e1sica libertad de expresi\u00f3n, y sin ninguna intencionalidad ni pol\u00edtica ni electoral, pues, en esencia, es lo que viene afirmando desde sus primeras apariciones p\u00fablicas, aun de haberlo hecho con alguna intencionalidad, el sentido com\u00fan indica que la <a class=\"mh-excerpt-more\" href=\"http:\/\/dsrmedios.com.ar\/diario\/archivos\/40413\" title=\"Javier Milei pidi\u00f3 que se cierre la denuncia que le inici\u00f3 Alberto Fern\u00e1ndez por la suba del d\u00f3lar\">[Leer m\u00e1s]<\/a><\/p>\n<\/div>","protected":false},"author":8,"featured_media":32063,"comment_status":"open","ping_status":"closed","sticky":false,"template":"","format":"standard","meta":{"_jetpack_newsletter_access":""},"categories":[6],"tags":[],"jetpack_featured_media_url":"http:\/\/dsrmedios.com.ar\/diario\/wp-content\/uploads\/2023\/04\/javier-mileijpg-1.jpg","jetpack_sharing_enabled":true,"jetpack_shortlink":"https:\/\/wp.me\/p9fihK-avP","_links":{"self":[{"href":"http:\/\/dsrmedios.com.ar\/diario\/wp-json\/wp\/v2\/posts\/40413"}],"collection":[{"href":"http:\/\/dsrmedios.com.ar\/diario\/wp-json\/wp\/v2\/posts"}],"about":[{"href":"http:\/\/dsrmedios.com.ar\/diario\/wp-json\/wp\/v2\/types\/post"}],"author":[{"embeddable":true,"href":"http:\/\/dsrmedios.com.ar\/diario\/wp-json\/wp\/v2\/users\/8"}],"replies":[{"embeddable":true,"href":"http:\/\/dsrmedios.com.ar\/diario\/wp-json\/wp\/v2\/comments?post=40413"}],"version-history":[{"count":1,"href":"http:\/\/dsrmedios.com.ar\/diario\/wp-json\/wp\/v2\/posts\/40413\/revisions"}],"predecessor-version":[{"id":40414,"href":"http:\/\/dsrmedios.com.ar\/diario\/wp-json\/wp\/v2\/posts\/40413\/revisions\/40414"}],"wp:featuredmedia":[{"embeddable":true,"href":"http:\/\/dsrmedios.com.ar\/diario\/wp-json\/wp\/v2\/media\/32063"}],"wp:attachment":[{"href":"http:\/\/dsrmedios.com.ar\/diario\/wp-json\/wp\/v2\/media?parent=40413"}],"wp:term":[{"taxonomy":"category","embeddable":true,"href":"http:\/\/dsrmedios.com.ar\/diario\/wp-json\/wp\/v2\/categories?post=40413"},{"taxonomy":"post_tag","embeddable":true,"href":"http:\/\/dsrmedios.com.ar\/diario\/wp-json\/wp\/v2\/tags?post=40413"}],"curies":[{"name":"wp","href":"https:\/\/api.w.org\/{rel}","templated":true}]}}