{"id":40408,"date":"2023-10-12T13:51:26","date_gmt":"2023-10-12T16:51:26","guid":{"rendered":"http:\/\/dsrmedios.com.ar\/diario\/?p=40408"},"modified":"2023-10-12T13:51:29","modified_gmt":"2023-10-12T16:51:29","slug":"la-afip-presentara-ante-la-justicia-la-lista-de-familiares-de-funcionarios-que-entraron-al-blanqueo","status":"publish","type":"post","link":"http:\/\/dsrmedios.com.ar\/diario\/archivos\/40408","title":{"rendered":"La AFIP presentar\u00e1 ante la Justicia la lista de familiares de funcionarios que entraron al blanqueo"},"content":{"rendered":"\n<p>La justicia anul\u00f3 hoy el decreto emitido por el expresidente\u00a0<strong>Mauricio Macri<\/strong>\u00a0que\u00a0<a rel=\"noreferrer noopener\" href=\"https:\/\/www.infobae.com\/politica\/2023\/10\/12\/la-justicia-anulo-el-decreto-dictado-por-macri-que-les-permitio-blanquear-capitales-a-los-familiares-de-funcionarios-publicos\/\" target=\"_blank\"><strong>permit\u00eda a familiares de funcionarios p\u00fablicos blanquear capitales<\/strong><\/a>. La medida judicial responde a cuestionamientos legales y \u00e9ticos en torno a la normativa, y podr\u00eda tener repercusiones en las finanzas de aquellos que se beneficiaron de la medida durante la administraci\u00f3n de Macri.<a rel=\"noreferrer noopener\" href=\"https:\/\/www.infobae.com\/economia\/2023\/10\/12\/oficial-suspendieron-el-aumento-de-tasas-de-moratoria-a-unas-189000-micro-y-pequenas-empresas\/\" target=\"_blank\"><\/a><a rel=\"noreferrer noopener\" href=\"https:\/\/www.infobae.com\/economia\/2023\/10\/12\/la-argentina-entre-los-paises-mas-riesgosos-del-mundo-segun-un-profesor-de-finanzas-de-la-universidad-de-nueva-york\/\" target=\"_blank\"><\/a><\/p>\n\n\n\n<p>Seg\u00fan anticiparon fuentes oficiales,&nbsp;<strong>la Administraci\u00f3n Federal de Ingresos P\u00fablicos (AFIP) trabaja para presentar el pr\u00f3ximo martes la lista de los contribuyentes que fueron beneficiados por el decreto de Macri<\/strong>.<\/p>\n\n\n\n<p>El juez Mart\u00edn Cormick, a cargo del Juzgado Contencioso Administrativo Federal N\u00b011,&nbsp;<strong>anul\u00f3<\/strong>&nbsp;los art\u00edculos de un&nbsp;<strong>decreto&nbsp;<\/strong>firmado por&nbsp;<strong>Mauricio Macri&nbsp;<\/strong>que&nbsp;<strong>les permiti\u00f3 a familiares de funcionarios p\u00fablicos ingresar al blanqueo de capitales<\/strong>&nbsp;pese a que el Congreso los hab\u00eda excluido expresamente al sancionar la norma.<\/p>\n\n\n\n<blockquote class=\"wp-block-quote\">\n<p>\u201cLos contribuyentes involucrados deber\u00e1n ingresar todos los tributos no abonados respecto de los bienes incluidos en el blanqueo\u201d<\/p>\n<\/blockquote>\n\n\n\n<p>El magistrado hizo lugar una demanda colectiva promovida por la asociaci\u00f3n civil Abogados por la Justicia Social La Plata, Berisso y Ensenada (AJUS) y dict\u00f3 la nulidad de los art\u00edculos 1, 2, 5 y 6 del decreto 1206\/2016 firmado por el ex Presidente, a trav\u00e9s del cual se hab\u00edan incorporado a los familiares de los funcionarios a las facilidades incluidas en el R\u00e9gimen de Sinceramiento Fiscal impulsado durante el gobierno de Cambiemos.<\/p>\n\n\n\n<p>En el caso, la AFIP present\u00f3 un escrito en el que anticipaba que de impugnarse el decreto quedar\u00eda habilitada a exigirles a los contribuyentes involucrados que abonen todos los impuestos adeudados, entre ellos Ganancias, IVA y Bienes Personales. Fuentes oficiales anticiparon que la oficina recaudadora trabaja en la elaboraci\u00f3n de una lista de los familiares que ingresaron al blanqueo para presentarla en el juzgado.<\/p>\n\n\n\n<p>\u201cNo es ocioso tener en cuenta la respuesta de la Administraci\u00f3n Federal de Ingresos, en tanto sostiene que \u2018De declararse la inconstitucionalidad de la norma impugnada por los actores,<strong>&nbsp;los contribuyentes involucrados deber\u00e1n ingresar todos los tributos no abonados respecto de los bienes incluidos en el blanqueo, tales como Impuesto a las Ganancias, Impuesto al valor agregado, Impuestos a los Bienes Personales y todos aquellos que correspondan<\/strong>&nbsp;seg\u00fan el caso concreto, as\u00ed como los intereses del pago fuera de t\u00e9rmino. Pudiendo la AFIP reclamar los mismos por los per\u00edodos no prescriptos. ii. De hacerse lugar a la demanda, el organismo estar\u00eda en condiciones, dependiendo de cada caso en concreto, de reclamar el pago de los tributos referidos en el punto anterior\u2019\u201d, detalla el fallo que se conoci\u00f3 hoy.<\/p>\n\n\n\n<blockquote class=\"wp-block-quote\">\n<p>Fuentes oficiales anticiparon que la oficina recaudadora trabaja en la elaboraci\u00f3n de una lista de los familiares que ingresaron al blanqueo para presentarla en el juzgado<\/p>\n<\/blockquote>\n\n\n\n<p>Para entender el alcance de la sentencia hay que retrotraerse a mediados de 2016, cuando el gobierno nacional envi\u00f3 al Congreso un proyecto de blanqueo con el objetivo de incentivar el ingreso de d\u00f3lares al pa\u00eds. Originariamente, el entonces bloque oficialista pretend\u00eda incluir en la norma a los familiares de funcionarios p\u00fablicos, pero los espacios opositores se unieron para excluir esa posibilidad.<\/p>\n\n\n\n<p>Una vez sancionada la ley, Macri emiti\u00f3 un decreto para revertir este cambio y provoc\u00f3 una gran pol\u00e9mica. Diputados del Frente para la Victoria (actualmente Uni\u00f3n por la Patria) y la entonces legisladora\u00a0<strong>Victoria Donda\u00a0<\/strong>promovieron denuncias penales contra el ex mandatario.<\/p>\n\n\n\n<p>Fuente: Infobae<\/p>\n","protected":false},"excerpt":{"rendered":"<div class=\"mh-excerpt\"><p>La justicia anul\u00f3 hoy el decreto emitido por el expresidente\u00a0Mauricio Macri\u00a0que\u00a0permit\u00eda a familiares de funcionarios p\u00fablicos blanquear capitales. La medida judicial responde a cuestionamientos legales y \u00e9ticos en torno a la normativa, y podr\u00eda tener repercusiones en las finanzas de aquellos que se beneficiaron de la medida durante la administraci\u00f3n de Macri. Seg\u00fan anticiparon fuentes oficiales,&nbsp;la Administraci\u00f3n Federal de Ingresos P\u00fablicos (AFIP) trabaja para presentar el pr\u00f3ximo martes la lista de los contribuyentes que fueron beneficiados por el decreto de Macri. El juez Mart\u00edn Cormick, a cargo del Juzgado Contencioso Administrativo Federal N\u00b011,&nbsp;anul\u00f3&nbsp;los art\u00edculos de un&nbsp;decreto&nbsp;firmado por&nbsp;Mauricio Macri&nbsp;que&nbsp;les permiti\u00f3 a <a class=\"mh-excerpt-more\" href=\"http:\/\/dsrmedios.com.ar\/diario\/archivos\/40408\" title=\"La AFIP presentar\u00e1 ante la Justicia la lista de familiares de funcionarios que entraron al blanqueo\">[Leer m\u00e1s]<\/a><\/p>\n<\/div>","protected":false},"author":8,"featured_media":7872,"comment_status":"open","ping_status":"closed","sticky":false,"template":"","format":"standard","meta":{"_jetpack_newsletter_access":""},"categories":[6],"tags":[],"jetpack_featured_media_url":"http:\/\/dsrmedios.com.ar\/diario\/wp-content\/uploads\/2018\/08\/afip.jpg_258117318.jpg","jetpack_sharing_enabled":true,"jetpack_shortlink":"https:\/\/wp.me\/p9fihK-avK","_links":{"self":[{"href":"http:\/\/dsrmedios.com.ar\/diario\/wp-json\/wp\/v2\/posts\/40408"}],"collection":[{"href":"http:\/\/dsrmedios.com.ar\/diario\/wp-json\/wp\/v2\/posts"}],"about":[{"href":"http:\/\/dsrmedios.com.ar\/diario\/wp-json\/wp\/v2\/types\/post"}],"author":[{"embeddable":true,"href":"http:\/\/dsrmedios.com.ar\/diario\/wp-json\/wp\/v2\/users\/8"}],"replies":[{"embeddable":true,"href":"http:\/\/dsrmedios.com.ar\/diario\/wp-json\/wp\/v2\/comments?post=40408"}],"version-history":[{"count":1,"href":"http:\/\/dsrmedios.com.ar\/diario\/wp-json\/wp\/v2\/posts\/40408\/revisions"}],"predecessor-version":[{"id":40410,"href":"http:\/\/dsrmedios.com.ar\/diario\/wp-json\/wp\/v2\/posts\/40408\/revisions\/40410"}],"wp:featuredmedia":[{"embeddable":true,"href":"http:\/\/dsrmedios.com.ar\/diario\/wp-json\/wp\/v2\/media\/7872"}],"wp:attachment":[{"href":"http:\/\/dsrmedios.com.ar\/diario\/wp-json\/wp\/v2\/media?parent=40408"}],"wp:term":[{"taxonomy":"category","embeddable":true,"href":"http:\/\/dsrmedios.com.ar\/diario\/wp-json\/wp\/v2\/categories?post=40408"},{"taxonomy":"post_tag","embeddable":true,"href":"http:\/\/dsrmedios.com.ar\/diario\/wp-json\/wp\/v2\/tags?post=40408"}],"curies":[{"name":"wp","href":"https:\/\/api.w.org\/{rel}","templated":true}]}}