{"id":40393,"date":"2023-10-12T11:46:35","date_gmt":"2023-10-12T14:46:35","guid":{"rendered":"http:\/\/dsrmedios.com.ar\/diario\/?p=40393"},"modified":"2023-10-12T11:46:38","modified_gmt":"2023-10-12T14:46:38","slug":"javier-milei-minimiza-las-denuncias-en-su-contra-y-las-toma-de-impulso-para-instalar-que-gana-en-primera-vuelta","status":"publish","type":"post","link":"http:\/\/dsrmedios.com.ar\/diario\/archivos\/40393","title":{"rendered":"Javier Milei minimiza las denuncias en su contra y las toma de impulso para instalar que gana en primera vuelta"},"content":{"rendered":"\n<p>Despu\u00e9s de desligarse de las acusaciones sobre la instigaci\u00f3n de la&nbsp;<strong>escalada del d\u00f3lar&nbsp;<\/strong>y de contestar las cr\u00edticas del Gobierno y de Juntos por el Cambio por sus declaraciones sobre el valor del peso,&nbsp;<strong>Javier Milei&nbsp;<\/strong>empez\u00f3 a preparar su estrategia judicial frente a las denuncias presentadas en las \u00faltimas horas en su contra, por distintos delitos, de parte de<strong>&nbsp;Alberto Fern\u00e1ndez,<\/strong>&nbsp;de su rival electoral,&nbsp;<strong>Patricia Bullrich,<\/strong>&nbsp;y de la abogada que defend\u00eda a los familiares de las v\u00edctimas del ARA San Juan,&nbsp;<strong>Valeria Carreras.&nbsp;<\/strong>Sin embargo,en su entorno minimizaron el efecto de la embestida judicial y pusieron en duda la continuidad de las presentaciones, que atribuyeron a motivaciones pol\u00edtico-electorales. En privado, festejan la centralidad que le dej\u00f3 servida en bandeja el primer mandatario al candidato a Presidente m\u00e1s votado en la PASO.<\/p>\n\n\n\n<p>Aunque puertas afuera se muestran indignados con las acusaciones, en privado los libertarios festejan la atenci\u00f3n que tuvieron a partir de la denuncia del titular del Ejecutivo y de la principal l\u00edder opositora. Est\u00e1n convencidos de que la ola de acusaciones formales e informales en la previa de los comicios generales que se celebran en 11 d\u00edas los benefician. Para mostrar que no est\u00e1n preocupados, un referente de peso en la fuerza pol\u00edtica de derecha ironiz\u00f3:&nbsp;<strong>\u201cEstamos orgullosos, al menos hicimos trabajar al Presidente\u201d.<\/strong><\/p>\n\n\n\n<p>Milei, que est\u00e1 c\u00f3modo con las entrevistas en TV o los actos multitudinarios donde es el \u00fanico orador,&nbsp;<strong>nunca hab\u00eda dado una conferencia de prensa.<\/strong>&nbsp;Pero ayer, cuando sus asesores de comunicaci\u00f3n le recomendaron que saliera a responder con ese formato para ganar carrera en la previa de los comicios, no lo dud\u00f3. Se sent\u00f3 por primera vez ante decenas de periodistas gr\u00e1ficos, televisivos, radiales y de&nbsp;<em>streaming<\/em>&nbsp;en el noveno piso de las oficinas de la sociedad de bolsa de Marra, Bull Market, en Puerto Madero, donde aprovech\u00f3 para despotricar contra la pol\u00edtica econ\u00f3mica del Gobierno y respondi\u00f3, bien predispuesto, una serie de preguntas que le permitieron introducir una chicana contra Massa, que hab\u00eda deslizado que los candidatos deber\u00edan someterse a tests de adicciones y psicol\u00f3gicos antes de asumir, en clara alusi\u00f3n a los rumores sobre su salud mental. \u201cLe dir\u00eda que para ser ministro de Econom\u00eda primero se deber\u00edan dar un examen de econom\u00eda\u201d, retruc\u00f3.<\/p>\n\n\n\n<p>En total las denuncias son cinco.\u00a0<strong>Bullrich, Alberto Fern\u00e1ndez y Carrera<\/strong>\u00a0lo se\u00f1alan por\u00a0<strong>intimidaci\u00f3n p\u00fablica.<\/strong>\u00a0Mientras que la candidata de JXC sum\u00f3 una presentaci\u00f3n por\u00a0<strong>calumnias,\u00a0<\/strong>y Carrera agreg\u00f3 la figura de supuesta\u00a0<strong>\u201cmanipulaci\u00f3n de mercados financieros\u201d.\u00a0<\/strong>Adem\u00e1s de Milei, fueron apuntados en la Justicia los candidatos a jefe de gobierno porte\u00f1o, Marra, que design\u00f3 para su defensa al abogado de su familia, Alejandro Marroco; y el aspirante a diputado por la provincia de Buenos Aires,\u00a0<strong>Agust\u00edn Romo.\u00a0<\/strong>Ellos tambi\u00e9n hab\u00edan recomendado a los argentinos, v\u00eda X (ex Twitter), evitar refugiarse en la moneda oficial como modo de ahorro.<\/p>\n\n\n\n<p>Milei se comunic\u00f3 ayer, desde temprano, con su abogado,<strong>&nbsp;Diego Spagnuolo,<\/strong>&nbsp;en quien se apoya cada vez que tiene un problema o duda en el \u00e1mbito jur\u00eddico, y entre los dos decidieron designar a&nbsp;<strong>Francisco Oneto<\/strong>&nbsp;para que se encargue de la defensa del candidato. Oneto est\u00e1 especializado en derecho penal y es conocido por defender, entre otros, al futbolista&nbsp;<strong>Jonathan Fabbro,<\/strong>&nbsp;condenado por abuso sexual; al actor&nbsp;<strong>Juan Darth\u00e9s<\/strong>&nbsp;en la causa por&nbsp;<strong>violaci\u00f3n<\/strong>&nbsp;iniciada por la actriz<strong>&nbsp;Thelma Fard\u00edn,&nbsp;<\/strong>junto a Fernando Burlando; al estafador que lideraba la red Generaci\u00f3n Zoe,&nbsp;<strong>Leonardo Cositorto;<\/strong>&nbsp;y a los&nbsp;<strong>iran\u00edes vinculados al grupo terrorista Al-Qud<\/strong>&nbsp;que viajaban a bordo del<strong>&nbsp;avi\u00f3n venezolano&nbsp;<\/strong>que qued\u00f3 varado en&nbsp;<strong>Ezeiza&nbsp;<\/strong>el a\u00f1o pasado.<\/p>\n\n\n\n<p><img decoding=\"async\" loading=\"lazy\" alt=\"Alberto Fern\u00e1ndez (Christian Heit)\" height=\"1366\" width=\"2048\" src=\"https:\/\/www.infobae.com\/new-resizer\/j3VvvKOadbjZdPKJEfyMfr9d-nc=\/arc-anglerfish-arc2-prod-infobae\/public\/WBB4Q25KGFHVDLVGEQK67ZJT4Y.jpg\" srcset=\"https:\/\/www.infobae.com\/new-resizer\/FarMkeL88IHnsOpUQ4v5wHqi8k8=\/420x280\/filters:format(webp):quality(85)\/cloudfront-us-east-1.images.arcpublishing.com\/infobae\/WBB4Q25KGFHVDLVGEQK67ZJT4Y.jpg 420w,https:\/\/www.infobae.com\/new-resizer\/6NbuOX2iRWu5SRJXh_lvHYL1grY=\/768x512\/filters:format(webp):quality(85)\/cloudfront-us-east-1.images.arcpublishing.com\/infobae\/WBB4Q25KGFHVDLVGEQK67ZJT4Y.jpg 768w,https:\/\/www.infobae.com\/new-resizer\/eoNLBNPmcwAomNdTFPumW1nkK2o=\/992x661\/filters:format(webp):quality(85)\/cloudfront-us-east-1.images.arcpublishing.com\/infobae\/WBB4Q25KGFHVDLVGEQK67ZJT4Y.jpg 992w,https:\/\/www.infobae.com\/new-resizer\/RSn071I41J_sPB-4wpmK4oYmUNE=\/1200x800\/filters:format(webp):quality(85)\/cloudfront-us-east-1.images.arcpublishing.com\/infobae\/WBB4Q25KGFHVDLVGEQK67ZJT4Y.jpg 1200w,https:\/\/www.infobae.com\/new-resizer\/7ZAN6t8stYEIKhCsQg36K0eVIJM=\/1440x960\/filters:format(webp):quality(85)\/cloudfront-us-east-1.images.arcpublishing.com\/infobae\/WBB4Q25KGFHVDLVGEQK67ZJT4Y.jpg 1440w\">Alberto Fern\u00e1ndez (Christian Heit)<\/p>\n\n\n\n<p>Adem\u00e1s de ejercer la profesi\u00f3n en su estudio desde la Ciudad, Oneto es el compa\u00f1ero de f\u00f3rmula de la candidata a gobernadora bonaerense,\u00a0<strong>Carolina P\u00edparo,\u00a0<\/strong>pero mantiene el perfil bajo en la carrera proselitista y apenas aparece en las actividades de campa\u00f1a en el territorio o en los medios. S\u00ed es muy activo en redes, y tiene relaci\u00f3n directa con Milei. Una de sus \u00faltimas apariciones juntos fue en el evento que le prepar\u00f3 el sindicalista gastron\u00f3mico aliado,\u00a0<strong>Luis Barrionuevo,<\/strong>\u00a0en Parque Norte, donde Oneto se sent\u00f3 primera fila, y despu\u00e9s se qued\u00f3 conversando largamente, debajo del escenario, con sus pares libertarios.<\/p>\n\n\n\n<p>En las \u00faltimas horas, Milei defini\u00f3 con sus asesores legales c\u00f3mo proceder.&nbsp;<strong>Todos le dijeron, como a Marra, que las denuncias no tienen futuro, y en el espacio pol\u00edtico est\u00e1n despreocupados.<\/strong>&nbsp;\u201cNo van a ir a ning\u00fan lado, esto es algo pol\u00edtico electoral, no tiene sentido jur\u00eddico\u201d, contaron.<\/p>\n\n\n\n<p>Sin embargo, planean una estrategia defensiva. En principio, frente a la acusaci\u00f3n por manipulaci\u00f3n de mercados financieros piensan hacer un planteo \u201cde previo y especial pronunciamiento,\u201d que deber\u00eda ser resuelto antes de que empiece la investigaci\u00f3n, donde&nbsp;<strong>plantear\u00e1n que la conducta es l\u00edcita.<\/strong>&nbsp;\u201cPara que se pueda aplicar ese se delito, la norma exige que el acusado est\u00e9 operando en el mercado, y que use determinada noticia falsa para influir en \u00e9l. Pero si el acusado no est\u00e1 operando en el mercado, no aplica\u201d, explicaron. Sobre la presentaci\u00f3n de Bullrich, agregaron: \u201cEl C\u00f3digo Penal lo dice muy claro: en ning\u00fan caso configura una calumnia un dicho sobre un tema de inter\u00e9s p\u00fablico\u201d<\/p>\n\n\n\n<p>El caso por intimidaci\u00f3n presentado por el Presidente fue realizada por el abogado&nbsp;<strong>Jos\u00e9 Manuel Ubeira<\/strong>, quien representa a la vicepresidenta de la Naci\u00f3n,&nbsp;<strong>Cristina Kirchner<\/strong>, en la causa que investiga el intento de homicidio en septiembre del a\u00f1o pasado. Y si bien fue la que mayor atenci\u00f3n suscit\u00f3, la primera denuncia hab\u00eda sido presentada el d\u00eda anterior por Carreras, a quien en LLA desestimaron.&nbsp;<strong>\u201cSuele meterse en causas de corte p\u00fablico. En su momento dijo que trabajaba con (Fernando) Burlando en el caso de Fernando B\u00e1ez Sosa, y \u00e9l sali\u00f3 a aclarar que no era as\u00ed\u201d<\/strong>, dijo un dirigente de LLA que conoce del mundillo judicial.<\/p>\n\n\n\n<p><img decoding=\"async\" loading=\"lazy\" alt=\"Javier Milei junto a Ramiro Marra en la conferencia de este mi\u00e9rcoles (REUTERS)\" height=\"3546\" width=\"4916\" src=\"https:\/\/www.infobae.com\/new-resizer\/MMyOqal5jBiWezf_XlpUrD1Q3ks=\/arc-anglerfish-arc2-prod-infobae\/public\/HA3TXX6MAZL2HBHDZBHSH6WEOU.jpg\" srcset=\"https:\/\/www.infobae.com\/new-resizer\/Mm3CXbPGs0fyBGqgFdvEIDR8yBM=\/420x315\/filters:format(webp):quality(85)\/cloudfront-us-east-1.images.arcpublishing.com\/infobae\/HA3TXX6MAZL2HBHDZBHSH6WEOU.jpg 420w,https:\/\/www.infobae.com\/new-resizer\/o2qsnCjmPfzJIgo96Tq2EU3i_3I=\/768x576\/filters:format(webp):quality(85)\/cloudfront-us-east-1.images.arcpublishing.com\/infobae\/HA3TXX6MAZL2HBHDZBHSH6WEOU.jpg 768w,https:\/\/www.infobae.com\/new-resizer\/63loeluffqhI-2GMrfCY7I9FeXQ=\/992x744\/filters:format(webp):quality(85)\/cloudfront-us-east-1.images.arcpublishing.com\/infobae\/HA3TXX6MAZL2HBHDZBHSH6WEOU.jpg 992w,https:\/\/www.infobae.com\/new-resizer\/vdcnu0cvoK033aCm1ohFBN1_P5U=\/1200x900\/filters:format(webp):quality(85)\/cloudfront-us-east-1.images.arcpublishing.com\/infobae\/HA3TXX6MAZL2HBHDZBHSH6WEOU.jpg 1200w,https:\/\/www.infobae.com\/new-resizer\/F__L7NQN_Ju1m_eAvTAJ4KCUw3I=\/1440x1080\/filters:format(webp):quality(85)\/cloudfront-us-east-1.images.arcpublishing.com\/infobae\/HA3TXX6MAZL2HBHDZBHSH6WEOU.jpg 1440w\">Javier Milei junto a Ramiro Marra en la conferencia de este mi\u00e9rcoles (REUTERS)<\/p>\n\n\n\n<p>Para Alberto Fern\u00e1ndez, las declaraciones de los opositores&nbsp;<strong>\u201cno son hechos aislados de personas comunes, sin responsabilidad institucional actual o futura, y sin significancia jur\u00eddica alguna\u201d<\/strong>, sino individuos que \u201cgozan de un cargo p\u00fablico electivo en ejercicio, o bien se encuentran postulados para asumir otros similares, lo cual torna esperable de ellos un mayor compromiso por la defensa de la soberan\u00eda monetaria\u201d. \u201cSu clar\u00edsimo e inobjetable fin era obtener el resultado que finalmente obtuvieron: atemorizar al pueblo argentino en t\u00e9rminos de pol\u00edtica monetaria, a la espera de una \u2013obtenida ciertamente como consecuencia de su accionar- desvalorizaci\u00f3n de la moneda nacional\u201d, argument\u00f3.<\/p>\n\n\n\n<p>En el campamento massista est\u00e1n empe\u00f1ados en confrontar mano a mano con Milei para minimizar la presencia de Patricia Bullrich y lograr meterse en el&nbsp;<em>ballotaje.<\/em>&nbsp;Pero ayer mostraron enojo con el jefe de Estado. Seg\u00fan dijeron, no los hab\u00eda consultado antes de avanzar en la Justicia contra el rival de derecha, en otra muestra de las diferencias atraviesa el Gobierno a\u00fan en la previa de los comicios.<\/p>\n\n\n\n<p>Basados en el asesoramiento jur\u00eddico que recibieron, en LLA est\u00e1n convencidos de que las denuncias no prosperar\u00e1n (\u201dNo tienen pies ni cabeza\u201d, resumen), pero sobre todo, de que Alberto Fern\u00e1ndez les hizo un favor al ubicar a Milei en el medio del escenario pol\u00edtico a diez d\u00edas de las elecciones.<\/p>\n\n\n\n<p>Fuente: Infobae<\/p>\n","protected":false},"excerpt":{"rendered":"<div class=\"mh-excerpt\"><p>Despu\u00e9s de desligarse de las acusaciones sobre la instigaci\u00f3n de la&nbsp;escalada del d\u00f3lar&nbsp;y de contestar las cr\u00edticas del Gobierno y de Juntos por el Cambio por sus declaraciones sobre el valor del peso,&nbsp;Javier Milei&nbsp;empez\u00f3 a preparar su estrategia judicial frente a las denuncias presentadas en las \u00faltimas horas en su contra, por distintos delitos, de parte de&nbsp;Alberto Fern\u00e1ndez,&nbsp;de su rival electoral,&nbsp;Patricia Bullrich,&nbsp;y de la abogada que defend\u00eda a los familiares de las v\u00edctimas del ARA San Juan,&nbsp;Valeria Carreras.&nbsp;Sin embargo,en su entorno minimizaron el efecto de la embestida judicial y pusieron en duda la continuidad de las presentaciones, que atribuyeron a <a class=\"mh-excerpt-more\" href=\"http:\/\/dsrmedios.com.ar\/diario\/archivos\/40393\" title=\"Javier Milei minimiza las denuncias en su contra y las toma de impulso para instalar que gana en primera vuelta\">[Leer m\u00e1s]<\/a><\/p>\n<\/div>","protected":false},"author":8,"featured_media":32666,"comment_status":"open","ping_status":"closed","sticky":false,"template":"","format":"standard","meta":{"_jetpack_newsletter_access":""},"categories":[6],"tags":[],"jetpack_featured_media_url":"http:\/\/dsrmedios.com.ar\/diario\/wp-content\/uploads\/2023\/05\/javier-milei.webp","jetpack_sharing_enabled":true,"jetpack_shortlink":"https:\/\/wp.me\/p9fihK-avv","_links":{"self":[{"href":"http:\/\/dsrmedios.com.ar\/diario\/wp-json\/wp\/v2\/posts\/40393"}],"collection":[{"href":"http:\/\/dsrmedios.com.ar\/diario\/wp-json\/wp\/v2\/posts"}],"about":[{"href":"http:\/\/dsrmedios.com.ar\/diario\/wp-json\/wp\/v2\/types\/post"}],"author":[{"embeddable":true,"href":"http:\/\/dsrmedios.com.ar\/diario\/wp-json\/wp\/v2\/users\/8"}],"replies":[{"embeddable":true,"href":"http:\/\/dsrmedios.com.ar\/diario\/wp-json\/wp\/v2\/comments?post=40393"}],"version-history":[{"count":1,"href":"http:\/\/dsrmedios.com.ar\/diario\/wp-json\/wp\/v2\/posts\/40393\/revisions"}],"predecessor-version":[{"id":40396,"href":"http:\/\/dsrmedios.com.ar\/diario\/wp-json\/wp\/v2\/posts\/40393\/revisions\/40396"}],"wp:featuredmedia":[{"embeddable":true,"href":"http:\/\/dsrmedios.com.ar\/diario\/wp-json\/wp\/v2\/media\/32666"}],"wp:attachment":[{"href":"http:\/\/dsrmedios.com.ar\/diario\/wp-json\/wp\/v2\/media?parent=40393"}],"wp:term":[{"taxonomy":"category","embeddable":true,"href":"http:\/\/dsrmedios.com.ar\/diario\/wp-json\/wp\/v2\/categories?post=40393"},{"taxonomy":"post_tag","embeddable":true,"href":"http:\/\/dsrmedios.com.ar\/diario\/wp-json\/wp\/v2\/tags?post=40393"}],"curies":[{"name":"wp","href":"https:\/\/api.w.org\/{rel}","templated":true}]}}