{"id":40373,"date":"2023-10-12T10:49:51","date_gmt":"2023-10-12T13:49:51","guid":{"rendered":"http:\/\/dsrmedios.com.ar\/diario\/?p=40373"},"modified":"2023-10-12T10:49:51","modified_gmt":"2023-10-12T13:49:51","slug":"el-viernes-se-presenta-el-libro-heridas-del-porvenir","status":"publish","type":"post","link":"http:\/\/dsrmedios.com.ar\/diario\/archivos\/40373","title":{"rendered":"<strong>El viernes se presenta el libro\u00a0&#8220;Heridas del Porvenir\u201d<\/strong>"},"content":{"rendered":"\n<p>&#8220;Heridas del Porvenir\u201d, testimonios de ausencias que sangran de Jorge Meza, es el libro que se presentar\u00e1 en Casa de la Cultura de carhu\u00e9, el viernes 13 de octubre a las 19:30 hs.<\/p>\n\n\n\n<p>&#8220;Heridas del Porvenir\u201d, testimonios de ausencias que sangran<strong>&nbsp;<\/strong>es un paciente y comprometido trabajo de investigaci\u00f3n realizado por el autor Jorge Meza, sobre las historias de vida de las personas detenidas desaparecidas durante la \u00faltima dictadura c\u00edvico militar en Azul, como parte de la represi\u00f3n en zona centro de la provincia de Buenos Aires.<\/p>\n\n\n\n<p>El pr\u00f3logo es del Premio Nobel de la Paz Adolfo P\u00e9rez Esquivel y contiene 578 p\u00e1ginas documentadas para fundamentar un libro como aporte a la construcci\u00f3n de la verdad hist\u00f3rica del pasado reciente en Argentina.<\/p>\n","protected":false},"excerpt":{"rendered":"<div class=\"mh-excerpt\"><p>&#8220;Heridas del Porvenir\u201d, testimonios de ausencias que sangran de Jorge Meza, es el libro que se presentar\u00e1 en Casa de la Cultura de carhu\u00e9, el viernes 13 de octubre a las 19:30 hs. &#8220;Heridas del Porvenir\u201d, testimonios de ausencias que sangran&nbsp;es un paciente y comprometido trabajo de investigaci\u00f3n realizado por el autor Jorge Meza, sobre las historias de vida de las personas detenidas desaparecidas durante la \u00faltima dictadura c\u00edvico militar en Azul, como parte de la represi\u00f3n en zona centro de la provincia de Buenos Aires. El pr\u00f3logo es del Premio Nobel de la Paz Adolfo P\u00e9rez Esquivel y contiene <a class=\"mh-excerpt-more\" href=\"http:\/\/dsrmedios.com.ar\/diario\/archivos\/40373\" title=\"El viernes se presenta el libro\u00a0&#8220;Heridas del Porvenir\u201d\">[Leer m\u00e1s]<\/a><\/p>\n<\/div>","protected":false},"author":8,"featured_media":40374,"comment_status":"open","ping_status":"closed","sticky":false,"template":"","format":"standard","meta":{"_jetpack_newsletter_access":""},"categories":[18,31,5],"tags":[],"jetpack_featured_media_url":"http:\/\/dsrmedios.com.ar\/diario\/wp-content\/uploads\/2023\/10\/WhatsApp-Image-2023-10-12-at-07.59.38.jpeg","jetpack_sharing_enabled":true,"jetpack_shortlink":"https:\/\/wp.me\/p9fihK-avb","_links":{"self":[{"href":"http:\/\/dsrmedios.com.ar\/diario\/wp-json\/wp\/v2\/posts\/40373"}],"collection":[{"href":"http:\/\/dsrmedios.com.ar\/diario\/wp-json\/wp\/v2\/posts"}],"about":[{"href":"http:\/\/dsrmedios.com.ar\/diario\/wp-json\/wp\/v2\/types\/post"}],"author":[{"embeddable":true,"href":"http:\/\/dsrmedios.com.ar\/diario\/wp-json\/wp\/v2\/users\/8"}],"replies":[{"embeddable":true,"href":"http:\/\/dsrmedios.com.ar\/diario\/wp-json\/wp\/v2\/comments?post=40373"}],"version-history":[{"count":1,"href":"http:\/\/dsrmedios.com.ar\/diario\/wp-json\/wp\/v2\/posts\/40373\/revisions"}],"predecessor-version":[{"id":40375,"href":"http:\/\/dsrmedios.com.ar\/diario\/wp-json\/wp\/v2\/posts\/40373\/revisions\/40375"}],"wp:featuredmedia":[{"embeddable":true,"href":"http:\/\/dsrmedios.com.ar\/diario\/wp-json\/wp\/v2\/media\/40374"}],"wp:attachment":[{"href":"http:\/\/dsrmedios.com.ar\/diario\/wp-json\/wp\/v2\/media?parent=40373"}],"wp:term":[{"taxonomy":"category","embeddable":true,"href":"http:\/\/dsrmedios.com.ar\/diario\/wp-json\/wp\/v2\/categories?post=40373"},{"taxonomy":"post_tag","embeddable":true,"href":"http:\/\/dsrmedios.com.ar\/diario\/wp-json\/wp\/v2\/tags?post=40373"}],"curies":[{"name":"wp","href":"https:\/\/api.w.org\/{rel}","templated":true}]}}