{"id":40370,"date":"2023-10-11T15:34:23","date_gmt":"2023-10-11T18:34:23","guid":{"rendered":"http:\/\/dsrmedios.com.ar\/diario\/?p=40370"},"modified":"2023-10-11T15:34:26","modified_gmt":"2023-10-11T18:34:26","slug":"continua-en-aumento-el-numero-de-argentinos-que-piden-abandonar-israel","status":"publish","type":"post","link":"http:\/\/dsrmedios.com.ar\/diario\/archivos\/40370","title":{"rendered":"Contin\u00faa en aumento el n\u00famero de argentinos que piden abandonar Israel"},"content":{"rendered":"\n<p>La lista de ciudadanos argentinos que pidieron ser evacuados de Israel por el conflicto b\u00e9lico tras el ataque terrorista de Hamas que sufri\u00f3 ese pa\u00eds el s\u00e1bado&nbsp;<strong>ascendi\u00f3 a 1304 personas<\/strong>&nbsp;y desde ma\u00f1ana empezar\u00e1n los vuelos del H\u00e9rcules C-130 de la Fuerza A\u00e9rea Argentina para hacer el puente a\u00e9reo entre Tel Aviv y Roma. Ante el incremento en la cantidad de solicitudes que se recibieron,&nbsp;<strong>ya se prepara el vuelo de otro avi\u00f3n<\/strong>, un Boeing 737 de la Fuerza A\u00e9rea que est\u00e1 siendo reacondicionado.<\/p>\n\n\n\n<p>El operativo denominado \u201cRegreso Seguro\u201d, puesto en marcha en coordinaci\u00f3n por las carteras de Defensa y Relaciones Exteriores, prev\u00e9 que luego de que la tripulaci\u00f3n del H\u00e9rcules descanse y reaprovisione combustible en Chipre, se comience el jueves con los vuelos entre la capital israel\u00ed y la de Italia. Seg\u00fan las estimaciones,&nbsp;<strong>en cada viaje podr\u00edan evacuar a unas 70 personas<\/strong>; como se har\u00edan tres por d\u00eda, unos 200 argentinos -la mayor\u00eda en plan de turismo-, podr\u00edan llegar a Roma cada 24 horas.<\/p>\n\n\n\n<p>Algunos de los argentinos que ser\u00e1n evacuados tienen la posibilidad de validar sus tramos a\u00e9reos y permanecer en Europa. En Roma \u201coperar\u00e1 una zona de acogida intermedia\u201d antes de que quienes pretenden regresar aborden vuelos comerciales de Aerol\u00edneas Argentinas para \u201ccompletar el traslado\u201d a su pa\u00eds de origen.&nbsp;<strong>Entre el viernes o el s\u00e1bado estar\u00edan arribando los primeros evacuados a Ezeiza.<\/strong><\/p>\n\n\n\n<p>\u201cEstamos coordinando con el @MindefArg @Aerolineas_AR y la @InfoAMIA para traer en el menor tiempo posible a la mayor cantidad de argentinos\u201d, public\u00f3 el canciller Cafiero en X (ex Twitter). \u201cAdem\u00e1s, desde la @CancilleriaARG estamos trabajando en conjunto con la AMIA y el resto de la comunidad para facilitar el proceso de evacuaci\u00f3n a trav\u00e9s de iniciativas privadas\u201d, agreg\u00f3.<\/p>\n\n\n\n<p>Desde el Ministerio de Defensa, ante la consulta de&nbsp;<strong>Infobae<\/strong>, aclararon que el aeropuerto Ben Guri\u00f3n \u201c<strong>ha sido cerrado para aerol\u00edneas comerciales, no para vuelos militares\u201d<\/strong>&nbsp;pero que \u201cel operativo sigue en pie\u201d. El ministro de Defensa, Jorge Taiana, hab\u00eda explicado antes de la partida del H\u00e9rcules que en Israel \u201chay permisos por sacar\u201d para los vuelos al estar la zona en conflicto. En las \u00faltimas horas el espacio a\u00e9reo de Tel Aviv qued\u00f3 m\u00e1s restringido debido a algunos ataques que se le atribuyen a Hezbollah.<\/p>\n\n\n\n<p><img decoding=\"async\" loading=\"lazy\" alt=\"Foto de archivo del ministro de Exteriores de Argentina, Santiago Cafiero. EFE\/ Juan Ignacio Roncoroni\n\" height=\"2476\" width=\"3714\" src=\"https:\/\/www.infobae.com\/new-resizer\/VkbpTnBHkrhDE5MtxZJl3Kg2jwo=\/arc-anglerfish-arc2-prod-infobae\/public\/3VA76SCZTJHKVARR7RAVYT472Q.jpg\" srcset=\"https:\/\/www.infobae.com\/new-resizer\/47J7ugciRo2Eqf3Jj_Up8p5bV3o=\/420x280\/filters:format(webp):quality(85)\/cloudfront-us-east-1.images.arcpublishing.com\/infobae\/3VA76SCZTJHKVARR7RAVYT472Q.jpg 420w,https:\/\/www.infobae.com\/new-resizer\/-UN_7MYXkXgG1PmR6ZGiQBJ3NAM=\/768x512\/filters:format(webp):quality(85)\/cloudfront-us-east-1.images.arcpublishing.com\/infobae\/3VA76SCZTJHKVARR7RAVYT472Q.jpg 768w,https:\/\/www.infobae.com\/new-resizer\/aorGl3PGoQJlMVnpk_FzL77-HU4=\/992x661\/filters:format(webp):quality(85)\/cloudfront-us-east-1.images.arcpublishing.com\/infobae\/3VA76SCZTJHKVARR7RAVYT472Q.jpg 992w,https:\/\/www.infobae.com\/new-resizer\/-IAFWhEK_ex1-pl2gF1-yAOe6Lw=\/1200x800\/filters:format(webp):quality(85)\/cloudfront-us-east-1.images.arcpublishing.com\/infobae\/3VA76SCZTJHKVARR7RAVYT472Q.jpg 1200w,https:\/\/www.infobae.com\/new-resizer\/gex5x7uY-T6oGrEZW3vHsZ9Oawk=\/1440x960\/filters:format(webp):quality(85)\/cloudfront-us-east-1.images.arcpublishing.com\/infobae\/3VA76SCZTJHKVARR7RAVYT472Q.jpg 1440w\">Foto de archivo del ministro de Exteriores de Argentina, Santiago Cafiero. EFE\/ Juan Ignacio Roncoroni<\/p>\n\n\n\n<p>Desde la Canciller\u00eda argentina informaron que la cifra de connacionales muertos o desaparecidos no mostr\u00f3 variaciones. Por el momento hay 7 fallecidos y 15 desaparecidos, mientras la cantidad total de v\u00edctimas fatales debido al conflicto sigue creciendo.<\/p>\n\n\n\n<p>El s\u00e1bado, cuando se produjeron los primeros ataques en el sur israel\u00ed, se inform\u00f3&nbsp;<a href=\"https:\/\/www.infobae.com\/sociedad\/2023\/10\/07\/aseguran-que-hay-un-argentino-entre-los-muertos-por-los-ataques-terroristas-de-hamas-en-israel\/\">la muerte de Rodolfo Fabi\u00e1n Skariszewski<\/a>, de 56 a\u00f1os, que viv\u00eda en Moshav Ohad, a quince minutos de la frontera con la Franja de Gaza. Y tambi\u00e9n de&nbsp;<a href=\"https:\/\/www.infobae.com\/sociedad\/2023\/10\/07\/murio-otro-argentino-por-el-ataque-de-hamas-en-israel-era-el-hijo-de-un-reconocido-dirigente-de-la-colectividad\/\">Abi Korin, hijo de un importante referente de la comunidad jud\u00eda en la Argentina<\/a>. Tambi\u00e9n ese mismo d\u00eda se hab\u00eda confirmado&nbsp;<a href=\"https:\/\/www.infobae.com\/america\/mundo\/2023\/10\/08\/murio-una-argentina-en-el-ataque-terrorista-a-israel-tenia-80-anos-y-vivia-en-un-kibutz\/\">el fallecimiento deSilvia Mirensky,<\/a>&nbsp;de 80 a\u00f1os, que viv\u00eda en la granja colectiva Ein Hashlosh\u00e1, a 17 kil\u00f3metros de Gaza. La cuarta v\u00edctima fatal fue identificada el domingo como&nbsp;<strong>Ronit Rudman<\/strong>, de 55 a\u00f1os. Luego se agregaron a la lista otros tres argentinos, identificados como<strong>&nbsp;Tair Bira<\/strong>,<strong>&nbsp;Tahel Bira<\/strong>&nbsp;y&nbsp;<strong>Laura Jazm\u00edn Kofman<\/strong>.<\/p>\n\n\n\n<p>Entre los 15 desaparecidos, dos,&nbsp;<strong>Iair y Eitan Horn<\/strong>, son hijos del periodista&nbsp;<strong>Itzik Horn<\/strong>, de quienes no hay informaci\u00f3n desde el s\u00e1bado cuando inici\u00f3 el ataque en el kibutz Nir Oz, cercano a la Franja de Gaza.<\/p>\n\n\n\n<p>Desde el domingo la Canciller\u00eda abri\u00f3 un&nbsp;<a href=\"https:\/\/www.infobae.com\/politica\/2023\/10\/08\/cancilleria-abrio-un-registro-en-el-consulado-en-tel-aviv-para-argentinos-que-quieran-ser-repatriados\/\">registro&nbsp;<\/a>en el&nbsp;<strong>Consulado en Tel Aviv<\/strong>&nbsp;para los argentinos que quieran salir de Israel.<\/p>\n\n\n\n<p>\u201c<strong>Se informa que el Consulado General en Tel Aviv tiene disponible el tel\u00e9fono de guardia consular de emergencias: + 972 52 597 8359 (n\u00famero local)<\/strong>\u201d, indicaron a trav\u00e9s de las redes sociales. Tambi\u00e9n se puso a disposici\u00f3n una casilla de correo:&nbsp;<a rel=\"noreferrer noopener\" href=\"mailto:consultasargentinosisrael@mrecic.gob.ar\" target=\"_blank\">consultasargentinosisrael@mrecic.gob.ar<\/a>. Luego se agreg\u00f3 un celular en Buenos Aires para consultas: +54 911 4041 1522.<\/p>\n\n\n\n<p>\u201cAdem\u00e1s, se recomienda que todos los nacionales que tengan pasajes a\u00e9reos, o que puedan comprarlos,\u00a0<strong>aborden cuanto antes los vuelos<\/strong>\u00a0comerciales disponibles desde el\u00a0<em>Aeropuerto Ben-Gurion<\/em>, que contin\u00faa operando\u201d, consignaron.<\/p>\n\n\n\n<p>Fuente: Infobae<\/p>\n","protected":false},"excerpt":{"rendered":"<div class=\"mh-excerpt\"><p>La lista de ciudadanos argentinos que pidieron ser evacuados de Israel por el conflicto b\u00e9lico tras el ataque terrorista de Hamas que sufri\u00f3 ese pa\u00eds el s\u00e1bado&nbsp;ascendi\u00f3 a 1304 personas&nbsp;y desde ma\u00f1ana empezar\u00e1n los vuelos del H\u00e9rcules C-130 de la Fuerza A\u00e9rea Argentina para hacer el puente a\u00e9reo entre Tel Aviv y Roma. Ante el incremento en la cantidad de solicitudes que se recibieron,&nbsp;ya se prepara el vuelo de otro avi\u00f3n, un Boeing 737 de la Fuerza A\u00e9rea que est\u00e1 siendo reacondicionado. El operativo denominado \u201cRegreso Seguro\u201d, puesto en marcha en coordinaci\u00f3n por las carteras de Defensa y Relaciones Exteriores, <a class=\"mh-excerpt-more\" href=\"http:\/\/dsrmedios.com.ar\/diario\/archivos\/40370\" title=\"Contin\u00faa en aumento el n\u00famero de argentinos que piden abandonar Israel\">[Leer m\u00e1s]<\/a><\/p>\n<\/div>","protected":false},"author":8,"featured_media":40371,"comment_status":"open","ping_status":"closed","sticky":false,"template":"","format":"standard","meta":{"_jetpack_newsletter_access":""},"categories":[6],"tags":[],"jetpack_featured_media_url":"http:\/\/dsrmedios.com.ar\/diario\/wp-content\/uploads\/2023\/10\/descarga-34.jpeg","jetpack_sharing_enabled":true,"jetpack_shortlink":"https:\/\/wp.me\/p9fihK-av8","_links":{"self":[{"href":"http:\/\/dsrmedios.com.ar\/diario\/wp-json\/wp\/v2\/posts\/40370"}],"collection":[{"href":"http:\/\/dsrmedios.com.ar\/diario\/wp-json\/wp\/v2\/posts"}],"about":[{"href":"http:\/\/dsrmedios.com.ar\/diario\/wp-json\/wp\/v2\/types\/post"}],"author":[{"embeddable":true,"href":"http:\/\/dsrmedios.com.ar\/diario\/wp-json\/wp\/v2\/users\/8"}],"replies":[{"embeddable":true,"href":"http:\/\/dsrmedios.com.ar\/diario\/wp-json\/wp\/v2\/comments?post=40370"}],"version-history":[{"count":1,"href":"http:\/\/dsrmedios.com.ar\/diario\/wp-json\/wp\/v2\/posts\/40370\/revisions"}],"predecessor-version":[{"id":40372,"href":"http:\/\/dsrmedios.com.ar\/diario\/wp-json\/wp\/v2\/posts\/40370\/revisions\/40372"}],"wp:featuredmedia":[{"embeddable":true,"href":"http:\/\/dsrmedios.com.ar\/diario\/wp-json\/wp\/v2\/media\/40371"}],"wp:attachment":[{"href":"http:\/\/dsrmedios.com.ar\/diario\/wp-json\/wp\/v2\/media?parent=40370"}],"wp:term":[{"taxonomy":"category","embeddable":true,"href":"http:\/\/dsrmedios.com.ar\/diario\/wp-json\/wp\/v2\/categories?post=40370"},{"taxonomy":"post_tag","embeddable":true,"href":"http:\/\/dsrmedios.com.ar\/diario\/wp-json\/wp\/v2\/tags?post=40370"}],"curies":[{"name":"wp","href":"https:\/\/api.w.org\/{rel}","templated":true}]}}