{"id":40367,"date":"2023-10-11T15:32:37","date_gmt":"2023-10-11T18:32:37","guid":{"rendered":"http:\/\/dsrmedios.com.ar\/diario\/?p=40367"},"modified":"2023-10-11T15:32:39","modified_gmt":"2023-10-11T18:32:39","slug":"boca-juniors-confirmo-que-el-changuito-zeballos-sufrio-una-rotura-de-ligamentos","status":"publish","type":"post","link":"http:\/\/dsrmedios.com.ar\/diario\/archivos\/40367","title":{"rendered":"Boca Juniors confirm\u00f3 que el Changuito Zeballos sufri\u00f3 una rotura de ligamentos"},"content":{"rendered":"\n<p>Lamentablemente para el Mundo Boca, la peor noticia se confirm\u00f3:\u00a0<strong>Exequiel Zeballos sufri\u00f3 una grave lesi\u00f3n\u00a0<\/strong>que no solamente lo dejar\u00e1 afuera de la final de la Copa Libertadores ante Fluminense sino que le demandar\u00e1 varios meses de recuperaci\u00f3n y no tendr\u00e1 actividad oficial hasta 2024. El\u00a0<em>Changuito<\/em>, que ingres\u00f3 en el duelo de ayer en C\u00f3rdoba ante Belgrano,\u00a0<a rel=\"noreferrer noopener\" href=\"https:\/\/www.infobae.com\/deportes\/2023\/10\/11\/el-desconsolado-llanto-de-exequiel-zeballos-luego-de-la-preocupante-lesion-que-sufrio-en-belgrano-boca\/\" target=\"_blank\">dur\u00f3 apenas diez minutos<\/a>\u00a0en cancha por una grave molestia en la rodilla derecha.<a rel=\"noreferrer noopener\" href=\"https:\/\/www.infobae.com\/deportes\/2023\/10\/11\/la-graciosa-respuesta-de-la-figura-de-belgrano-contra-boca-a-un-seguidor-que-lo-habia-criticado-por-su-juego-buen-dia\/\" target=\"_blank\"><\/a><\/p>\n\n\n\n<p>Los estudios que se realiz\u00f3 en el d\u00eda de hoy determinaron que sufri\u00f3 una<strong>&nbsp;rotura ligamentaria en su rodilla derecha.<\/strong>&nbsp;As\u00ed lo confirm\u00f3 el Departamento M\u00e9dico de la instituci\u00f3n de la Ribera. \u201cExequiel Zeballos:&nbsp;<strong>ruptura del ligamento cruzado anterior y menisco externo de la rodilla derecha<\/strong>. Realizar\u00e1 rehabilitaci\u00f3n preoperatoria y cuando est\u00e9 en condiciones se programar\u00e1 la cirug\u00eda\u201d, fue el informe que emiti\u00f3 el&nbsp;<em>Xeneize<\/em>.<\/p>\n\n\n\n<p><img decoding=\"async\" loading=\"lazy\" alt=\"El parte m\u00e9dico que public\u00f3 Boca Juniors\" height=\"1080\" width=\"1920\" src=\"https:\/\/www.infobae.com\/new-resizer\/vAKlcY48Ik2aVkuMTRrZD0olWkw=\/arc-anglerfish-arc2-prod-infobae\/public\/SPGGFMCIKFCUXHLGIHLCFAPB7Q.jpg\" srcset=\"https:\/\/www.infobae.com\/new-resizer\/dUXRAzKpGkeNsPU8hL-jxObMBIc=\/420x236\/filters:format(webp):quality(85)\/cloudfront-us-east-1.images.arcpublishing.com\/infobae\/SPGGFMCIKFCUXHLGIHLCFAPB7Q.jpg 420w,https:\/\/www.infobae.com\/new-resizer\/Ho3s-NC0Yz5SbkJfs13eO6prO-w=\/768x432\/filters:format(webp):quality(85)\/cloudfront-us-east-1.images.arcpublishing.com\/infobae\/SPGGFMCIKFCUXHLGIHLCFAPB7Q.jpg 768w,https:\/\/www.infobae.com\/new-resizer\/Def4nWQZxwC0txUD8pSELD_VooI=\/992x558\/filters:format(webp):quality(85)\/cloudfront-us-east-1.images.arcpublishing.com\/infobae\/SPGGFMCIKFCUXHLGIHLCFAPB7Q.jpg 992w,https:\/\/www.infobae.com\/new-resizer\/cQ4VMHa4izqzMYCP7sWkjR8npG8=\/1200x675\/filters:format(webp):quality(85)\/cloudfront-us-east-1.images.arcpublishing.com\/infobae\/SPGGFMCIKFCUXHLGIHLCFAPB7Q.jpg 1200w,https:\/\/www.infobae.com\/new-resizer\/dKY3A8aRX_r-Om8mzQhFTXzs07I=\/1440x810\/filters:format(webp):quality(85)\/cloudfront-us-east-1.images.arcpublishing.com\/infobae\/SPGGFMCIKFCUXHLGIHLCFAPB7Q.jpg 1440w\">El parte m\u00e9dico que public\u00f3 Boca Juniors<\/p>\n\n\n\n<p>Luego de disputar una pelota que no pudo controlar con el futbolista Mat\u00edas Ibacache sobre el costado de la cancha, Zeballos no pudo afirmarse bien y ese mal movimiento le gener\u00f3 la lesi\u00f3n. Instantes antes, le hab\u00eda dado una asistencia a Miguel Merentiel para el 3-4 parcial que ya no se modificar\u00eda en el tanteador. El n\u00famero 7 se dio cuenta enseguida de que algo no estaba bien porque\u00a0<strong>rompi\u00f3 en llanto sentado en el c\u00e9sped<\/strong>, mientras los auxiliares m\u00e9dicos lo revisaban y hac\u00edan se\u00f1as al banco de suplentes para advertir que ten\u00eda que ser reemplazado.<\/p>\n\n\n\n<p>En su historial aparece como la lesi\u00f3n m\u00e1s destacada la fractura de tibia que le&nbsp;<a rel=\"noreferrer noopener\" href=\"https:\/\/www.infobae.com\/deportes\/2022\/08\/11\/la-brutal-patada-de-un-defensor-de-agropecuario-que-saco-de-la-cancha-a-zeballos-y-el-desconsolado-llanto-del-juvenil-de-boca-juniors\/\" target=\"_blank\">provoc\u00f3 la entrada del defensor Milton Leyendeker<\/a>&nbsp;ante Agropecuario por la Copa Argentina 2021.&nbsp;<strong>En febrero de este a\u00f1o hab\u00eda sido operado por una lesi\u00f3n meniscal externa en su rodilla izquierda<\/strong>. Y, cuando parec\u00eda ir recuperando su mejor versi\u00f3n, con duelos como titular e ingresos productivos como ante el&nbsp;<em>Pirata<\/em>, un nuevo golpe.<\/p>\n\n\n\n<p>En conferencia de prensa, Jorge Almir\u00f3n hab\u00eda advertido: \u201cEs prematuro. Ahora voy a hablar con el m\u00e9dico. Le doli\u00f3 mucho, era la rodilla, pero<strong>&nbsp;habr\u00e1 que esperar los estudios para ver qu\u00e9 tiene<\/strong>\u201d. Vale mencionar que si bien Zeballos no hab\u00eda tenido minutos en la revancha contra Palmeiras en San Pablo, es considerado una pieza de recambio relevante para el cuerpo t\u00e9cnico. El santiague\u00f1o hab\u00eda tenido acci\u00f3n en los otros cinco encuentros correspondientes a las series eliminatorias por la Libertadores ante Nacional de Montevideo, Racing y la ida contra los brasile\u00f1os.<\/p>\n\n\n\n<p>Hay que recordar que la \u00fanica baja por lesi\u00f3n que Boca ten\u00eda hasta este momento era la de&nbsp;<strong>Luca Langoni<\/strong>, quien sufri\u00f3 una serie de desgarros que lo dejaron afuera de las canchas. El \u00faltimo se origin\u00f3 despu\u00e9s de ingresar contra Platense en la primera fecha de la Copa de la Liga. A partir de ese episodio, el cuerpo t\u00e9cnico y m\u00e9dico decidieron que se someta a un plan de rehabilitaci\u00f3n especial. Transcurrieron ya casi dos meses desde su ruptura fibrilar, por lo que el pr\u00f3ximo s\u00e1bado tendr\u00e1 chances de reaparecer en la Reserva contra la&nbsp;<em>Academia<\/em>. El sue\u00f1o del punta de 21 a\u00f1os es estar presente en la final de la Libertadores del s\u00e1bado 4 de noviembre, pero Almir\u00f3n quiere llevarlo de a poco para que adquiera rodaje y no sufra otro percance f\u00edsico.<\/p>\n\n\n\n<p>Si bien el partido m\u00e1s relevante del&nbsp;<em>Xeneize<\/em>&nbsp;en lo que queda del a\u00f1o es la definici\u00f3n de la Libertadores en R\u00edo de Janeiro, el elenco de Almir\u00f3n todav\u00eda tiene acci\u00f3n por Copa Argentina y Copa de la Liga. Este domingo 15 de octubre, a partir de las 21.10, enfrentar\u00e1 a&nbsp;<strong>Talleres de C\u00f3rdoba por los cuartos de final de la Copa Argentina<\/strong>&nbsp;en el&nbsp;<em>Estadio Malvinas Argentinas<\/em>&nbsp;de Mendoza.<\/p>\n\n\n\n<p>Al mismo tiempo, la grilla indica que afrontar\u00e1 al menos seis partidos m\u00e1s por la Copa de la Liga. La organizaci\u00f3n ya confirm\u00f3 tres de esas seis fechas: enfrentar\u00e1 a&nbsp;<strong>Uni\u00f3n de Santa Fe en la Bombonera<\/strong>&nbsp;(viernes 20\/10 a las 21.45), luego visitar\u00e1 a&nbsp;<strong>Racing en Avellaneda<\/strong>&nbsp;(martes 24\/10 a las 19) y ser\u00e1 local de&nbsp;<strong>Estudiantes de La Plata<\/strong>&nbsp;(s\u00e1bado 28\/10 a las 19). Luego se topar\u00e1 con&nbsp;<strong>San Lorenzo<\/strong>&nbsp;(de visitante),&nbsp;<strong>Newell\u2019s&nbsp;<\/strong>(de local) y&nbsp;<strong>Godoy Cruz<\/strong>&nbsp;(en Mendoza).<\/p>\n\n\n\n<p>Actualmente, el&nbsp;<em>Xeneize<\/em>&nbsp;est\u00e1 11\u00b0 en el Grupo B con 7 unidades, a cinco de Godoy Cruz y Defensa y Justicia que son los \u00faltimos dos de su zona que estar\u00edan avanzando a los playoffs. En caso de terminar entre los cuatro primeros del Grupo B, la agenda de Boca hasta fin de a\u00f1o tendr\u00e1, como m\u00e1ximo, tres compromisos m\u00e1s por este certamen.<\/p>\n\n\n\n<p><img decoding=\"async\" loading=\"lazy\" height=\"2142\" width=\"3061\" srcset=\"https:\/\/www.infobae.com\/new-resizer\/r4ZwYl7zGtHiZMB9c7n_aHVNjj8=\/420x280\/filters:format(webp):quality(85)\/cloudfront-us-east-1.images.arcpublishing.com\/infobae\/2AHBWU5MLJBZXHMXAZUNB2GGGM.JPG 420w,https:\/\/www.infobae.com\/new-resizer\/iHNTRmUIXYsxuVAuRh21ZFPaVV4=\/768x512\/filters:format(webp):quality(85)\/cloudfront-us-east-1.images.arcpublishing.com\/infobae\/2AHBWU5MLJBZXHMXAZUNB2GGGM.JPG 768w,https:\/\/www.infobae.com\/new-resizer\/KvaTxDtFDWfAZya1Ei4AlpLLTU4=\/992x661\/filters:format(webp):quality(85)\/cloudfront-us-east-1.images.arcpublishing.com\/infobae\/2AHBWU5MLJBZXHMXAZUNB2GGGM.JPG 992w,https:\/\/www.infobae.com\/new-resizer\/NDnC9ukgVHq46eTqm4fl_EudgP8=\/1200x800\/filters:format(webp):quality(85)\/cloudfront-us-east-1.images.arcpublishing.com\/infobae\/2AHBWU5MLJBZXHMXAZUNB2GGGM.JPG 1200w,https:\/\/www.infobae.com\/new-resizer\/iuaTQrl1sIKbjTfq7C6z5FPR3Ss=\/1440x960\/filters:format(webp):quality(85)\/cloudfront-us-east-1.images.arcpublishing.com\/infobae\/2AHBWU5MLJBZXHMXAZUNB2GGGM.JPG 1440w\" src=\"https:\/\/www.infobae.com\/new-resizer\/HOZqF2u63qv9c8_LZcJV7JknzSU=\/arc-anglerfish-arc2-prod-infobae\/public\/2AHBWU5MLJBZXHMXAZUNB2GGGM.JPG\" alt=\"La reacci\u00f3n del Changuito Zeballos tras su lesi\u00f3n (Fotobaires)\">La reacci\u00f3n del Changuito Zeballos tras su lesi\u00f3n (Fotobaires)<\/p>\n\n\n\n<p>Fuente: Infobae<\/p>\n","protected":false},"excerpt":{"rendered":"<div class=\"mh-excerpt\"><p>Lamentablemente para el Mundo Boca, la peor noticia se confirm\u00f3:\u00a0Exequiel Zeballos sufri\u00f3 una grave lesi\u00f3n\u00a0que no solamente lo dejar\u00e1 afuera de la final de la Copa Libertadores ante Fluminense sino que le demandar\u00e1 varios meses de recuperaci\u00f3n y no tendr\u00e1 actividad oficial hasta 2024. El\u00a0Changuito, que ingres\u00f3 en el duelo de ayer en C\u00f3rdoba ante Belgrano,\u00a0dur\u00f3 apenas diez minutos\u00a0en cancha por una grave molestia en la rodilla derecha. Los estudios que se realiz\u00f3 en el d\u00eda de hoy determinaron que sufri\u00f3 una&nbsp;rotura ligamentaria en su rodilla derecha.&nbsp;As\u00ed lo confirm\u00f3 el Departamento M\u00e9dico de la instituci\u00f3n de la Ribera. \u201cExequiel Zeballos:&nbsp;ruptura <a class=\"mh-excerpt-more\" href=\"http:\/\/dsrmedios.com.ar\/diario\/archivos\/40367\" title=\"Boca Juniors confirm\u00f3 que el Changuito Zeballos sufri\u00f3 una rotura de ligamentos\">[Leer m\u00e1s]<\/a><\/p>\n<\/div>","protected":false},"author":8,"featured_media":40368,"comment_status":"open","ping_status":"closed","sticky":false,"template":"","format":"standard","meta":{"_jetpack_newsletter_access":""},"categories":[2],"tags":[],"jetpack_featured_media_url":"http:\/\/dsrmedios.com.ar\/diario\/wp-content\/uploads\/2023\/10\/9474065e1ab8c9a8fede67e4ad6a3a25.jpeg","jetpack_sharing_enabled":true,"jetpack_shortlink":"https:\/\/wp.me\/p9fihK-av5","_links":{"self":[{"href":"http:\/\/dsrmedios.com.ar\/diario\/wp-json\/wp\/v2\/posts\/40367"}],"collection":[{"href":"http:\/\/dsrmedios.com.ar\/diario\/wp-json\/wp\/v2\/posts"}],"about":[{"href":"http:\/\/dsrmedios.com.ar\/diario\/wp-json\/wp\/v2\/types\/post"}],"author":[{"embeddable":true,"href":"http:\/\/dsrmedios.com.ar\/diario\/wp-json\/wp\/v2\/users\/8"}],"replies":[{"embeddable":true,"href":"http:\/\/dsrmedios.com.ar\/diario\/wp-json\/wp\/v2\/comments?post=40367"}],"version-history":[{"count":1,"href":"http:\/\/dsrmedios.com.ar\/diario\/wp-json\/wp\/v2\/posts\/40367\/revisions"}],"predecessor-version":[{"id":40369,"href":"http:\/\/dsrmedios.com.ar\/diario\/wp-json\/wp\/v2\/posts\/40367\/revisions\/40369"}],"wp:featuredmedia":[{"embeddable":true,"href":"http:\/\/dsrmedios.com.ar\/diario\/wp-json\/wp\/v2\/media\/40368"}],"wp:attachment":[{"href":"http:\/\/dsrmedios.com.ar\/diario\/wp-json\/wp\/v2\/media?parent=40367"}],"wp:term":[{"taxonomy":"category","embeddable":true,"href":"http:\/\/dsrmedios.com.ar\/diario\/wp-json\/wp\/v2\/categories?post=40367"},{"taxonomy":"post_tag","embeddable":true,"href":"http:\/\/dsrmedios.com.ar\/diario\/wp-json\/wp\/v2\/tags?post=40367"}],"curies":[{"name":"wp","href":"https:\/\/api.w.org\/{rel}","templated":true}]}}