{"id":40341,"date":"2023-10-11T15:14:38","date_gmt":"2023-10-11T18:14:38","guid":{"rendered":"http:\/\/dsrmedios.com.ar\/diario\/?p=40341"},"modified":"2023-10-11T15:14:40","modified_gmt":"2023-10-11T18:14:40","slug":"la-justicia-suspendio-la-pericia-del-celular-de-chocolate-rigau","status":"publish","type":"post","link":"http:\/\/dsrmedios.com.ar\/diario\/archivos\/40341","title":{"rendered":"La Justicia suspendi\u00f3 la pericia del celular de \u201cChocolate\u201d Rigau"},"content":{"rendered":"\n<p>La Justicia orden\u00f3 la&nbsp;<strong>suspensi\u00f3n&nbsp;<\/strong>de la pericia al celular del puntero del PJ,&nbsp;<a href=\"https:\/\/tn.com.ar\/politica\/2023\/10\/10\/caso-chocolate-la-justicia-confirmo-la-apertura-del-celular-de-rigau-y-ordeno-seguir-con-la-investigacion\/\" target=\"_blank\" rel=\"noreferrer noopener\"><strong>Julio \u201cChocolate\u201d Rigau<\/strong><\/a><strong>,<\/strong>&nbsp;investigado por retirar v\u00eda cajeros autom\u00e1ticos sueldos de supuestos empleados de la&nbsp;<a href=\"https:\/\/tn.com.ar\/politica\/2023\/09\/12\/detuvieron-a-un-puntero-del-pj-cuando-sacaba-plata-con-48-tarjetas-de-empleados-de-la-legislatura-bonaerense\/\" target=\"_blank\" rel=\"noreferrer noopener\">Legislatura bonaerense<\/a>, como revel\u00f3&nbsp;<em>Somos Buenos,<\/em>&nbsp;por&nbsp;<strong>TN.&nbsp;<\/strong>En la resoluci\u00f3n el Juez de Garant\u00edas,&nbsp;<strong>Federico Atencio,&nbsp;<\/strong>hizo lugar al pedido de la defensa ya que el recurso tiene efecto suspensivo.<\/p>\n\n\n\n<p>La resoluci\u00f3n suspende \u201cla realizaci\u00f3n de la pericia de an\u00e1lisis t\u00e9cnico dispuesta\u201d sobre el tel\u00e9fono de Rigau \u201chasta la<strong>\u00a0resoluci\u00f3n definitiva<\/strong>\u00a0del recurso\u201d, por la que se deber\u00e1n expedir los jueces de la C\u00e1mara de Apelaciones y Garant\u00edas de La Plata.<\/p>\n\n\n\n<p>La medida se dispuso en el d\u00eda en que estaba prevista la apertura del celular de Rigau, en la sede de la Unidad Funcional de Instrucci\u00f3n N\u00b015 de La Plata, por parte del perito Alejandro Leyes. La fiscal,&nbsp;<strong>Betina Lacki<\/strong>, titular de la UFI N\u00b02, hab\u00eda pedido indagar en la agenda de contactos, mensajes de WhatsApp y llamadas entrantes y salientes del equipo.<\/p>\n\n\n\n<h2>Las claves de la suspensi\u00f3n de la pericia del celular de Julio \u201cChocolate\u201d Rigau<\/h2>\n\n\n\n<ul>\n<li>El fallo que suspendi\u00f3 la pericia al celular de Rigau mencion\u00f3 que sus defensores pidieron \u201cla suspensi\u00f3n de la pericia de an\u00e1lisis telef\u00f3nico ordenada en el marco de la presente causa hasta tanto se encuentre en tr\u00e1mite la presente impugnaci\u00f3n\u201d.<\/li>\n\n\n\n<li>El juez hizo lugar a la apelaci\u00f3n y orden\u00f3 \u201csuspender la realizaci\u00f3n de la pericia de an\u00e1lisis t\u00e9cnico dispuesta sobre el tel\u00e9fono del imputado secuestrado en autos, hasta la&nbsp;<strong>resoluci\u00f3n&nbsp;<\/strong>en definitiva del recurso aqu\u00ed concedido\u201d.<\/li>\n\n\n\n<li>La suspensi\u00f3n fue por la apelaci\u00f3n de la defensa del puntero a cargo de Alfredo Gazc\u00f3n, porque la causa fue decretada&nbsp;<a href=\"https:\/\/tn.com.ar\/politica\/2023\/09\/21\/anularon-la-causa-de-las-tarjetas-de-la-legislatura-bonaerense-liberaron-al-puntero-que-vaciaba-las-cuentas\/\" target=\"_blank\" rel=\"noreferrer noopener\"><strong>nula<\/strong><\/a>por la C\u00e1mara de Apelaciones de Garant\u00edas de La Plata.<\/li>\n\n\n\n<li>La pericia hab\u00eda sido pedida por la fiscal Lacki para proseguir con la investigaci\u00f3n, porque consider\u00f3 que la nulidad decretada por la C\u00e1mara de La Plata<strong>&nbsp;no ten\u00eda efectos suspensivos<\/strong>&nbsp;sobre la continuidad de la causa porque no estaba firme.<\/li>\n\n\n\n<li>Todav\u00eda falta el pronunciamiento de la C\u00e1mara de Casaci\u00f3n Bonaerense sobre ese fallo, o sea si convalida la nulidad o habilita que siga la causa.<\/li>\n\n\n\n<li>Los camaristas Juan Alberto Benavides y Alejandro Villordo decretaron nulo el caso porque consideraron que a Rigau lo detuvieron&nbsp;<strong>sin previa autorizaci\u00f3n&nbsp;<\/strong>judicial para actuar.<\/li>\n\n\n\n<li>En funci\u00f3n de ello tambi\u00e9n evaluaron que el aviso que la polic\u00eda dio a la Justicia fue tard\u00edo, porque reci\u00e9n lo hicieron cuando llevaron a Rigau a la comisar\u00eda y luego de secuestrarle su celular, las 48 tarjetas pertenecientes a empleados de la Legislatura Bonaerense y poco m\u00e1s de un mill\u00f3n de pesos en efectivo.<\/li>\n<\/ul>\n\n\n\n<p>Fuente: TN<\/p>\n","protected":false},"excerpt":{"rendered":"<div class=\"mh-excerpt\"><p>La Justicia orden\u00f3 la&nbsp;suspensi\u00f3n&nbsp;de la pericia al celular del puntero del PJ,&nbsp;Julio \u201cChocolate\u201d Rigau,&nbsp;investigado por retirar v\u00eda cajeros autom\u00e1ticos sueldos de supuestos empleados de la&nbsp;Legislatura bonaerense, como revel\u00f3&nbsp;Somos Buenos,&nbsp;por&nbsp;TN.&nbsp;En la resoluci\u00f3n el Juez de Garant\u00edas,&nbsp;Federico Atencio,&nbsp;hizo lugar al pedido de la defensa ya que el recurso tiene efecto suspensivo. La resoluci\u00f3n suspende \u201cla realizaci\u00f3n de la pericia de an\u00e1lisis t\u00e9cnico dispuesta\u201d sobre el tel\u00e9fono de Rigau \u201chasta la\u00a0resoluci\u00f3n definitiva\u00a0del recurso\u201d, por la que se deber\u00e1n expedir los jueces de la C\u00e1mara de Apelaciones y Garant\u00edas de La Plata. La medida se dispuso en el d\u00eda en que estaba prevista la <a class=\"mh-excerpt-more\" href=\"http:\/\/dsrmedios.com.ar\/diario\/archivos\/40341\" title=\"La Justicia suspendi\u00f3 la pericia del celular de \u201cChocolate\u201d Rigau\">[Leer m\u00e1s]<\/a><\/p>\n<\/div>","protected":false},"author":8,"featured_media":40342,"comment_status":"open","ping_status":"closed","sticky":false,"template":"","format":"standard","meta":{"_jetpack_newsletter_access":""},"categories":[6],"tags":[],"jetpack_featured_media_url":"http:\/\/dsrmedios.com.ar\/diario\/wp-content\/uploads\/2023\/10\/DCLCUEPPFVFSLNIGOXKTTPNLDM.jpg","jetpack_sharing_enabled":true,"jetpack_shortlink":"https:\/\/wp.me\/p9fihK-auF","_links":{"self":[{"href":"http:\/\/dsrmedios.com.ar\/diario\/wp-json\/wp\/v2\/posts\/40341"}],"collection":[{"href":"http:\/\/dsrmedios.com.ar\/diario\/wp-json\/wp\/v2\/posts"}],"about":[{"href":"http:\/\/dsrmedios.com.ar\/diario\/wp-json\/wp\/v2\/types\/post"}],"author":[{"embeddable":true,"href":"http:\/\/dsrmedios.com.ar\/diario\/wp-json\/wp\/v2\/users\/8"}],"replies":[{"embeddable":true,"href":"http:\/\/dsrmedios.com.ar\/diario\/wp-json\/wp\/v2\/comments?post=40341"}],"version-history":[{"count":1,"href":"http:\/\/dsrmedios.com.ar\/diario\/wp-json\/wp\/v2\/posts\/40341\/revisions"}],"predecessor-version":[{"id":40343,"href":"http:\/\/dsrmedios.com.ar\/diario\/wp-json\/wp\/v2\/posts\/40341\/revisions\/40343"}],"wp:featuredmedia":[{"embeddable":true,"href":"http:\/\/dsrmedios.com.ar\/diario\/wp-json\/wp\/v2\/media\/40342"}],"wp:attachment":[{"href":"http:\/\/dsrmedios.com.ar\/diario\/wp-json\/wp\/v2\/media?parent=40341"}],"wp:term":[{"taxonomy":"category","embeddable":true,"href":"http:\/\/dsrmedios.com.ar\/diario\/wp-json\/wp\/v2\/categories?post=40341"},{"taxonomy":"post_tag","embeddable":true,"href":"http:\/\/dsrmedios.com.ar\/diario\/wp-json\/wp\/v2\/tags?post=40341"}],"curies":[{"name":"wp","href":"https:\/\/api.w.org\/{rel}","templated":true}]}}