{"id":40332,"date":"2023-10-11T15:07:00","date_gmt":"2023-10-11T18:07:00","guid":{"rendered":"http:\/\/dsrmedios.com.ar\/diario\/?p=40332"},"modified":"2023-10-11T15:07:03","modified_gmt":"2023-10-11T18:07:03","slug":"la-suba-del-dolar-blue-provoco-un-giro-en-la-campana-oficialista-cual-es-la-nueva-estrategia-de-massa","status":"publish","type":"post","link":"http:\/\/dsrmedios.com.ar\/diario\/archivos\/40332","title":{"rendered":"La suba del d\u00f3lar blue provoc\u00f3 un giro en la campa\u00f1a oficialista: cu\u00e1l es la nueva estrategia de Massa"},"content":{"rendered":"\n<p>La&nbsp;<a href=\"https:\/\/tn.com.ar\/economia\/2023\/10\/11\/dolar-blue-y-dolar-hoy-todas-las-cotizaciones-de-este-miercoles-11-de-octubre\/\" target=\"_blank\" rel=\"noreferrer noopener\"><strong>suba del d\u00f3lar blue<\/strong><\/a>&nbsp;provoc\u00f3 un quiebre en la campa\u00f1a presidencial de&nbsp;<a href=\"https:\/\/tn.com.ar\/politica\/2023\/10\/10\/el-oficialismo-responsabiliza-a-javier-milei-por-la-subida-del-dolar-blue-y-habla-de-un-golpe-de-mercado\/\" target=\"_blank\" rel=\"noreferrer noopener\"><strong>Sergio Massa<\/strong><\/a>. A menos de dos semanas de las elecciones, en&nbsp;<a href=\"https:\/\/tn.com.ar\/politica\/2023\/10\/10\/crece-la-preocupacion-en-el-gobierno-por-la-suba-del-dolar-blue-en-la-recta-final-de-la-campana\/\" target=\"_blank\" rel=\"noreferrer noopener\"><strong>Uni\u00f3n por la Patria<\/strong><\/a>&nbsp;(UxP) parecen decididos a hacer un giro en la estrategia de campa\u00f1a y endurecen la confrontaci\u00f3n directa con&nbsp;<a href=\"https:\/\/tn.com.ar\/politica\/2023\/10\/10\/milei-fue-denunciado-por-incitacion-a-la-violencia-economica-por-sus-dichos-sobre-el-dolar\/\" target=\"_blank\" rel=\"noreferrer noopener\"><strong>Javier Milei<\/strong><\/a>al entender que el candidato libertario provoc\u00f3, con declaraciones explosivas, una&nbsp;<strong>corrida&nbsp;<\/strong>que dispar\u00f3 el valor de la divisa estadounidense en el mercado paralelo.<\/p>\n\n\n\n<p>En el oficialismo repitieron durante meses que<strong>\u00a0su estrategia no era atacar personalmente a Milei<\/strong>\u00a0ni a sus votantes, sino\u00a0<strong>\u201ccuestionar sus ideas\u201d<\/strong>; es decir, empujar al electorado a que piense lo que implicar\u00eda llevar a la pr\u00e1ctica algunas de sus propuestas del postulante de La Libertad Avanza, como \u201carmar a los j\u00f3venes, permitir la venta de \u00f3rganos, cerrar los mercados de Brasil y China y clausurar jardines maternales y escuelas\u201d.<\/p>\n\n\n\n<p>Pero esta semana, luego de que Milei&nbsp;<a href=\"https:\/\/tn.com.ar\/politica\/2023\/10\/09\/javier-milei-aseguro-que-habra-dolarizacion-y-recomendo-no-renovar-los-plazos-fijos\/\" target=\"_blank\" rel=\"noreferrer noopener\">desaconsejara a los ahorristas mantener plazos fijos en pesos&nbsp;<\/a>y que el d\u00f3lar blue se disparara, Massa apunt\u00f3 directamente contra el l\u00edder libertario: lo catalog\u00f3 de&nbsp;<strong>\u201cirresponsable\u201d<\/strong>&nbsp;y dijo que&nbsp;<strong>\u201cno le importa la gente<\/strong>\u201d. Es un giro discursivo con el que el Gobierno encara una polarizaci\u00f3n mucho m\u00e1s dura con el libertario.<\/p>\n\n\n\n<h2>La suba del d\u00f3lar blue provoc\u00f3 un giro en la campa\u00f1a oficialista: cu\u00e1l es la nueva estrategia de Massa<\/h2>\n\n\n\n<figure class=\"wp-block-image\"><img decoding=\"async\" src=\"https:\/\/tn.com.ar\/resizer\/NbzTsEg8vpDN5FIIRPNGjUzWKk0=\/767x0\/smart\/filters:format(webp)\/cloudfront-us-east-1.images.arcpublishing.com\/artear\/DDPDA7DG2JCURG5HXD4D4EPP5M.jpg\" alt=\"Javier Milei desaconsej\u00f3 los plazos fijos y el Gobierno entiende que provoc\u00f3 una corrida. (Foto: AP - Natacha Pisarenko).\"\/><figcaption class=\"wp-element-caption\">Javier Milei desaconsej\u00f3 los plazos fijos y el Gobierno entiende que provoc\u00f3 una corrida. (Foto: AP &#8211; Natacha Pisarenko).<\/figcaption><\/figure>\n\n\n\n<p>\u201cCuando veo candidatos que\u00a0<strong>por un voto son capaces de prender fuego una casa<\/strong>, la verdad es que me preocupo. Esa irresponsabilidad no me hace da\u00f1o a m\u00ed, no le hace da\u00f1o al gobierno, le hace da\u00f1o a millones de argentinos\u201d, dispar\u00f3 el ministro de Econom\u00eda, mostrando que, de alguna manera,\u00a0<strong>el \u201cpacto de no agresi\u00f3n\u201d se rompi\u00f3<\/strong>.<\/p>\n\n\n\n<p>Pero Massa no fue el \u00fanico funcionario que cruz\u00f3 a Milei por sus declaraciones: en la misma l\u00ednea,&nbsp;<a href=\"https:\/\/tn.com.ar\/politica\/2023\/09\/21\/debate-en-a-dos-voces-rossi-explico-por-que-hizo-un-llamativo-gesto-que-descoloco-al-resto-de-los-candidatos\/\"><strong>Agust\u00edn Rossi<\/strong><\/a>&nbsp;y&nbsp;<a href=\"https:\/\/tn.com.ar\/politica\/2023\/09\/08\/la-participacion-de-cfk-y-alberto-fernandez-en-la-campana-aun-se-debate-en-uxp-larroque-cruzo-a-tolosa-paz\/\"><strong>Andr\u00e9s Larroque<\/strong><\/a>advirtieron que Milei pretende generar un<strong>&nbsp;\u201cgolpe de mercado\u201d<\/strong>, mientras que&nbsp;<strong>Malena Galmarini<\/strong>&nbsp;pidi\u00f3 que se aplique la ley de<strong>&nbsp;\u201ctraici\u00f3n a la Patria\u201d<\/strong>. Por su parte,&nbsp;<strong>los libertarios redoblaron la apuesta<\/strong>&nbsp;y dijeron que tanto Massa y Alberto Fern\u00e1ndez como Cristina Kirchner&nbsp;<strong>\u201cdeben hacerse cargo del descalabro econ\u00f3mico que provocaron\u201d<\/strong>.<\/p>\n\n\n\n<p>Aunque en el oficialismo lo nieguen, existi\u00f3 una orden directa para que los voceros del espacio salgan a atacar a Milei. \u201cImaginen c\u00f3mo podr\u00eda ser una eventual presidencia de Milei si as\u00ed act\u00faa como candidato, es un irresponsable\u201d, repiten en la sede del oficialismo.<\/p>\n\n\n\n<figure class=\"wp-block-image\"><img decoding=\"async\" src=\"https:\/\/tn.com.ar\/resizer\/J_VYXJzIjpr08LNn1ZmQLfjP0Yc=\/767x0\/smart\/filters:format(webp)\/cloudfront-us-east-1.images.arcpublishing.com\/artear\/PMDU6452GBBIZB6K7GSI6HANAA.jpg\" alt=\"El ministro y candidato Sergio Massa enfrenta una nueva corrida contra el peso en la antesala de las elecciones generales. (Foto: Reuters)\"\/><figcaption class=\"wp-element-caption\">El ministro y candidato Sergio Massa enfrenta una nueva corrida contra el peso en la antesala de las elecciones generales. (Foto: Reuters)<\/figcaption><\/figure>\n\n\n\n<p>En estas dos semanas, la campa\u00f1a del oficialismo se ver\u00e1 marcada por un&nbsp;<strong>tono mucho m\u00e1s agresivo entre Massa y Milei<\/strong>. Esta polarizaci\u00f3n, seg\u00fan entienden en la sede de campa\u00f1a de UxP, sirve para sacar a&nbsp;<strong>Patricia Bullrich<\/strong>&nbsp;de la contienda y&nbsp;<strong>meter al ministro de Econom\u00eda en un balotaje<\/strong>&nbsp;contra el libertario.<\/p>\n\n\n\n<h2>Las medidas de Massa para frenar el d\u00f3lar blue<\/h2>\n\n\n\n<p>Tras la suba del d\u00f3lar, Massa orden\u00f3 una serie de&nbsp;<strong>medidas para contener la disparada<\/strong>&nbsp;y&nbsp;<strong>proteger las<\/strong>&nbsp;<strong>reservas<\/strong>&nbsp;en un momento cr\u00edtico:<\/p>\n\n\n\n<ul>\n<li><strong>Operativos contra los \u201cdelincuentes financieros\u201d:<\/strong>&nbsp;seg\u00fan se inform\u00f3 desde el Palacio de Hacienda, un equipo formado por&nbsp;<strong>Eduardo Casal, Carlos Castagneto y Guillermo Michel<\/strong>&nbsp;est\u00e1n a cargo del seguimiento judicial de los \u201cdelincuentes financieros\u201d que sacan r\u00e9dito de la suba del d\u00f3lar mediante arbitraje. \u201cVan a ir por lo penal econ\u00f3mico como por lo general y lavado.&nbsp;<strong>Los quiere presos<\/strong>\u201d, revelan en Econom\u00eda.<\/li>\n\n\n\n<li><strong>Activaci\u00f3n del swap con China:&nbsp;<\/strong>Massa avanzar\u00e1 en las pr\u00f3ximas horas el segundo tramo del swap con China por el equivalente de<strong>&nbsp;US$ 5000 millones.<\/strong>&nbsp;El Banco Central ya envi\u00f3 la carta para la activaci\u00f3n de la l\u00ednea al Banco Popular de China y los fondos estar\u00edan disponibles el pr\u00f3ximo mi\u00e9rcoles 18.<\/li>\n\n\n\n<li><strong>Subasta del Enacom:\u00a0<\/strong>ingresar\u00e1n\u00a0<strong>US$<\/strong>\u00a0<strong>1050 millones<\/strong>\u00a0al Tesoro por la subasta de las bandas de frecuencias para el despliegue, desarrollo y prestaci\u00f3n del servicio de quinta generaci\u00f3n (<strong>5G<\/strong>).<\/li>\n<\/ul>\n\n\n\n<p>Fuente: tn<\/p>\n","protected":false},"excerpt":{"rendered":"<div class=\"mh-excerpt\"><p>La&nbsp;suba del d\u00f3lar blue&nbsp;provoc\u00f3 un quiebre en la campa\u00f1a presidencial de&nbsp;Sergio Massa. A menos de dos semanas de las elecciones, en&nbsp;Uni\u00f3n por la Patria&nbsp;(UxP) parecen decididos a hacer un giro en la estrategia de campa\u00f1a y endurecen la confrontaci\u00f3n directa con&nbsp;Javier Mileial entender que el candidato libertario provoc\u00f3, con declaraciones explosivas, una&nbsp;corrida&nbsp;que dispar\u00f3 el valor de la divisa estadounidense en el mercado paralelo. En el oficialismo repitieron durante meses que\u00a0su estrategia no era atacar personalmente a Milei\u00a0ni a sus votantes, sino\u00a0\u201ccuestionar sus ideas\u201d; es decir, empujar al electorado a que piense lo que implicar\u00eda llevar a la pr\u00e1ctica algunas de <a class=\"mh-excerpt-more\" href=\"http:\/\/dsrmedios.com.ar\/diario\/archivos\/40332\" title=\"La suba del d\u00f3lar blue provoc\u00f3 un giro en la campa\u00f1a oficialista: cu\u00e1l es la nueva estrategia de Massa\">[Leer m\u00e1s]<\/a><\/p>\n<\/div>","protected":false},"author":8,"featured_media":32828,"comment_status":"open","ping_status":"closed","sticky":false,"template":"","format":"standard","meta":{"_jetpack_newsletter_access":""},"categories":[6],"tags":[],"jetpack_featured_media_url":"http:\/\/dsrmedios.com.ar\/diario\/wp-content\/uploads\/2023\/05\/massa-9-940x627-1.jpg","jetpack_sharing_enabled":true,"jetpack_shortlink":"https:\/\/wp.me\/p9fihK-auw","_links":{"self":[{"href":"http:\/\/dsrmedios.com.ar\/diario\/wp-json\/wp\/v2\/posts\/40332"}],"collection":[{"href":"http:\/\/dsrmedios.com.ar\/diario\/wp-json\/wp\/v2\/posts"}],"about":[{"href":"http:\/\/dsrmedios.com.ar\/diario\/wp-json\/wp\/v2\/types\/post"}],"author":[{"embeddable":true,"href":"http:\/\/dsrmedios.com.ar\/diario\/wp-json\/wp\/v2\/users\/8"}],"replies":[{"embeddable":true,"href":"http:\/\/dsrmedios.com.ar\/diario\/wp-json\/wp\/v2\/comments?post=40332"}],"version-history":[{"count":1,"href":"http:\/\/dsrmedios.com.ar\/diario\/wp-json\/wp\/v2\/posts\/40332\/revisions"}],"predecessor-version":[{"id":40336,"href":"http:\/\/dsrmedios.com.ar\/diario\/wp-json\/wp\/v2\/posts\/40332\/revisions\/40336"}],"wp:featuredmedia":[{"embeddable":true,"href":"http:\/\/dsrmedios.com.ar\/diario\/wp-json\/wp\/v2\/media\/32828"}],"wp:attachment":[{"href":"http:\/\/dsrmedios.com.ar\/diario\/wp-json\/wp\/v2\/media?parent=40332"}],"wp:term":[{"taxonomy":"category","embeddable":true,"href":"http:\/\/dsrmedios.com.ar\/diario\/wp-json\/wp\/v2\/categories?post=40332"},{"taxonomy":"post_tag","embeddable":true,"href":"http:\/\/dsrmedios.com.ar\/diario\/wp-json\/wp\/v2\/tags?post=40332"}],"curies":[{"name":"wp","href":"https:\/\/api.w.org\/{rel}","templated":true}]}}