{"id":40330,"date":"2023-10-11T11:44:23","date_gmt":"2023-10-11T14:44:23","guid":{"rendered":"http:\/\/dsrmedios.com.ar\/diario\/?p=40330"},"modified":"2023-10-11T11:44:26","modified_gmt":"2023-10-11T14:44:26","slug":"el-papa-francisco-pidio-a-hamas-que-libere-a-los-rehenes-y-hablo-sobre-la-respuesta-de-israel","status":"publish","type":"post","link":"http:\/\/dsrmedios.com.ar\/diario\/archivos\/40330","title":{"rendered":"El papa Francisco pidi\u00f3 a Hamas que libere a los rehenes y habl\u00f3 sobre la respuesta de Israel"},"content":{"rendered":"\n<p>El Papa Francisco emiti\u00f3 este mi\u00e9rcoles un llamado urgente en favor de la liberaci\u00f3n inmediata de los rehenes capturados en Israel por el grupo terrorista palestino Hamas despu\u00e9s del sorpresivo y brutal ataque ocurrido el fin de semana.<\/p>\n\n\n\n<p>En palabras del pont\u00edfice, expresadas tras su audiencia general semanal en el Vaticano, \u201cPido que los rehenes sean liberados de inmediato. Quienes han sido atacados tienen derecho a defenderse\u201d. En este contexto, el Papa subray\u00f3 que el terrorismo y los extremismos no contribuyen a resolver el conflicto entre israel\u00edes y palestinos, sino que avivan el odio, la violencia y el deseo de venganza, causando sufrimiento tanto a unos como a otros.<\/p>\n\n\n\n<p>Adem\u00e1s, el Papa Francisco enfatiz\u00f3 la necesidad imperante de paz en la regi\u00f3n de Medio Oriente, enfatizando que esta paz debe estar fundamentada en la justicia, el di\u00e1logo y la valent\u00eda de la fraternidad. Estas declaraciones se producen en un contexto en el que Israel ha llevado a cabo una serie de ataques contra cientos de objetivos terroristas de Hamas, que gobierna la Franja de Gaza, como respuesta al ataque sorpresivo en territorio israel\u00ed que result\u00f3 en la lamentable p\u00e9rdida de al menos 1.200 vidas.<\/p>\n\n\n\n<p>Es relevante destacar que este conflicto ha entrado en su quinto d\u00eda, con un reducido n\u00famero de lanzamientos de cohetes desde Gaza hacia Israel. Adem\u00e1s, se han registrado enfrentamientos en la frontera entre Israel y el L\u00edbano, incluido un ataque desde Siria hacia territorio israel\u00ed. Israel ha tomado control de \u00e1reas cercanas a la Franja de Gaza y ha mantenido una ofensiva continua en el enclave, imponiendo un asedio total.<\/p>\n\n\n\n<p>El Primer Ministro israel\u00ed, Benjamin Netanyahu, advirti\u00f3 que est\u00e1n comprometidos a utilizar la fuerza para garantizar su seguridad, y las fuerzas de seguridad han retomado cierto control de la frontera, aunque las infiltraciones a\u00fan representan una preocupaci\u00f3n.<\/p>\n\n\n\n<p>FUENTE: <strong>LABRUJULA<\/strong><\/p>\n","protected":false},"excerpt":{"rendered":"<div class=\"mh-excerpt\"><p>El Papa Francisco emiti\u00f3 este mi\u00e9rcoles un llamado urgente en favor de la liberaci\u00f3n inmediata de los rehenes capturados en Israel por el grupo terrorista palestino Hamas despu\u00e9s del sorpresivo y brutal ataque ocurrido el fin de semana. En palabras del pont\u00edfice, expresadas tras su audiencia general semanal en el Vaticano, \u201cPido que los rehenes sean liberados de inmediato. Quienes han sido atacados tienen derecho a defenderse\u201d. En este contexto, el Papa subray\u00f3 que el terrorismo y los extremismos no contribuyen a resolver el conflicto entre israel\u00edes y palestinos, sino que avivan el odio, la violencia y el deseo de <a class=\"mh-excerpt-more\" href=\"http:\/\/dsrmedios.com.ar\/diario\/archivos\/40330\" title=\"El papa Francisco pidi\u00f3 a Hamas que libere a los rehenes y habl\u00f3 sobre la respuesta de Israel\">[Leer m\u00e1s]<\/a><\/p>\n<\/div>","protected":false},"author":8,"featured_media":4561,"comment_status":"open","ping_status":"closed","sticky":false,"template":"","format":"standard","meta":{"_jetpack_newsletter_access":""},"categories":[6],"tags":[],"jetpack_featured_media_url":"http:\/\/dsrmedios.com.ar\/diario\/wp-content\/uploads\/2018\/03\/papa.jpg","jetpack_sharing_enabled":true,"jetpack_shortlink":"https:\/\/wp.me\/p9fihK-auu","_links":{"self":[{"href":"http:\/\/dsrmedios.com.ar\/diario\/wp-json\/wp\/v2\/posts\/40330"}],"collection":[{"href":"http:\/\/dsrmedios.com.ar\/diario\/wp-json\/wp\/v2\/posts"}],"about":[{"href":"http:\/\/dsrmedios.com.ar\/diario\/wp-json\/wp\/v2\/types\/post"}],"author":[{"embeddable":true,"href":"http:\/\/dsrmedios.com.ar\/diario\/wp-json\/wp\/v2\/users\/8"}],"replies":[{"embeddable":true,"href":"http:\/\/dsrmedios.com.ar\/diario\/wp-json\/wp\/v2\/comments?post=40330"}],"version-history":[{"count":1,"href":"http:\/\/dsrmedios.com.ar\/diario\/wp-json\/wp\/v2\/posts\/40330\/revisions"}],"predecessor-version":[{"id":40331,"href":"http:\/\/dsrmedios.com.ar\/diario\/wp-json\/wp\/v2\/posts\/40330\/revisions\/40331"}],"wp:featuredmedia":[{"embeddable":true,"href":"http:\/\/dsrmedios.com.ar\/diario\/wp-json\/wp\/v2\/media\/4561"}],"wp:attachment":[{"href":"http:\/\/dsrmedios.com.ar\/diario\/wp-json\/wp\/v2\/media?parent=40330"}],"wp:term":[{"taxonomy":"category","embeddable":true,"href":"http:\/\/dsrmedios.com.ar\/diario\/wp-json\/wp\/v2\/categories?post=40330"},{"taxonomy":"post_tag","embeddable":true,"href":"http:\/\/dsrmedios.com.ar\/diario\/wp-json\/wp\/v2\/tags?post=40330"}],"curies":[{"name":"wp","href":"https:\/\/api.w.org\/{rel}","templated":true}]}}