{"id":40329,"date":"2023-10-11T11:46:27","date_gmt":"2023-10-11T14:46:27","guid":{"rendered":"http:\/\/dsrmedios.com.ar\/diario\/?p=40329"},"modified":"2023-10-11T15:19:49","modified_gmt":"2023-10-11T18:19:49","slug":"octubre-rosa-concientizacion-contra-el-cancer-de-mama-en-jovenes-en-trama","status":"publish","type":"post","link":"http:\/\/dsrmedios.com.ar\/diario\/archivos\/40329","title":{"rendered":"Octubre Rosa: concientizaci\u00f3n contra el C\u00e1ncer de Mama en J\u00f3venes en Trama"},"content":{"rendered":"\n<p>La Municipalidad de Adolfo Alsina, a trav\u00e9s de la Secretar\u00eda de Salud, lleva adelante la campa\u00f1a \u201cOctubre Rosa\u201d, para la concientizaci\u00f3n sobre la prevenci\u00f3n y detecci\u00f3n precoz contra el c\u00e1ncer de mama.<br>&nbsp;<\/p>\n\n\n\n<p>Encabezada por la Secretaria de Salud, Dra. Diana Otero, se realiz\u00f3 una charla para J\u00f3venes en Trama \u2013 sede Carhu\u00e9. Estuvieron presentes: Eleana Ripani, m\u00e9dica generalista; Agustina Causson, Puericultora, y una estudiante de medicina del partido de Guamin\u00ed.<\/p>\n\n\n\n<p>Esta fue una de las varias charlas de concientizaci\u00f3n que se han dado y seguir\u00e1n a lo largo del mes de octubre en Adolfo Alsina, en el marco&nbsp;del<strong>&nbsp;<\/strong>D\u00eda Internacional de lucha contra el C\u00e1ncer de Mama que se conmemora cada 19 de octubre a nivel mundial.<\/p>\n","protected":false},"excerpt":{"rendered":"<div class=\"mh-excerpt\"><p>La Municipalidad de Adolfo Alsina, a trav\u00e9s de la Secretar\u00eda de Salud, lleva adelante la campa\u00f1a \u201cOctubre Rosa\u201d, para la concientizaci\u00f3n sobre la prevenci\u00f3n y detecci\u00f3n precoz contra el c\u00e1ncer de mama.&nbsp; Encabezada por la Secretaria de Salud, Dra. Diana Otero, se realiz\u00f3 una charla para J\u00f3venes en Trama \u2013 sede Carhu\u00e9. Estuvieron presentes: Eleana Ripani, m\u00e9dica generalista; Agustina Causson, Puericultora, y una estudiante de medicina del partido de Guamin\u00ed. Esta fue una de las varias charlas de concientizaci\u00f3n que se han dado y seguir\u00e1n a lo largo del mes de octubre en Adolfo Alsina, en el marco&nbsp;del&nbsp;D\u00eda Internacional de <a class=\"mh-excerpt-more\" href=\"http:\/\/dsrmedios.com.ar\/diario\/archivos\/40329\" title=\"Octubre Rosa: concientizaci\u00f3n contra el C\u00e1ncer de Mama en J\u00f3venes en Trama\">[Leer m\u00e1s]<\/a><\/p>\n<\/div>","protected":false},"author":8,"featured_media":40333,"comment_status":"open","ping_status":"closed","sticky":false,"template":"","format":"standard","meta":{"_jetpack_newsletter_access":""},"categories":[18,31,5],"tags":[],"jetpack_featured_media_url":"http:\/\/dsrmedios.com.ar\/diario\/wp-content\/uploads\/2023\/10\/WhatsApp-Image-2023-10-04-at-08.39.25.jpeg","jetpack_sharing_enabled":true,"jetpack_shortlink":"https:\/\/wp.me\/p9fihK-aut","_links":{"self":[{"href":"http:\/\/dsrmedios.com.ar\/diario\/wp-json\/wp\/v2\/posts\/40329"}],"collection":[{"href":"http:\/\/dsrmedios.com.ar\/diario\/wp-json\/wp\/v2\/posts"}],"about":[{"href":"http:\/\/dsrmedios.com.ar\/diario\/wp-json\/wp\/v2\/types\/post"}],"author":[{"embeddable":true,"href":"http:\/\/dsrmedios.com.ar\/diario\/wp-json\/wp\/v2\/users\/8"}],"replies":[{"embeddable":true,"href":"http:\/\/dsrmedios.com.ar\/diario\/wp-json\/wp\/v2\/comments?post=40329"}],"version-history":[{"count":2,"href":"http:\/\/dsrmedios.com.ar\/diario\/wp-json\/wp\/v2\/posts\/40329\/revisions"}],"predecessor-version":[{"id":40352,"href":"http:\/\/dsrmedios.com.ar\/diario\/wp-json\/wp\/v2\/posts\/40329\/revisions\/40352"}],"wp:featuredmedia":[{"embeddable":true,"href":"http:\/\/dsrmedios.com.ar\/diario\/wp-json\/wp\/v2\/media\/40333"}],"wp:attachment":[{"href":"http:\/\/dsrmedios.com.ar\/diario\/wp-json\/wp\/v2\/media?parent=40329"}],"wp:term":[{"taxonomy":"category","embeddable":true,"href":"http:\/\/dsrmedios.com.ar\/diario\/wp-json\/wp\/v2\/categories?post=40329"},{"taxonomy":"post_tag","embeddable":true,"href":"http:\/\/dsrmedios.com.ar\/diario\/wp-json\/wp\/v2\/tags?post=40329"}],"curies":[{"name":"wp","href":"https:\/\/api.w.org\/{rel}","templated":true}]}}