{"id":40322,"date":"2023-10-11T11:27:29","date_gmt":"2023-10-11T14:27:29","guid":{"rendered":"http:\/\/dsrmedios.com.ar\/diario\/?p=40322"},"modified":"2023-10-11T11:27:32","modified_gmt":"2023-10-11T14:27:32","slug":"massa-hara-anuncios-para-consolidar-el-sistema-de-reservas","status":"publish","type":"post","link":"http:\/\/dsrmedios.com.ar\/diario\/archivos\/40322","title":{"rendered":"Massa har\u00e1 anuncios para consolidar el sistema de reservas"},"content":{"rendered":"\n<p>El ministro de Econom\u00eda y candidato presidencial de Uni\u00f3n por la Patria (UxP), Sergio Massa,&nbsp;<strong>posterg\u00f3 el inicio de la gira federal<\/strong>&nbsp;que iba a comenzar este mi\u00e9rcoles en las provincias de Mendoza y San Juan, y que lo iba a llevar tambi\u00e9n a Entre R\u00edos, R\u00edo Negro y Santa Cruz, de cara a las elecciones presidenciales del domingo 22.<\/p>\n\n\n\n<p>Seg\u00fan anunci\u00f3 la noche de este martes, Massa realizar\u00e1 durante esta jornada<strong>&nbsp;anuncios de \u201cmedidas para consolidar el sistema de reservas<\/strong>, para que el pr\u00f3ximo presidente no tenga problemas sea yo u otro&#8221;.<\/p>\n\n\n\n<p>&#8220;Tengo claro qui\u00e9nes se est\u00e1n haciendo los vivos en el mercado de cambios y&nbsp;<strong>me voy a ocupar de que vayan en cana&nbsp;<\/strong>aunque me cueste la elecci\u00f3n&#8221;, asegur\u00f3 Massa anoche en declaraciones al canal Am\u00e9rica 24, luego de una jornada marcada por el pulso del d\u00f3lar paralelo.<\/p>\n\n\n\n<p>Seg\u00fan la agenda que estaba prevista, el ministro y candidato iba a desayunar este mi\u00e9rcoles con dirigentes mendocinos y visitar empresas junto al embajador en Brasil, Daniel Scioli, y el secretario de Industria, Jos\u00e9 de Mendiguren.<\/p>\n\n\n\n<p>All\u00ed tambi\u00e9n se reunir\u00eda con representantes de la cadena de valor vitivin\u00edcola, y luego partir\u00eda a la provincia de San Juan, donde ser\u00eda recibido por el gobernador Sergio U\u00f1ac.<\/p>\n\n\n\n<p>Con la reformulaci\u00f3n de la agenda de campa\u00f1a, queda por confirmar si este jueves viajar\u00e1 a a provincia de Entre R\u00edos, donde -junto al gobernador Gustavo Bordet- tiene previsto brindar un respaldo al intendente de Paran\u00e1 y candidato a gobernador de UxP, Ad\u00e1n Bahl, quien result\u00f3 ganador en las PASO de ese distrito.<\/p>\n\n\n\n<p>Entre R\u00edos realizar\u00e1 sus comicios el mismo d\u00eda que las elecciones presidenciales, al igual que Catamarca y la provincia de Buenos Aires.<\/p>\n\n\n\n<p>Las visitas a Mendoza, San Juan y Entre R\u00edos tienen el objetivo de &#8220;buscar votos del sector productivo&#8221;, concentrado en el centro del pa\u00eds, donde el candidato de La Libertad Avanza, Javier Milei, tuvo una buena performance en las PASO del 13 de agosto.<\/p>\n\n\n\n<p>Tras su paso por el litoral, ser\u00e1 el turno de la Patagonia, donde Massa tiene previsto visitar las provincias de R\u00edo Negro y Santa Cruz.<\/p>\n\n\n\n<p>Si bien todav\u00eda se defin\u00eda si ir\u00e1 a la ciudad de Viedma o Bariloche, se especula que habr\u00e1 un encuentro con el gobernador electo y senador nacional Alberto Weretilneck, que gan\u00f3 en las elecciones provinciales del 16 de abril y retornar\u00e1 al poder despu\u00e9s de haber cumplido dos mandatos (2012-2019).<\/p>\n\n\n\n<p>Weretilneck ya explicit\u00f3 su apoyo a Massa, al manifestarse &#8220;cercano&#8221; al candidato de UxP, quien por su parte capitaliza esta clase de acercamientos desde fuera del peronismo para su consigna de promover un Gobierno de &#8220;unidad nacional&#8221; en caso de llegar a la Casa Rosada.<\/p>\n\n\n\n<p>El viernes, sobre el final de la semana, est\u00e1 prevista una recorrida por Santa Cruz, donde Massa ser\u00e1 recibido en la capital por la gobernadora Alicia Kirchner.<\/p>\n\n\n\n<p>Tambi\u00e9n se eval\u00faa la posibilidad de concretar el fin de semana una recorrida por municipios del conurbano bonaerense que podr\u00eda incluir la ciudad de Bah\u00eda Blanca.<\/p>\n\n\n\n<p>Fuente: TELAM<\/p>\n","protected":false},"excerpt":{"rendered":"<div class=\"mh-excerpt\"><p>El ministro de Econom\u00eda y candidato presidencial de Uni\u00f3n por la Patria (UxP), Sergio Massa,&nbsp;posterg\u00f3 el inicio de la gira federal&nbsp;que iba a comenzar este mi\u00e9rcoles en las provincias de Mendoza y San Juan, y que lo iba a llevar tambi\u00e9n a Entre R\u00edos, R\u00edo Negro y Santa Cruz, de cara a las elecciones presidenciales del domingo 22. Seg\u00fan anunci\u00f3 la noche de este martes, Massa realizar\u00e1 durante esta jornada&nbsp;anuncios de \u201cmedidas para consolidar el sistema de reservas, para que el pr\u00f3ximo presidente no tenga problemas sea yo u otro&#8221;. &#8220;Tengo claro qui\u00e9nes se est\u00e1n haciendo los vivos en el <a class=\"mh-excerpt-more\" href=\"http:\/\/dsrmedios.com.ar\/diario\/archivos\/40322\" title=\"Massa har\u00e1 anuncios para consolidar el sistema de reservas\">[Leer m\u00e1s]<\/a><\/p>\n<\/div>","protected":false},"author":8,"featured_media":31416,"comment_status":"open","ping_status":"closed","sticky":false,"template":"","format":"standard","meta":{"_jetpack_newsletter_access":""},"categories":[6],"tags":[],"jetpack_featured_media_url":"http:\/\/dsrmedios.com.ar\/diario\/wp-content\/uploads\/2023\/04\/CULIKXKBYJ5VYCFKH4L7XKC57Q.jpg","jetpack_sharing_enabled":true,"jetpack_shortlink":"https:\/\/wp.me\/p9fihK-aum","_links":{"self":[{"href":"http:\/\/dsrmedios.com.ar\/diario\/wp-json\/wp\/v2\/posts\/40322"}],"collection":[{"href":"http:\/\/dsrmedios.com.ar\/diario\/wp-json\/wp\/v2\/posts"}],"about":[{"href":"http:\/\/dsrmedios.com.ar\/diario\/wp-json\/wp\/v2\/types\/post"}],"author":[{"embeddable":true,"href":"http:\/\/dsrmedios.com.ar\/diario\/wp-json\/wp\/v2\/users\/8"}],"replies":[{"embeddable":true,"href":"http:\/\/dsrmedios.com.ar\/diario\/wp-json\/wp\/v2\/comments?post=40322"}],"version-history":[{"count":1,"href":"http:\/\/dsrmedios.com.ar\/diario\/wp-json\/wp\/v2\/posts\/40322\/revisions"}],"predecessor-version":[{"id":40323,"href":"http:\/\/dsrmedios.com.ar\/diario\/wp-json\/wp\/v2\/posts\/40322\/revisions\/40323"}],"wp:featuredmedia":[{"embeddable":true,"href":"http:\/\/dsrmedios.com.ar\/diario\/wp-json\/wp\/v2\/media\/31416"}],"wp:attachment":[{"href":"http:\/\/dsrmedios.com.ar\/diario\/wp-json\/wp\/v2\/media?parent=40322"}],"wp:term":[{"taxonomy":"category","embeddable":true,"href":"http:\/\/dsrmedios.com.ar\/diario\/wp-json\/wp\/v2\/categories?post=40322"},{"taxonomy":"post_tag","embeddable":true,"href":"http:\/\/dsrmedios.com.ar\/diario\/wp-json\/wp\/v2\/tags?post=40322"}],"curies":[{"name":"wp","href":"https:\/\/api.w.org\/{rel}","templated":true}]}}