{"id":40320,"date":"2023-10-11T11:28:41","date_gmt":"2023-10-11T14:28:41","guid":{"rendered":"http:\/\/dsrmedios.com.ar\/diario\/?p=40320"},"modified":"2023-10-11T11:28:44","modified_gmt":"2023-10-11T14:28:44","slug":"el-juez-ercolini-quedo-a-cargo-de-la-denuncia-a-milei-por-sus-dichos-contra-el-peso","status":"publish","type":"post","link":"http:\/\/dsrmedios.com.ar\/diario\/archivos\/40320","title":{"rendered":"El juez Ercolini qued\u00f3 a cargo de la denuncia a Milei por sus dichos contra el peso"},"content":{"rendered":"\n<p>El juez federal Juli\u00e1n Ercolini qued\u00f3 a cargo este mi\u00e9rcoles de la primera denuncia contra el diputado nacional y candidato presidencial por La Libertad Avanza (LLA), Javier Milei, por sus dichos contra el peso y los plazos fijos en esa moneda, &#8220;que no hacen otra cosa que agitar el delicado momento econ\u00f3mico&#8221;, seg\u00fan surge de la presentaci\u00f3n.<\/p>\n\n\n\n<p>La denuncia de la abogada Valeria Carreras presentada en la tarde del martes en los tribunales federales de la Ciudad de Buenos Aires result\u00f3 sorteada y qued\u00f3 radicada en el juzgado federal 10 a cargo de Ercolini, informaron fuentes judiciales.<\/p>\n\n\n\n<p><strong>La abogada pidi\u00f3 que sean citados como testigos varios economistas que cuestionaron los dichos de Milei y hasta la tambi\u00e9n candidata a presidenta por Juntos por el Cambio (JxC), Patricia Bullrich.<\/strong><\/p>\n\n\n\n<p>&#8220;Las declaraciones y ampliaci\u00f3n de sus dichos en medios de difusi\u00f3n no hacen otra cosa que agitar un delicado momento econ\u00f3mico nacional e internacional&#8221;, sostuvo la abogada en el texto de la denuncia a la que accedi\u00f3 T\u00e9lam.<\/p>\n\n\n\n<h2>Gravedad institucional<\/h2>\n\n\n\n<p>&#8220;Con 56 a\u00f1os he vivido en mi amada Rep\u00fablica Argentina, todo tipo de instancias econ\u00f3micas. Dicha experiencia sumada a mi especializaci\u00f3n en Derecho Econ\u00f3mico y Empresarial UBA 1996, me permiten inferir que los dichos del candidato presidencial son de gravedad institucional, sin duda, pero que tambi\u00e9n han sido un disparador de los indicadores econ\u00f3micos de las \u00faltimas 48 horas, en especial el valor del d\u00f3lar en todas sus variantes, pues ha disparado el aumento de todos&#8221;, agreg\u00f3 Carreras.<\/p>\n\n\n\n<p>&#8220;Sin duda, han cambiado las formas, pero no hay inocencia en sus dichos, son directos y certeros, con el claro objetivo de generar el clima de ebullici\u00f3n econ\u00f3mica y pol\u00edtica, un hervidero donde en la olla esta nuestra Rep\u00fablica&#8221;, enfatiz\u00f3 la abogada quien concaten\u00f3 los dichos de Milei durante los \u00faltimos d\u00edas, incluido aquello que dijo durante el debate presidencial.<\/p>\n\n\n\n<p><strong>&#8220;Lo expuesto motiva la denuncia a fin de que se investigue si los dichos de Javier Milei constituyen la figura prevista en el c\u00f3digo penal como incitaci\u00f3n a la violencia (en este caso econ\u00f3mica) o un delito financiero&#8221;, afirm\u00f3 en la denuncia la abogada, adem\u00e1s representante de familiares de v\u00edctimas del submarino ARA San Juan, hundido en 2017.<\/strong><\/p>\n\n\n\n<p>Durante un reportaje radial le hab\u00edan preguntado a Milei qu\u00e9 le recomendar\u00eda a alguien al que en estos d\u00edas le vence un plazo fijo y respondi\u00f3: &#8220;Jam\u00e1s en pesos, jam\u00e1s en pesos. El peso es la moneda que emite el pol\u00edtico argentino, por ende, no puede valer ni excremento, porque esas basuras no sirven ni para abono&#8221;.<\/p>\n\n\n\n<p>Si bien se trata de posiciones que Milei siempre puso de manifiesto, quienes lo acusan de incitar una corrida cambiaria remarcan que antes no era un dirigente pol\u00edtico con posibilidades de convertirse en presidente.<\/p>\n\n\n\n<p>En su denuncia, la abogada Carreras invoc\u00f3 por ejemplo una declaraci\u00f3n del exsecretario de Fianzas de la Naci\u00f3n, Miguel Kiguel, quien sostuvo al diario La Naci\u00f3n que&nbsp;<strong>&#8220;Milei est\u00e1 buscando generar el caos econ\u00f3mico, est\u00e1 claro y lo viene haciendo constantemente porque piensa que lo favorece&#8221;.<\/strong><\/p>\n\n\n\n<p>Tambi\u00e9n invoc\u00f3 dichos de Eduardo Levy Yeyati, doctor en econom\u00eda de la Universidad de Pennsylvania, quien sostuvo las declaraciones como las de Milei pueden acelerar &#8220;la espiralizaci\u00f3n de precios y salarios, a expensas de quienes tienen ingresos o ahorros en pesos&#8221;, seg\u00fan surge del texto de a denuncia.<\/p>\n\n\n\n<p>Entre los testigos propuestos por la denunciante aparecen Bullrich, Kiguel, Levy Yeyati y el principal referente econ\u00f3mico del equipo de JxC, Carlos Melconian.<\/p>\n\n\n\n<p>Consultada por esta agencia, la abogada denunciante afirm\u00f3 que &#8220;Milei y la Libertad Avanza vienen anunciando la destrucci\u00f3n de todo aquello que los argentinos tenemos garantizado en la Constituci\u00f3n Nacional, desde derogar derechos de los trabajadores hasta dar por tierra con la educaci\u00f3n p\u00fablica y gratuita&#8221; y luego resalt\u00f3 que a eso &#8220;se suma tambi\u00e9n la destrucci\u00f3n de la moneda, un s\u00edmbolo soberano&#8221;.<\/p>\n\n\n\n<p>Fuente: telam<\/p>\n","protected":false},"excerpt":{"rendered":"<div class=\"mh-excerpt\"><p>El juez federal Juli\u00e1n Ercolini qued\u00f3 a cargo este mi\u00e9rcoles de la primera denuncia contra el diputado nacional y candidato presidencial por La Libertad Avanza (LLA), Javier Milei, por sus dichos contra el peso y los plazos fijos en esa moneda, &#8220;que no hacen otra cosa que agitar el delicado momento econ\u00f3mico&#8221;, seg\u00fan surge de la presentaci\u00f3n. La denuncia de la abogada Valeria Carreras presentada en la tarde del martes en los tribunales federales de la Ciudad de Buenos Aires result\u00f3 sorteada y qued\u00f3 radicada en el juzgado federal 10 a cargo de Ercolini, informaron fuentes judiciales. La abogada pidi\u00f3 <a class=\"mh-excerpt-more\" href=\"http:\/\/dsrmedios.com.ar\/diario\/archivos\/40320\" title=\"El juez Ercolini qued\u00f3 a cargo de la denuncia a Milei por sus dichos contra el peso\">[Leer m\u00e1s]<\/a><\/p>\n<\/div>","protected":false},"author":8,"featured_media":39256,"comment_status":"open","ping_status":"closed","sticky":false,"template":"","format":"standard","meta":{"_jetpack_newsletter_access":""},"categories":[6],"tags":[],"jetpack_featured_media_url":"http:\/\/dsrmedios.com.ar\/diario\/wp-content\/uploads\/2023\/09\/milei-4-940x529-1.jpg","jetpack_sharing_enabled":true,"jetpack_shortlink":"https:\/\/wp.me\/p9fihK-auk","_links":{"self":[{"href":"http:\/\/dsrmedios.com.ar\/diario\/wp-json\/wp\/v2\/posts\/40320"}],"collection":[{"href":"http:\/\/dsrmedios.com.ar\/diario\/wp-json\/wp\/v2\/posts"}],"about":[{"href":"http:\/\/dsrmedios.com.ar\/diario\/wp-json\/wp\/v2\/types\/post"}],"author":[{"embeddable":true,"href":"http:\/\/dsrmedios.com.ar\/diario\/wp-json\/wp\/v2\/users\/8"}],"replies":[{"embeddable":true,"href":"http:\/\/dsrmedios.com.ar\/diario\/wp-json\/wp\/v2\/comments?post=40320"}],"version-history":[{"count":1,"href":"http:\/\/dsrmedios.com.ar\/diario\/wp-json\/wp\/v2\/posts\/40320\/revisions"}],"predecessor-version":[{"id":40324,"href":"http:\/\/dsrmedios.com.ar\/diario\/wp-json\/wp\/v2\/posts\/40320\/revisions\/40324"}],"wp:featuredmedia":[{"embeddable":true,"href":"http:\/\/dsrmedios.com.ar\/diario\/wp-json\/wp\/v2\/media\/39256"}],"wp:attachment":[{"href":"http:\/\/dsrmedios.com.ar\/diario\/wp-json\/wp\/v2\/media?parent=40320"}],"wp:term":[{"taxonomy":"category","embeddable":true,"href":"http:\/\/dsrmedios.com.ar\/diario\/wp-json\/wp\/v2\/categories?post=40320"},{"taxonomy":"post_tag","embeddable":true,"href":"http:\/\/dsrmedios.com.ar\/diario\/wp-json\/wp\/v2\/tags?post=40320"}],"curies":[{"name":"wp","href":"https:\/\/api.w.org\/{rel}","templated":true}]}}