{"id":40317,"date":"2023-10-11T11:24:50","date_gmt":"2023-10-11T14:24:50","guid":{"rendered":"http:\/\/dsrmedios.com.ar\/diario\/?p=40317"},"modified":"2023-10-11T11:24:53","modified_gmt":"2023-10-11T14:24:53","slug":"diputados-de-izquierda-y-del-frente-de-todos-se-unieron-contra-milei-y-villarruel","status":"publish","type":"post","link":"http:\/\/dsrmedios.com.ar\/diario\/archivos\/40317","title":{"rendered":"Diputados de izquierda y del Frente de Todos se unieron contra Milei y Villarruel"},"content":{"rendered":"\n<p>Los diputados nacionales del Frente de Todos Daniel Gollan y Juan Marino, y la representante de la izquierda Myriam Bregman repudiaron este martes&nbsp;<strong>los dichos de los candidatos a presidente y vice de La Libertad Avanza, Javier Milei y Victoria Villarruel, en relaci\u00f3n al accionar de la \u00faltima dictadura c\u00edvico-militar<\/strong>.<\/p>\n\n\n\n<p>&#8220;Fui detenido en julio de 1977. Horas y horas de picana, horas y horas de picana en la boca, en las enc\u00edas, shocks el\u00e9ctricos, horas y horas, d\u00edas y d\u00edas. Me aplicaron submarino seco, hasta que se rompieron las costillas\u2026y despu\u00e9s siguieron, y cuando no daba m\u00e1s, horas parado, y cuando te ca\u00edas, te golpeaban brutalmente&#8221;, relat\u00f3 Gollan.<\/p>\n\n\n\n<p>&#8220;En una de esas golpizas me desmay\u00e9 y amanec\u00ed en un ba\u00f1o, atado, adonde todos los que iban a orinar, me orinaban encima. Y much\u00edsimas cosas m\u00e1s que ya no voy a contar&#8221;, continu\u00f3 el diputado, quien se pregunt\u00f3:&nbsp;<strong>&#8220;\u00bfQu\u00e9 pasa en un pa\u00eds en donde esto sucedi\u00f3, en donde la gran mayor\u00eda de los argentinos y argentinas dijimos que no pod\u00eda volver a suceder y hoy escuchamos a algunos candidatos decir que fue mentira, banalizar?&#8221;<\/strong>.<\/p>\n\n\n\n<p>Gollan tambi\u00e9n cont\u00f3 que en una oportunidad su madre fue a visitar a un coronel para pedir por \u00e9l, y el militar le dijo: &#8220;No puedo hacer nada, y no estoy de acuerdo con nada de lo que est\u00e1 pasando&#8221;. Al tiempo se enteraron que pasaron a retiro a ese oficial.<\/p>\n\n\n\n<p>El diputado relat\u00f3 que luego dieron con otro que s\u00ed pudo interceder y que como consecuencia de ello, un coronel le dijo a su torturador: &#8220;Miren, es un perejil, que no se muera. S\u00edganle pegando, pero que no se muera&#8221;.<\/p>\n\n\n\n<p>&#8220;<strong>Esos militares iban a supervisar el &#8216;trabajo&#8217; que se hac\u00eda all\u00ed. No hubo ning\u00fan exceso, fue un plan sistem\u00e1tico, conducido y supervisado por los altos mandos de las Fuerzas Armadas. No banalicemos eso<\/strong>&#8220;, pidi\u00f3 el legislador.<\/p>\n\n\n\n<p>&#8220;No podemos tolerar esto; la verdad que hubo un fallo que ac\u00e1 se mencion\u00f3 muchas veces, que fue hist\u00f3rico, hecho durante el gobierno de alguien a quien admiro mucho, siendo peronista: el doctor Ra\u00fal Alfons\u00edn. &#8216;Nunca m\u00e1s&#8217; dec\u00eda el fallo; no podemos estar discutiendo estas cosas; tenemos un abismo de diferencias, es la democracia, tenemos un abismo de ideas miradas diferente, pero esto es nunca m\u00e1s, por favor&#8221;, cerr\u00f3.<\/p>\n\n\n\n<p>Por su parte,&nbsp;<strong>Myriam Bregman dijo que &#8220;Villarruel siempre est\u00e1 al servicio de la impunidad y de los genocidas&#8221;<\/strong>, y lament\u00f3 que &#8220;esta gente reivindica el nazismo nos quer\u00eda impugnar la palabra a nosotros; los que me gritaban jud\u00eda de mierda cuando hablaba&#8221;<\/p>\n\n\n\n<p>&#8220;De qu\u00e9 guerra me hablan, si los propios genocidas quer\u00edan reconocer que era una guerra; y Milei qu\u00e9 sabe o qu\u00e9 le importa, si est\u00e1 del lado de (la expremier brit\u00e1nica) Margaret Thatcher; y a m\u00ed si me importa porque se me muri\u00f3 un primo en el Crucero General Belgrano&#8221;, enfatiz\u00f3.<\/p>\n\n\n\n<p>El tambi\u00e9n oficialista<strong>&nbsp;Juan Marino repudi\u00f3 a Milei &#8220;porque dijo que en los &#8217;70 hubo una guerra, repitiendo las palabras del genocida (Emilio) Massera en el Juicio a las Juntas&#8221; militares en 1985<\/strong>.<\/p>\n\n\n\n<p>&#8220;Deber\u00eda ser generalizado y ponernos de acuerdo todos los bloques para hacer un repudio contundente. No fue una guerra, fue genocidio, no fueron excesos, fue un plan sistem\u00e1tico&#8221;, agreg\u00f3.<\/p>\n\n\n\n<p>Para Marino, &#8220;lo que dice Milei es acorde a su plan pol\u00edtico, que es restaurar el partido militar. Milei no es un salto a lo desconocido, es (el expresidente brasile\u00f1o Jair) Bolsonaro&#8221; y &#8220;la grieta no es m\u00e1s entre peronistas y antiperonistas, sino entre quienes defienden a milicos genocidas y quienes defienden el &#8216;Nunca M\u00e1s'&#8221;.<\/p>\n\n\n\n<p>En el mismo sentido, la radical Natalia Zarapura advirti\u00f3: &#8220;Se hace necesario profundizar y asumir que hay temas que ya son de consenso social. y que los debates ya est\u00e1n zanjados&#8221;.<\/p>\n\n\n\n<p>&#8220;Se hace necesario que hay un partido que no es La Libertad Avanza, sino que &#8216;atrasa&#8217;, porque va en contra de nuestros h\u00e9roes, de nuestra historia, y no podemos permitir que se agravie, por ejemplo, a los h\u00e9roes de Malvinas; no se puede generar una teor\u00eda del desprecio a los derechos humanos&#8221;, agreg\u00f3.<\/p>\n\n\n\n<p>Fuente:Minutouno<\/p>\n","protected":false},"excerpt":{"rendered":"<div class=\"mh-excerpt\"><p>Los diputados nacionales del Frente de Todos Daniel Gollan y Juan Marino, y la representante de la izquierda Myriam Bregman repudiaron este martes&nbsp;los dichos de los candidatos a presidente y vice de La Libertad Avanza, Javier Milei y Victoria Villarruel, en relaci\u00f3n al accionar de la \u00faltima dictadura c\u00edvico-militar. &#8220;Fui detenido en julio de 1977. Horas y horas de picana, horas y horas de picana en la boca, en las enc\u00edas, shocks el\u00e9ctricos, horas y horas, d\u00edas y d\u00edas. Me aplicaron submarino seco, hasta que se rompieron las costillas\u2026y despu\u00e9s siguieron, y cuando no daba m\u00e1s, horas parado, y cuando <a class=\"mh-excerpt-more\" href=\"http:\/\/dsrmedios.com.ar\/diario\/archivos\/40317\" title=\"Diputados de izquierda y del Frente de Todos se unieron contra Milei y Villarruel\">[Leer m\u00e1s]<\/a><\/p>\n<\/div>","protected":false},"author":8,"featured_media":40318,"comment_status":"open","ping_status":"closed","sticky":false,"template":"","format":"standard","meta":{"_jetpack_newsletter_access":""},"categories":[6],"tags":[],"jetpack_featured_media_url":"http:\/\/dsrmedios.com.ar\/diario\/wp-content\/uploads\/2023\/10\/milei-villarruel.webp","jetpack_sharing_enabled":true,"jetpack_shortlink":"https:\/\/wp.me\/p9fihK-auh","_links":{"self":[{"href":"http:\/\/dsrmedios.com.ar\/diario\/wp-json\/wp\/v2\/posts\/40317"}],"collection":[{"href":"http:\/\/dsrmedios.com.ar\/diario\/wp-json\/wp\/v2\/posts"}],"about":[{"href":"http:\/\/dsrmedios.com.ar\/diario\/wp-json\/wp\/v2\/types\/post"}],"author":[{"embeddable":true,"href":"http:\/\/dsrmedios.com.ar\/diario\/wp-json\/wp\/v2\/users\/8"}],"replies":[{"embeddable":true,"href":"http:\/\/dsrmedios.com.ar\/diario\/wp-json\/wp\/v2\/comments?post=40317"}],"version-history":[{"count":1,"href":"http:\/\/dsrmedios.com.ar\/diario\/wp-json\/wp\/v2\/posts\/40317\/revisions"}],"predecessor-version":[{"id":40319,"href":"http:\/\/dsrmedios.com.ar\/diario\/wp-json\/wp\/v2\/posts\/40317\/revisions\/40319"}],"wp:featuredmedia":[{"embeddable":true,"href":"http:\/\/dsrmedios.com.ar\/diario\/wp-json\/wp\/v2\/media\/40318"}],"wp:attachment":[{"href":"http:\/\/dsrmedios.com.ar\/diario\/wp-json\/wp\/v2\/media?parent=40317"}],"wp:term":[{"taxonomy":"category","embeddable":true,"href":"http:\/\/dsrmedios.com.ar\/diario\/wp-json\/wp\/v2\/categories?post=40317"},{"taxonomy":"post_tag","embeddable":true,"href":"http:\/\/dsrmedios.com.ar\/diario\/wp-json\/wp\/v2\/tags?post=40317"}],"curies":[{"name":"wp","href":"https:\/\/api.w.org\/{rel}","templated":true}]}}