{"id":40315,"date":"2023-10-11T11:23:35","date_gmt":"2023-10-11T14:23:35","guid":{"rendered":"http:\/\/dsrmedios.com.ar\/diario\/?p=40315"},"modified":"2023-10-11T11:23:37","modified_gmt":"2023-10-11T14:23:37","slug":"patricia-bullrich-dio-a-conocer-su-plan-de-gobierno","status":"publish","type":"post","link":"http:\/\/dsrmedios.com.ar\/diario\/archivos\/40315","title":{"rendered":"Patricia Bullrich dio a conocer su plan de Gobierno"},"content":{"rendered":"\n<p><strong>Patricia Bullrich, public\u00f3 sus &#8220;propuestas de Gobierno&#8221; en caso de ser elegida presidenta<\/strong>, entre las que se encuentran las ya divulgadas &#8220;eliminaci\u00f3n de las retenciones y del cepo&#8221; y la implementaci\u00f3n de un &#8220;bimonetarismo&#8221; en el que convivan peso y d\u00f3lar, pero tambi\u00e9n mencion\u00f3 la reforma del C\u00f3digo Penal &#8220;para establecer la leg\u00edtima defensa&#8221; de agentes de las fuerzas de seguridad, la &#8220;baja de la edad de imputabilidad&#8221;, la &#8220;racionalizaci\u00f3n&#8221; de las empresas p\u00fablicas para que no tengan &#8220;d\u00e9ficit&#8221; y la reconversi\u00f3n del programa Potenciar Trabajo en un &#8220;seguro de desempleo temporal&#8221;.<\/p>\n\n\n\n<p>En un documento de 86 p\u00e1ginas difundido hoy y denominado &#8220;Un pa\u00eds ordenado&#8221;, la candidata de JxC comparti\u00f3 sus principales propuestas con &#8220;objetivos estrat\u00e9gicos&#8221; como &#8220;reordenar la econom\u00eda para terminar con la inflaci\u00f3n&#8221;, realizar una &#8220;reforma del Estado integral&#8221; y &#8220;potenciar la producci\u00f3n&#8221; del pa\u00eds.<\/p>\n\n\n\n<h2>Reforma del C\u00f3digo Penal, Seguridad Interior y Defensa<\/h2>\n\n\n\n<p>&#8220;Impulsaremos la reforma del art\u00edculo 34 del C\u00f3digo Penal para establecer la leg\u00edtima defensa especial para los agentes que, en servicio o fuera de \u00e9l, intervengan para defender la vida, la integridad f\u00edsica, la libertad o la propiedad de las personas&#8221;, reza una parte del texto.<\/p>\n\n\n\n<p>Adem\u00e1s de mencionar la intenci\u00f3n de reformar ese C\u00f3digo &#8220;para restringir el uso abusivo de la prisi\u00f3n preventiva respecto al personal policial&#8221;, tambi\u00e9n se propone &#8220;la baja de la edad de imputabilidad&#8221;.<\/p>\n\n\n\n<h2>Reformas laborales<\/h2>\n\n\n\n<p>En cuanto a las &#8220;pol\u00edticas laborales&#8221;, Bullrich propone la &#8220;actualizaci\u00f3n de los convenios colectivos&#8221;, &#8220;terminar con la industria del juicio&#8221; y que &#8220;los trabajadores informales&#8221; tengan &#8220;mecanismos de transici\u00f3n realista hacia el empleo formal&#8221;.<\/p>\n\n\n\n<p>Sobre este \u00faltimo punto, el documento destaca la creaci\u00f3n de &#8220;mecanismos simples como el de empleados de casas particulares&#8221;, un r\u00e9gimen especial promulgado en el a\u00f1o 2013 durante el Gobierno de la exmandataria Cristina Fern\u00e1ndez de Kirchner.<\/p>\n\n\n\n<h2>Pol\u00edticas sociales<\/h2>\n\n\n\n<p>En cuanto a las &#8220;pol\u00edticas sociales&#8221;, la exministra de la Alianza propone la eliminaci\u00f3n del programa Potenciar Trabajo y reconvertirlo &#8220;desde el primer d\u00eda &#8221; en un &#8220;seguro de desempleo temporal&#8221;.<\/p>\n\n\n\n<p>&#8220;Con el sistema de seguro de desempleo las personas con este plan social deber\u00e1n demostrar mensualmente que buscaron empleo, asistieron a una instituci\u00f3n educativa o se capacitaron en un instituto de formaci\u00f3n profesional&#8221;, indica.<\/p>\n\n\n\n<p>Fuente: Minutouno<\/p>\n","protected":false},"excerpt":{"rendered":"<div class=\"mh-excerpt\"><p>Patricia Bullrich, public\u00f3 sus &#8220;propuestas de Gobierno&#8221; en caso de ser elegida presidenta, entre las que se encuentran las ya divulgadas &#8220;eliminaci\u00f3n de las retenciones y del cepo&#8221; y la implementaci\u00f3n de un &#8220;bimonetarismo&#8221; en el que convivan peso y d\u00f3lar, pero tambi\u00e9n mencion\u00f3 la reforma del C\u00f3digo Penal &#8220;para establecer la leg\u00edtima defensa&#8221; de agentes de las fuerzas de seguridad, la &#8220;baja de la edad de imputabilidad&#8221;, la &#8220;racionalizaci\u00f3n&#8221; de las empresas p\u00fablicas para que no tengan &#8220;d\u00e9ficit&#8221; y la reconversi\u00f3n del programa Potenciar Trabajo en un &#8220;seguro de desempleo temporal&#8221;. En un documento de 86 p\u00e1ginas difundido hoy <a class=\"mh-excerpt-more\" href=\"http:\/\/dsrmedios.com.ar\/diario\/archivos\/40315\" title=\"Patricia Bullrich dio a conocer su plan de Gobierno\">[Leer m\u00e1s]<\/a><\/p>\n<\/div>","protected":false},"author":8,"featured_media":36596,"comment_status":"open","ping_status":"closed","sticky":false,"template":"","format":"standard","meta":{"_jetpack_newsletter_access":""},"categories":[6],"tags":[],"jetpack_featured_media_url":"http:\/\/dsrmedios.com.ar\/diario\/wp-content\/uploads\/2023\/07\/patricia-bullrichjpg.webp","jetpack_sharing_enabled":true,"jetpack_shortlink":"https:\/\/wp.me\/p9fihK-auf","_links":{"self":[{"href":"http:\/\/dsrmedios.com.ar\/diario\/wp-json\/wp\/v2\/posts\/40315"}],"collection":[{"href":"http:\/\/dsrmedios.com.ar\/diario\/wp-json\/wp\/v2\/posts"}],"about":[{"href":"http:\/\/dsrmedios.com.ar\/diario\/wp-json\/wp\/v2\/types\/post"}],"author":[{"embeddable":true,"href":"http:\/\/dsrmedios.com.ar\/diario\/wp-json\/wp\/v2\/users\/8"}],"replies":[{"embeddable":true,"href":"http:\/\/dsrmedios.com.ar\/diario\/wp-json\/wp\/v2\/comments?post=40315"}],"version-history":[{"count":1,"href":"http:\/\/dsrmedios.com.ar\/diario\/wp-json\/wp\/v2\/posts\/40315\/revisions"}],"predecessor-version":[{"id":40316,"href":"http:\/\/dsrmedios.com.ar\/diario\/wp-json\/wp\/v2\/posts\/40315\/revisions\/40316"}],"wp:featuredmedia":[{"embeddable":true,"href":"http:\/\/dsrmedios.com.ar\/diario\/wp-json\/wp\/v2\/media\/36596"}],"wp:attachment":[{"href":"http:\/\/dsrmedios.com.ar\/diario\/wp-json\/wp\/v2\/media?parent=40315"}],"wp:term":[{"taxonomy":"category","embeddable":true,"href":"http:\/\/dsrmedios.com.ar\/diario\/wp-json\/wp\/v2\/categories?post=40315"},{"taxonomy":"post_tag","embeddable":true,"href":"http:\/\/dsrmedios.com.ar\/diario\/wp-json\/wp\/v2\/tags?post=40315"}],"curies":[{"name":"wp","href":"https:\/\/api.w.org\/{rel}","templated":true}]}}