{"id":40313,"date":"2023-10-11T11:21:47","date_gmt":"2023-10-11T14:21:47","guid":{"rendered":"http:\/\/dsrmedios.com.ar\/diario\/?p=40313"},"modified":"2023-10-11T15:20:24","modified_gmt":"2023-10-11T18:20:24","slug":"recoleccion-de-residuos-fin-de-semana-largo-en-adolfo-alsina","status":"publish","type":"post","link":"http:\/\/dsrmedios.com.ar\/diario\/archivos\/40313","title":{"rendered":"Recolecci\u00f3n de Residuos Fin de Semana Largo en Adolfo Alsina"},"content":{"rendered":"\n<h3>La recolecci\u00f3n de residuos durante el pr\u00f3ximo fin de semana XXL en Adolfo Alsina se llevar\u00e1 a cabo de la siguiente manera:<br><br><strong>Carhu\u00e9:<\/strong><\/h3>\n\n\n\n<p>Viernes 13: no habr\u00e1 recolecci\u00f3n de residuos domiciliarios.<\/p>\n\n\n\n<p>S\u00e1bado 14: habr\u00e1 recolecci\u00f3n.<\/p>\n\n\n\n<p>Lunes 16: no habr\u00e1 recolecci\u00f3n de residuos domiciliarios.<\/p>\n\n\n\n<p>Martes 17: se retoma la recolecci\u00f3n de forma habitual.<\/p>\n\n\n\n<h3><strong>Villa Maza:<\/strong><\/h3>\n\n\n\n<h3>La recolecci\u00f3n de residuos se llevar\u00e1 a cabo de forma habitual.<\/h3>\n\n\n\n<h3><strong>Rivera:<\/strong><\/h3>\n\n\n\n<h3>La recolecci\u00f3n de residuos se llevar\u00e1 a cabo de forma habitual. Se recolectar\u00e1 viernes 13 y lunes 16.<\/h3>\n\n\n\n<p><strong>San Miguel:<\/strong><\/p>\n\n\n\n<h3>La recolecci\u00f3n de residuos se llevar\u00e1 a cabo&nbsp;el s\u00e1bado 14 y el martes 17 de octubre en horario matutino.<\/h3>\n\n\n\n<p><strong>La recolecci\u00f3n en todas las localidades continuar\u00e1 de forma habitual el martes 17 de octubre.<\/strong><\/p>\n","protected":false},"excerpt":{"rendered":"<div class=\"mh-excerpt\"><p>La recolecci\u00f3n de residuos durante el pr\u00f3ximo fin de semana XXL en Adolfo Alsina se llevar\u00e1 a cabo de la siguiente manera: Carhu\u00e9: Viernes 13: no habr\u00e1 recolecci\u00f3n de residuos domiciliarios. S\u00e1bado 14: habr\u00e1 recolecci\u00f3n. Lunes 16: no habr\u00e1 recolecci\u00f3n de residuos domiciliarios. Martes 17: se retoma la recolecci\u00f3n de forma habitual. Villa Maza: La recolecci\u00f3n de residuos se llevar\u00e1 a cabo de forma habitual. Rivera: La recolecci\u00f3n de residuos se llevar\u00e1 a cabo de forma habitual. Se recolectar\u00e1 viernes 13 y lunes 16. San Miguel: La recolecci\u00f3n de residuos se llevar\u00e1 a cabo&nbsp;el s\u00e1bado 14 y el martes 17 <a class=\"mh-excerpt-more\" href=\"http:\/\/dsrmedios.com.ar\/diario\/archivos\/40313\" title=\"Recolecci\u00f3n de Residuos Fin de Semana Largo en Adolfo Alsina\">[Leer m\u00e1s]<\/a><\/p>\n<\/div>","protected":false},"author":8,"featured_media":21232,"comment_status":"open","ping_status":"closed","sticky":false,"template":"","format":"standard","meta":{"_jetpack_newsletter_access":""},"categories":[18,31,5],"tags":[],"jetpack_featured_media_url":"http:\/\/dsrmedios.com.ar\/diario\/wp-content\/uploads\/2020\/11\/camionderesiduos-1-1-300x201-1-300x201.jpg","jetpack_sharing_enabled":true,"jetpack_shortlink":"https:\/\/wp.me\/p9fihK-aud","_links":{"self":[{"href":"http:\/\/dsrmedios.com.ar\/diario\/wp-json\/wp\/v2\/posts\/40313"}],"collection":[{"href":"http:\/\/dsrmedios.com.ar\/diario\/wp-json\/wp\/v2\/posts"}],"about":[{"href":"http:\/\/dsrmedios.com.ar\/diario\/wp-json\/wp\/v2\/types\/post"}],"author":[{"embeddable":true,"href":"http:\/\/dsrmedios.com.ar\/diario\/wp-json\/wp\/v2\/users\/8"}],"replies":[{"embeddable":true,"href":"http:\/\/dsrmedios.com.ar\/diario\/wp-json\/wp\/v2\/comments?post=40313"}],"version-history":[{"count":2,"href":"http:\/\/dsrmedios.com.ar\/diario\/wp-json\/wp\/v2\/posts\/40313\/revisions"}],"predecessor-version":[{"id":40353,"href":"http:\/\/dsrmedios.com.ar\/diario\/wp-json\/wp\/v2\/posts\/40313\/revisions\/40353"}],"wp:featuredmedia":[{"embeddable":true,"href":"http:\/\/dsrmedios.com.ar\/diario\/wp-json\/wp\/v2\/media\/21232"}],"wp:attachment":[{"href":"http:\/\/dsrmedios.com.ar\/diario\/wp-json\/wp\/v2\/media?parent=40313"}],"wp:term":[{"taxonomy":"category","embeddable":true,"href":"http:\/\/dsrmedios.com.ar\/diario\/wp-json\/wp\/v2\/categories?post=40313"},{"taxonomy":"post_tag","embeddable":true,"href":"http:\/\/dsrmedios.com.ar\/diario\/wp-json\/wp\/v2\/tags?post=40313"}],"curies":[{"name":"wp","href":"https:\/\/api.w.org\/{rel}","templated":true}]}}